{"id":102667,"date":"2025-12-11T09:17:08","date_gmt":"2025-12-11T09:17:08","guid":{"rendered":"https:\/\/www.europesays.com\/se\/102667\/"},"modified":"2025-12-11T09:17:08","modified_gmt":"2025-12-11T09:17:08","slug":"agust-helgason-fick-blodproppar-i-lungorna-efter-robinson","status":"publish","type":"post","link":"https:\/\/www.europesays.com\/se\/102667\/","title":{"rendered":"Agust Helgason fick blodproppar i lungorna efter Robinson"},"content":{"rendered":"<p>Publicerad 11 dec 2025 kl 09.46<\/p>\n<p>Agust Helgason drabbades av blodproppar i lungorna n\u00e4r han kom hem fr\u00e5n \u201dRobinson\u201d. Nu tror l\u00e4karna att flyget till Sverige var orsaken.<\/p>\n<p>\u2013 Det var skitjobbigt, s\u00e4ger profilen om de tuffa h\u00e4lsoproblemen.<\/p>\n<p><img   alt=\"\"\/><\/p>\n<p>Agust Helgason.<\/p>\n<p>Foto: TV4<\/p>\n<p>\u00d6ppna bild i helsk\u00e4rm<img loading=\"lazy\"   alt=\"\"\/> <\/p>\n<p>Foto: Instagram<\/p>\n<p>\u00d6ppna bild i helsk\u00e4rm<\/p>\n<p>Agust Helgasons hemkomst fr\u00e5n \u201d<a href=\"https:\/\/www.expressen.se\/tagg\/organization\/robinson\/\" class=\"\" rel=\"nofollow noopener\" target=\"_blank\">Robinson<\/a>\u201d blev dramatiskt.<\/p>\n<p>N\u00e4r han varit hemma ett par dagar kunde han inte sova p\u00e5 grund av andningsproblem. Han fick \u00e5ka ambulans till Bor\u00e5s sjukhus.<\/p>\n<p>\u2013 N\u00e4r det kommer in en 34-\u00e5ring med blodpropp i b\u00e5da lungor blir l\u00e4karna lite oroliga, f\u00f6r det \u00e4r n\u00e5got som oftast drabbar \u00e4ldre.<\/p>\n<p>Han fick g\u00f6ra alla m\u00f6jliga tester.<\/p>\n<p>\u2013 Efter koloskopi, endoskopi och alla olika -skopier man kan g\u00f6ra kom de fram till att jag m\u00e5ste utvecklat en blodpropp av att sitta stilla p\u00e5 flyget hem. F\u00f6rmodligen f\u00f6rst i f\u00f6tterna och sedan har de kl\u00e4ttrat upp i lungorna.<\/p>\n<p>Nu har Agust \u00e4tit blodtunnande medicin i ett halv\u00e5r och propparna \u00e4r borta.<\/p>\n<p><a href=\"https:\/\/www.instagram.com\/p\/DSCrqksjNY4\/?hidecaption=true\" data-provider=\"instagram\" class=\"js-social-embed\" rel=\"nofollow noopener\" target=\"_blank\">https:\/\/www.instagram.com\/p\/DSCrqksjNY4\/?hidecaption=true<\/a><script async src=\"\/\/www.instagram.com\/embed.js\"><\/script><\/p>\n","protected":false},"excerpt":{"rendered":"Publicerad 11 dec 2025 kl 09.46 Agust Helgason drabbades av blodproppar i lungorna n\u00e4r han kom hem fr\u00e5n&hellip;\n","protected":false},"author":2,"featured_media":102668,"comment_status":"","ping_status":"","sticky":false,"template":"","format":"standard","meta":{"footnotes":""},"categories":[67],"tags":[104,3114,34,31,33,32,30,646,105],"class_list":{"0":"post-102667","1":"post","2":"type-post","3":"status-publish","4":"format-standard","5":"has-post-thumbnail","7":"category-underhallning","8":"tag-entertainment","9":"tag-organization-robinson","10":"tag-se","11":"tag-svenska","12":"tag-sverige","13":"tag-sweden","14":"tag-swedish","15":"tag-topic-tv-serier","16":"tag-underhallning"},"share_on_mastodon":{"url":"https:\/\/pubeurope.com\/@se\/115700186797284359","error":""},"_links":{"self":[{"href":"https:\/\/www.europesays.com\/se\/wp-json\/wp\/v2\/posts\/102667","targetHints":{"allow":["GET"]}}],"collection":[{"href":"https:\/\/www.europesays.com\/se\/wp-json\/wp\/v2\/posts"}],"about":[{"href":"https:\/\/www.europesays.com\/se\/wp-json\/wp\/v2\/types\/post"}],"author":[{"embeddable":true,"href":"https:\/\/www.europesays.com\/se\/wp-json\/wp\/v2\/users\/2"}],"replies":[{"embeddable":true,"href":"https:\/\/www.europesays.com\/se\/wp-json\/wp\/v2\/comments?post=102667"}],"version-history":[{"count":0,"href":"https:\/\/www.europesays.com\/se\/wp-json\/wp\/v2\/posts\/102667\/revisions"}],"wp:featuredmedia":[{"embeddable":true,"href":"https:\/\/www.europesays.com\/se\/wp-json\/wp\/v2\/media\/102668"}],"wp:attachment":[{"href":"https:\/\/www.europesays.com\/se\/wp-json\/wp\/v2\/media?parent=102667"}],"wp:term":[{"taxonomy":"category","embeddable":true,"href":"https:\/\/www.europesays.com\/se\/wp-json\/wp\/v2\/categories?post=102667"},{"taxonomy":"post_tag","embeddable":true,"href":"https:\/\/www.europesays.com\/se\/wp-json\/wp\/v2\/tags?post=102667"}],"curies":[{"name":"wp","href":"https:\/\/api.w.org\/{rel}","templated":true}]}}