{"id":102669,"date":"2025-12-11T09:18:12","date_gmt":"2025-12-11T09:18:12","guid":{"rendered":"https:\/\/www.europesays.com\/se\/102669\/"},"modified":"2025-12-11T09:18:12","modified_gmt":"2025-12-11T09:18:12","slug":"gymnasieskola-aterstartar-grafisk-utbildning","status":"publish","type":"post","link":"https:\/\/www.europesays.com\/se\/102669\/","title":{"rendered":"Gymnasieskola \u00e5terstartar grafisk utbildning"},"content":{"rendered":"<p>\t\t\t\t\t<img fetchpriority=\"high\" decoding=\"async\" class=\"wp-image-244469 size-full\" src=\"https:\/\/www.europesays.com\/se\/wp-content\/uploads\/2025\/12\/sg-broby.jpg\" alt=\"\" width=\"1600\" height=\"1067\"  \/>Bild fr\u00e5n reklamfilm f\u00f6r utbildningen p\u00e5 SG\/Broby<\/p>\n<p><strong>Gymnasieskolan SG\/Broby har beviljats riksintag p\u00e5 utbildningen Grafisk produktion.<\/strong><\/p>\n<p>SG\/Broby i V\u00e4rml\u00e4ndska Sunne har haft utbildningen tidigare men h\u00f6sten 2025 startade inga nya ettor.\u00a0 \u00c5terstarten sker i augusti 2026 och fyra \u00e5r fram\u00e5t. I Sunne ligger ocks\u00e5 YH-utbildningen Grafisk formgivare\/tekniker p\u00e5 Brobygrafiska.<\/p>\n<p>Idag finns utbildning i grafisk produktion p\u00e5 gymnasieniv\u00e5 endast p\u00e5 Viskastrandsgymnasiet i Bor\u00e5s.<\/p>\n","protected":false},"excerpt":{"rendered":"Bild fr\u00e5n reklamfilm f\u00f6r utbildningen p\u00e5 SG\/Broby Gymnasieskolan SG\/Broby har beviljats riksintag p\u00e5 utbildningen Grafisk produktion. SG\/Broby i&hellip;\n","protected":false},"author":2,"featured_media":102670,"comment_status":"","ping_status":"","sticky":false,"template":"","format":"standard","meta":{"footnotes":""},"categories":[66],"tags":[80,78,79,34,11674,31,33,32,30,81,84,83,82],"class_list":{"0":"post-102669","1":"post","2":"type-post","3":"status-publish","4":"format-standard","5":"has-post-thumbnail","7":"category-vetenskap-och-teknik","8":"tag-science","9":"tag-science-and-technology","10":"tag-scienceandtechnology","11":"tag-se","12":"tag-sg-broby","13":"tag-svenska","14":"tag-sverige","15":"tag-sweden","16":"tag-swedish","17":"tag-technology","18":"tag-teknik","19":"tag-vetenskap","20":"tag-vetenskapteknik"},"share_on_mastodon":{"url":"https:\/\/pubeurope.com\/@se\/115700190888452983","error":""},"_links":{"self":[{"href":"https:\/\/www.europesays.com\/se\/wp-json\/wp\/v2\/posts\/102669","targetHints":{"allow":["GET"]}}],"collection":[{"href":"https:\/\/www.europesays.com\/se\/wp-json\/wp\/v2\/posts"}],"about":[{"href":"https:\/\/www.europesays.com\/se\/wp-json\/wp\/v2\/types\/post"}],"author":[{"embeddable":true,"href":"https:\/\/www.europesays.com\/se\/wp-json\/wp\/v2\/users\/2"}],"replies":[{"embeddable":true,"href":"https:\/\/www.europesays.com\/se\/wp-json\/wp\/v2\/comments?post=102669"}],"version-history":[{"count":0,"href":"https:\/\/www.europesays.com\/se\/wp-json\/wp\/v2\/posts\/102669\/revisions"}],"wp:featuredmedia":[{"embeddable":true,"href":"https:\/\/www.europesays.com\/se\/wp-json\/wp\/v2\/media\/102670"}],"wp:attachment":[{"href":"https:\/\/www.europesays.com\/se\/wp-json\/wp\/v2\/media?parent=102669"}],"wp:term":[{"taxonomy":"category","embeddable":true,"href":"https:\/\/www.europesays.com\/se\/wp-json\/wp\/v2\/categories?post=102669"},{"taxonomy":"post_tag","embeddable":true,"href":"https:\/\/www.europesays.com\/se\/wp-json\/wp\/v2\/tags?post=102669"}],"curies":[{"name":"wp","href":"https:\/\/api.w.org\/{rel}","templated":true}]}}