{"id":102674,"date":"2025-12-11T09:23:09","date_gmt":"2025-12-11T09:23:09","guid":{"rendered":"https:\/\/www.europesays.com\/se\/102674\/"},"modified":"2025-12-11T09:23:09","modified_gmt":"2025-12-11T09:23:09","slug":"gor-rsv-vaccination-till-en-sjalvklar-del-av-sveriges-vaccinationsarbete","status":"publish","type":"post","link":"https:\/\/www.europesays.com\/se\/102674\/","title":{"rendered":"G\u00f6r RSV-vaccination till en sj\u00e4lvklar del av Sveriges vaccinationsarbete"},"content":{"rendered":"<p>Sm\u00e5barnsf\u00f6r\u00e4ldrar k\u00e4nner till riskerna med RS-virus (RSV), men f\u00e5 \u00e4ldre inser att \u00e4ven de l\u00f6per h\u00f6g risk f\u00f6r allvarlig RSV-infektion och d\u00e4rf\u00f6r b\u00f6r vaccinera sig.<\/p>\n<p>Sedan drygt tv\u00e5 \u00e5r tillbaka finns det vaccin mot RSV och <a href=\"https:\/\/www.folkhalsomyndigheten.se\/smittskydd-beredskap\/vaccinationer\/vaccinationer-i-sverige\/vaccin-mot-rs-virus\/\" target=\"_blank\" rel=\"noopener nofollow\">Folkh\u00e4lsomyndigheten rekommenderar<\/a> sedan h\u00f6sten 2023 personer \u00f6ver 75 \u00e5r samt riskgrupper i \u00e5lder 60\u201374 \u00e5r att vaccinera sig.<\/p>\n<p>En allvarlig risk f\u00f6r \u00e4ldre<\/p>\n<p>Liksom influensa, pneumokocker och covid-19 utg\u00f6r RSV en s\u00e4rskild risk f\u00f6r \u00e4ldre och medicinska riskgrupper.<\/p>\n<p>RSV kan ge alltifr\u00e5n en lindrig f\u00f6rkylning till allvarlig lunginflammation samt \u00e4ven f\u00f6rv\u00e4rra underliggande sjukdomstillst\u00e5nd som exempelvis kroniskt obstruktiv lungsjukdom, astma och hj\u00e4rtsvikt.<\/p>\n<p>Risk f\u00f6r sjukhusv\u00e5rd vid RSV-infektion \u00f6kar med stigande \u00e5lder och bland \u00e4ldre personer \u00e4r risken f\u00f6r sjukhusv\u00e5rd lika stor som vid influensa.<\/p>\n<p>Trots det visar en <a href=\"https:\/\/www.mynewsdesk.com\/se\/pfizer\/pressreleases\/ipsos-undersoekning-visar-stor-kunskapsbrist-bland-aeldre-och-riskgrupper-infoer-hoestens-luftvaegsvaccinationer-3410202\" target=\"_blank\" rel=\"noopener nofollow\">ny IPSOS-unders\u00f6kning<\/a> som Pfizer genomf\u00f6rt att endast 3 procent av befolkningen \u00f6ver 60 \u00e5r har vaccinerat sig mot RSV det senaste \u00e5ret.<\/p>\n<p>RSV-s\u00e4songen st\u00e5r f\u00f6r d\u00f6rren\u00a0<\/p>\n<p>Sedan Folkh\u00e4lsomyndighetens medicinska rekommendation<a href=\"https:\/\/www.folkhalsomyndigheten.se\/smittskydd-beredskap\/vaccinationer\/vaccinationer-i-sverige\/vaccin-mot-rs-virus\/\" target=\"_blank\" rel=\"noopener nofollow\"> om RSV-vaccination 2023 till \u00e4ldre och riskgrupper har inget beslut om inf\u00f6rande av vaccination tagits och den som vill vaccinera sig mot RSV beh\u00f6ver \u00e4n s\u00e5 l\u00e4nge sj\u00e4lv betala f\u00f6r sin vaccination.<\/p>\n<blockquote class=\"quote right\"><p>&#13;<\/p>\n<p>Trots denna samsyn lyser RSV-vaccinationer och vaccinationsprogram f\u00f6r \u00e4ldre \u00e4nnu med sin fr\u00e5nvaro<\/p>\n<p>&#13;<br \/>\n  <b\/>&#13;\n<\/p><\/blockquote>\n<p>RSV-s\u00e4songen st\u00e5r f\u00f6r d\u00f6rren och nu m\u00e5ste de i st\u00f6rst behov av skydd mot RSV erbjudas vaccination.<\/p>\n<p>I dag finns det en v\u00e4xande politisk samsyn om att Sverige beh\u00f6ver ett sammanh\u00e5llet vaccinationsprogram f\u00f6r \u00e4ldre, men trots denna samsyn lyser RSV-vaccinationer och vaccinationsprogram f\u00f6r \u00e4ldre \u00e4nnu med sin fr\u00e5nvaro.<\/p>\n<p>Skottland visar v\u00e4gen<\/p>\n<p>I Skottland visar en <a href=\"https:\/\/www.publichealthscotland.scot\/news\/2025\/february\/launch-of-new-rsv-vaccine-results-in-encouraging-reduction-in-hospitalisations\/\" target=\"_blank\" rel=\"noopener nofollow\">nyligen publicerad analys<\/a> att ett RSV-vaccinationsprogram f\u00f6r personer mellan 75 och 79 \u00e5r, n\u00e5dde 68 procents t\u00e4ckning redan efter tre m\u00e5nader.<\/p>\n<p>Resultaten, d\u00e4r 62 procents minskning av RSV-relaterade sjukhusinl\u00e4ggningar observerades, pekar p\u00e5 tydlig nytta f\u00f6r b\u00e5de \u00e4ldre och samh\u00e4llet.<\/p>\n<p>I Sverige har vi goda erfarenheter av att skydda v\u00e5ra \u00e4ldre mot influensa, covid-19 och pneumokocker. Genom ett vaccinationsprogram f\u00f6r \u00e4ldre, d\u00e4r \u00e4ven RSV-vaccination finns inkluderat, kunde vi ytterligare f\u00f6rb\u00e4ttra f\u00f6ruts\u00e4ttningarna f\u00f6r \u00e4ldres h\u00e4lsa, minska risken f\u00f6r sv\u00e5r sjukdom och avlasta h\u00e4lso- och sjukv\u00e5rden.<\/p>\n<p>St\u00e4rkt skyddet f\u00f6r \u00e4ldre och riskgrupper<\/p>\n<p>F\u00f6r att kunna uppn\u00e5 en j\u00e4mlik h\u00e4lso- och sjukv\u00e5rd beh\u00f6ver vi \u00e4ven m\u00e4ta v\u00e5ra insatser och samla in r\u00e4tt data. Ett helt\u00e4ckande vaccinationsregister skulle st\u00e4rka j\u00e4mlikheten, f\u00f6renkla f\u00f6r individen och ge v\u00e5rden b\u00e4ttre underlag f\u00f6r att erbjuda vaccination till personer som saknar skydd.<\/p>\n<p>V\u00e5r uppmaning \u00e4r d\u00e4rf\u00f6r:\u00a0<\/p>\n<ul>\n<li>Nu beh\u00f6ver beslut tas om att inf\u00f6ra RSV-vaccination p\u00e5 ett bredare plan. I likhet med sm\u00e5 barn kan \u00e4ven \u00e4ldre och andra riskgrupper drabbas av allvarlig RSV-sjukdom. RSV-s\u00e4songen st\u00e5r f\u00f6r d\u00f6rren och f\u00f6rdr\u00f6jning riskerar att kosta liv och resurser.<\/li>\n<li>Kom till skott med vaccinationsprogram f\u00f6r \u00e4ldre och riskgrupper och g\u00f6r RSV-vaccination till en sj\u00e4lvklar del av Sveriges vaccinationsarbete, i likhet med vaccination mot influensa, covid-19 och pneumokocker.<\/li>\n<li>Inf\u00f6r ett helt\u00e4ckande vaccinationsregister\u00a0f\u00f6r att m\u00f6jligg\u00f6ra att alla vaccinationer f\u00f6ljs upp och att oskyddade kan erbjudas vaccination.<\/li>\n<\/ul>\n<p>Det \u00e4r dags att vi tar ett gemensamt ansvar f\u00f6r s\u00e5rbara \u00e4ldre. Genom att inf\u00f6ra en strukturerad satsning p\u00e5 vaccination av \u00e4ldre och medicinska riskgrupper, d\u00e4r RSV-vaccination ing\u00e5r som en sj\u00e4lvklar del, kan vi st\u00e4rka h\u00e4lsan hos dem som enligt Folkh\u00e4lsomyndighetens bed\u00f6mning riskerar att drabbas av allvarlig RSV-sjukdom.<\/p>\n","protected":false},"excerpt":{"rendered":"Sm\u00e5barnsf\u00f6r\u00e4ldrar k\u00e4nner till riskerna med RS-virus (RSV), men f\u00e5 \u00e4ldre inser att \u00e4ven de l\u00f6per h\u00f6g risk f\u00f6r&hellip;\n","protected":false},"author":2,"featured_media":102675,"comment_status":"","ping_status":"","sticky":false,"template":"","format":"standard","meta":{"footnotes":""},"categories":[69],"tags":[113,112,34,31,33,32,30],"class_list":{"0":"post-102674","1":"post","2":"type-post","3":"status-publish","4":"format-standard","5":"has-post-thumbnail","7":"category-halsa","8":"tag-halsa","9":"tag-health","10":"tag-se","11":"tag-svenska","12":"tag-sverige","13":"tag-sweden","14":"tag-swedish"},"share_on_mastodon":{"url":"https:\/\/pubeurope.com\/@se\/115700210263764180","error":""},"_links":{"self":[{"href":"https:\/\/www.europesays.com\/se\/wp-json\/wp\/v2\/posts\/102674","targetHints":{"allow":["GET"]}}],"collection":[{"href":"https:\/\/www.europesays.com\/se\/wp-json\/wp\/v2\/posts"}],"about":[{"href":"https:\/\/www.europesays.com\/se\/wp-json\/wp\/v2\/types\/post"}],"author":[{"embeddable":true,"href":"https:\/\/www.europesays.com\/se\/wp-json\/wp\/v2\/users\/2"}],"replies":[{"embeddable":true,"href":"https:\/\/www.europesays.com\/se\/wp-json\/wp\/v2\/comments?post=102674"}],"version-history":[{"count":0,"href":"https:\/\/www.europesays.com\/se\/wp-json\/wp\/v2\/posts\/102674\/revisions"}],"wp:featuredmedia":[{"embeddable":true,"href":"https:\/\/www.europesays.com\/se\/wp-json\/wp\/v2\/media\/102675"}],"wp:attachment":[{"href":"https:\/\/www.europesays.com\/se\/wp-json\/wp\/v2\/media?parent=102674"}],"wp:term":[{"taxonomy":"category","embeddable":true,"href":"https:\/\/www.europesays.com\/se\/wp-json\/wp\/v2\/categories?post=102674"},{"taxonomy":"post_tag","embeddable":true,"href":"https:\/\/www.europesays.com\/se\/wp-json\/wp\/v2\/tags?post=102674"}],"curies":[{"name":"wp","href":"https:\/\/api.w.org\/{rel}","templated":true}]}}