{"id":102682,"date":"2025-12-11T09:31:07","date_gmt":"2025-12-11T09:31:07","guid":{"rendered":"https:\/\/www.europesays.com\/se\/102682\/"},"modified":"2025-12-11T09:31:07","modified_gmt":"2025-12-11T09:31:07","slug":"just-nu-stora-risken-med-muterade-influensan","status":"publish","type":"post","link":"https:\/\/www.europesays.com\/se\/102682\/","title":{"rendered":"JUST NU: Stora risken med muterade influensan"},"content":{"rendered":"<p>Skattesm\u00e4ll v\u00e4ntar 200 000 svenskar n\u00e4sta \u00e5r<\/p>\n<p><strong>En m\u00e4ngd svenskar riskerar en tydlig skatteh\u00f6jning fr\u00e5n 2026.<\/strong><\/p>\n<p>N\u00e4r reglerna f\u00f6r investeringssparkonto g\u00f6rs om 2026 v\u00e4ntar b\u00e5de skattel\u00e4ttnader och en betydande skatteh\u00f6jning.<\/p>\n<p>Runt 200 000 svenskar riskerar att hamna p\u00e5 fel sida gr\u00e4nsen och kan v\u00e4nta sig en skattesm\u00e4ll.<\/p>\n<p><strong>Dyrt ovanf\u00f6r gr\u00e4nsen<\/strong><\/p>\n<p>Fr\u00e5n och med 2026 f\u00f6rdubblas det skattefria sparandet p\u00e5 ISK och kapitalf\u00f6rs\u00e4kring till 300 000 kronor, samtidigt som schablonskatten h\u00f6js till 1,065 procent efter att statsl\u00e5ner\u00e4ntan skenat upp till 2,55 procent.<\/p>\n<p>Det inneb\u00e4r att skatten stiger fr\u00e5n 890 kronor till 1 065 kronor per 100 000 kronor, en \u00f6kning med 175 kronor.<\/p>\n<p>F\u00f6r alla som ligger under 300 000 kronor blir skatten d\u00e4remot noll.<\/p>\n<p>\u2013 Skatten p\u00e5 ISK stiger n\u00e4sta \u00e5r, men samtidigt blir ett st\u00f6rre sparbelopp helt skattefritt. Det g\u00f6r att m\u00e5nga faktiskt f\u00e5r l\u00e4gre skatt, trots h\u00f6jningen av schablonr\u00e4ntan, uppger Nordnet i en analys av f\u00f6r\u00e4ndringen.<\/p>\n<p>Det skattefria utrymmet g\u00e4ller per person och omfattar hela sparandet i b\u00e5de ISK och kapitalf\u00f6rs\u00e4kring.<\/p>\n<p>Men effekten sl\u00e5r mycket olika beroende p\u00e5 kapitalniv\u00e5.<\/p>\n<p>\u2013 F\u00f6r st\u00f6rre kapital inneb\u00e4r det en tydlig skatte\u00f6kning inf\u00f6r n\u00e4sta \u00e5r, meddelar Nordnet.<\/p>\n<p>L\u00c4S MER: <a href=\"https:\/\/ekonomibladet.se\/transportstyrelsen-uppmanar-bilister-och-fotgangare-galler-en-manad-framat\/\" rel=\"nofollow noopener\" target=\"_blank\">Transportstyrelsen uppmanar bilister och fotg\u00e4ngare \u2013 g\u00e4ller en m\u00e5nad fram\u00e5t<\/a><\/p>\n<p><strong>Stora kapital straffas<\/strong><\/p>\n<p>Enligt L\u00e4nsf\u00f6rs\u00e4kringars ber\u00e4kningar landar brytpunkten d\u00e4r skatten blir of\u00f6r\u00e4ndrad j\u00e4mf\u00f6rt med 2025 p\u00e5 strax \u00f6ver en miljon kronor i sparande.<\/p>\n<p>Under detta belopp minskar skatten, \u00f6ver det stiger den.<\/p>\n<p>F\u00f6r dem som har stora kapital \u2013 en miljon kronor och mer \u2013 blir \u00f6kningen tydlig.<\/p>\n<p>\u2013 N\u00e4r det kommer till att ha en miljon p\u00e5 ett investeringssparkonto (ISK), s\u00e5 \u00e4r det omkring 200 000 svenskar som har det. Enligt Finansliv hade ungef\u00e4r 9 400 personer 10 miljoner kronor eller mer p\u00e5 sina sparkonton, uppger Zmarta.<\/p>\n<p>Det \u00e4r just dessa som riskerar en m\u00e4rkbar skattesm\u00e4ll n\u00e4r de nya reglerna tr\u00e4der i kraft.<\/p>\n<p>\u2013 Brytgr\u00e4nsen d\u00e4r skatten blir of\u00f6r\u00e4ndrad ligger strax \u00f6ver en miljon kronor. F\u00f6r kapital \u00f6ver den niv\u00e5n stiger skatten, och f\u00f6r l\u00e4gre kapital sjunker den tack vare det h\u00f6jda grundavdraget, konstaterar L\u00e4nsf\u00f6rs\u00e4kringar i sina kalkyler.<\/p>\n<p>L\u00c4S MER: <a href=\"https:\/\/ekonomibladet.se\/rusta-overraskar-pangbesked-fran-lagpriskedjan\/\" rel=\"nofollow noopener\" target=\"_blank\">Rusta \u00f6verraskar \u2013 pangbesked fr\u00e5n l\u00e5gpriskedjan<\/a><\/p>\n<p>Foto: Skatteverket<\/p>\n<p>Text: Redaktionen<\/p>\n","protected":false},"excerpt":{"rendered":"Skattesm\u00e4ll v\u00e4ntar 200 000 svenskar n\u00e4sta \u00e5r En m\u00e4ngd svenskar riskerar en tydlig skatteh\u00f6jning fr\u00e5n 2026. N\u00e4r reglerna&hellip;\n","protected":false},"author":2,"featured_media":102683,"comment_status":"","ping_status":"","sticky":false,"template":"","format":"standard","meta":{"footnotes":""},"categories":[69],"tags":[113,112,34,31,33,32,30],"class_list":{"0":"post-102682","1":"post","2":"type-post","3":"status-publish","4":"format-standard","5":"has-post-thumbnail","7":"category-halsa","8":"tag-halsa","9":"tag-health","10":"tag-se","11":"tag-svenska","12":"tag-sverige","13":"tag-sweden","14":"tag-swedish"},"share_on_mastodon":{"url":"https:\/\/pubeurope.com\/@se\/115700241869456501","error":""},"_links":{"self":[{"href":"https:\/\/www.europesays.com\/se\/wp-json\/wp\/v2\/posts\/102682","targetHints":{"allow":["GET"]}}],"collection":[{"href":"https:\/\/www.europesays.com\/se\/wp-json\/wp\/v2\/posts"}],"about":[{"href":"https:\/\/www.europesays.com\/se\/wp-json\/wp\/v2\/types\/post"}],"author":[{"embeddable":true,"href":"https:\/\/www.europesays.com\/se\/wp-json\/wp\/v2\/users\/2"}],"replies":[{"embeddable":true,"href":"https:\/\/www.europesays.com\/se\/wp-json\/wp\/v2\/comments?post=102682"}],"version-history":[{"count":0,"href":"https:\/\/www.europesays.com\/se\/wp-json\/wp\/v2\/posts\/102682\/revisions"}],"wp:featuredmedia":[{"embeddable":true,"href":"https:\/\/www.europesays.com\/se\/wp-json\/wp\/v2\/media\/102683"}],"wp:attachment":[{"href":"https:\/\/www.europesays.com\/se\/wp-json\/wp\/v2\/media?parent=102682"}],"wp:term":[{"taxonomy":"category","embeddable":true,"href":"https:\/\/www.europesays.com\/se\/wp-json\/wp\/v2\/categories?post=102682"},{"taxonomy":"post_tag","embeddable":true,"href":"https:\/\/www.europesays.com\/se\/wp-json\/wp\/v2\/tags?post=102682"}],"curies":[{"name":"wp","href":"https:\/\/api.w.org\/{rel}","templated":true}]}}