{"id":102684,"date":"2025-12-11T09:32:07","date_gmt":"2025-12-11T09:32:07","guid":{"rendered":"https:\/\/www.europesays.com\/se\/102684\/"},"modified":"2025-12-11T09:32:07","modified_gmt":"2025-12-11T09:32:07","slug":"maria-tornqvist-utreds-efter-video-med-piskljud-trav","status":"publish","type":"post","link":"https:\/\/www.europesays.com\/se\/102684\/","title":{"rendered":"Maria T\u00f6rnqvist utreds efter video med piskljud | Trav"},"content":{"rendered":"<p>Publicerad 11 dec 2025 kl 09.30Uppdaterad kl 10.20<\/p>\n<p>Svensk travsport har startat en utredning efter ett uppm\u00e4rksammat videoklipp d\u00e4r en h\u00e4st verkar bli slagen med flera piskrapp.<\/p>\n<p>Nu tr\u00e4der travtr\u00e4naren Maria T\u00f6rnqvist fram i <a href=\"https:\/\/www.travronden.se\/travsport\/halsa\/hastvalfard\/a\/maria-tornqvist-trader-fram-efter-video-med-piskrapp\" rel=\"nofollow noopener\" target=\"_blank\">Travronden<\/a>.<\/p>\n<p>\u2013 Jag f\u00f6rst\u00e5r att det upplevs illa och jag f\u00f6rst\u00e5r hur folk reagerar, s\u00e4ger hon till tidningen.<\/p>\n<p><img   alt=\"\"\/><\/p>\n<p>Maria T\u00f6rnqvist.<\/p>\n<p>Foto: MALIN ALBINSSON \/ TR BILD \/ TR Media \/ Malin Albinsson<\/p>\n<p>\u00d6ppna bild i helsk\u00e4rm<img loading=\"lazy\"   alt=\"\"\/><\/p>\n<p>En video uppges visa piskrapp mot en h\u00e4st och utreds nu.<\/p>\n<p>\u00d6ppna bild i helsk\u00e4rm<\/p>\n<p>P\u00e5 onsdagen meddelade Svensk Travsport att de inlett ett \u00e4rende f\u00f6r att utreda en video d\u00e4r en travh\u00e4st uppges bli slagen med piskrapp i tr\u00e4ning.<\/p>\n<p>Filmen fick stor uppm\u00e4rksamhet i en Facebook-grupp p\u00e5 tisdagen.<\/p>\n<p>\u201dSvensk Travsport har tagit del av filmen och arbetar med \u00e4rendet f\u00f6r att utreda h\u00e4ndelsen. Samtal f\u00f6rs nu med ber\u00f6rda parter och d\u00e4refter kan beslut tas hur \u00e4rendet hanteras vidare\u201d, skriver Svensk Travsport p\u00e5 sin <a href=\"https:\/\/www.travsport.se\/arkiv\/nyheter\/2025\/december\/med-anledning-av-den-film-som-spridits\/\" rel=\"nofollow noopener\" target=\"_blank\">hemsida<\/a>.<\/p>\n<p>F\u00f6r Expressen ber\u00e4ttar Mattias Falkb\u00e5ge, avdelningschef f\u00f6r antidoping och h\u00e4stv\u00e4lf\u00e4rd hos Svensk Travsport, om beslutet.<\/p>\n<p>\u2013 Jag vill inte uttala mig om videon i det h\u00e4r l\u00e4get. Det f\u00e5r bli en samlad bild ihop med de samtal vi har haft s\u00e5 f\u00e5r man l\u00e4gga en helhetsbild senare, s\u00e4ger han.<\/p>\n<p>I videon h\u00f6rs piskrappsliknande ljud sl\u00e5s mot en stillst\u00e5ende h\u00e4st. Videon \u00e4r grynig och tagen i v\u00e5ras.<\/p>\n<p>\u2013 Det vi g\u00f6r nu \u00e4r att vi pratar med alla ber\u00f6rda personer och granskar och tittar p\u00e5 videon, d\u00e5 kommer vi att landa i n\u00e5gon form av bild av det hela. Utifr\u00e5n det s\u00e5 f\u00e5r vi ta de besluten som beh\u00f6ver tas, s\u00e4ger Mattias Falkb\u00e5ge.<\/p>\n<p>\u2013 Det \u00e4r sv\u00e5rt att s\u00e4ga n\u00e4r vi \u00e4r klara med det, men det viktiga \u00e4r att allt kommer fram s\u00e5 vi kan sammanst\u00e4lla s\u00e5 mycket underlag som m\u00f6jligt inf\u00f6r beslut om en forts\u00e4ttning.\u00a0<\/p>\n<p>Svaret: \u201dF\u00f6rst\u00e5r att det upplevs illa\u201d<\/p>\n<p>Nu v\u00e4ljer den meriterade travtr\u00e4naren Maria T\u00f6rnqvist att tr\u00e4da fram i branschtidningen <a href=\"https:\/\/www.travronden.se\/travsport\/halsa\/hastvalfard\/a\/maria-tornqvist-trader-fram-efter-video-med-piskrapp\" rel=\"nofollow noopener\" target=\"_blank\">Travronden<\/a> och uttala sig om videon.\u00a0<\/p>\n<p>\u2013 Jag f\u00f6rst\u00e5r att det upplevs illa och jag f\u00f6rst\u00e5r hur folk reagerar. Det hade jag ocks\u00e5 gjort. Men det \u00e4r framf\u00f6r allt f\u00f6r att undvika en olycka och situationen \u00e4r extremt olycklig. Det \u00e4r en h\u00e4st vi k\u00f6r f\u00f6r f\u00f6rsta eller andra g\u00e5ngen hos oss och den blir skr\u00e4md, s\u00e4ger hon.<\/p>\n<p>T\u00f6rnqvist ber\u00e4ttar att en liten hund kom springandes och skr\u00e4mde en os\u00e4ker h\u00e4st som hennes sambo Dwight Pieters k\u00f6rde. Hon medger att hon och Dwight Pieters \u201dsl\u00e5r lite p\u00e5 skalmen\u201d p\u00e5 h\u00e4sten, i syfte att undvika en olycka.<\/p>\n<p>\u2013 Vi borde ha k\u00f6rt h\u00e4sten p\u00e5 banan helt enkelt eftersom den \u00e4r s\u00e5 nervig och d\u00e5 kanske vi hade kunnat undvika situationer som med hunden. Det \u00e4r l\u00e4tt att vara efterklok.<\/p>\n<p>T\u00f6rnqvist har gjort succ\u00e9 de senaste \u00e5ren och \u00e4r Sveriges tionde mest framg\u00e5ngsrika tr\u00e4nare under 2025. Med sina 95 segrar har hennes stall sprungit in \u00f6ver 14 miljoner kronor. Nu v\u00e4lkomnar hon utredningen av Svensk travsport (ST).<\/p>\n<p>\u2013 Jag \u00e4r s\u00e5 tacksam att ST g\u00f6r sin utredning och jag h\u00e5ller mig vid det. De har varit h\u00e4r och kollat g\u00e5rden och gjort sin grej, s\u00e4ger hon till Travronden.<\/p>\n<p>Expressen har s\u00f6kt Maria T\u00f6rnqvist och Dwight Pieters.<\/p>\n","protected":false},"excerpt":{"rendered":"Publicerad 11 dec 2025 kl 09.30Uppdaterad kl 10.20 Svensk travsport har startat en utredning efter ett uppm\u00e4rksammat videoklipp&hellip;\n","protected":false},"author":2,"featured_media":102685,"comment_status":"","ping_status":"","sticky":false,"template":"","format":"standard","meta":{"footnotes":""},"categories":[68],"tags":[34,1033,111,110,31,33,32,30],"class_list":{"0":"post-102684","1":"post","2":"type-post","3":"status-publish","4":"format-standard","5":"has-post-thumbnail","7":"category-sport","8":"tag-se","9":"tag-sections-trav","10":"tag-sport","11":"tag-sports","12":"tag-svenska","13":"tag-sverige","14":"tag-sweden","15":"tag-swedish"},"share_on_mastodon":{"url":"https:\/\/pubeurope.com\/@se\/115700245751100996","error":""},"_links":{"self":[{"href":"https:\/\/www.europesays.com\/se\/wp-json\/wp\/v2\/posts\/102684","targetHints":{"allow":["GET"]}}],"collection":[{"href":"https:\/\/www.europesays.com\/se\/wp-json\/wp\/v2\/posts"}],"about":[{"href":"https:\/\/www.europesays.com\/se\/wp-json\/wp\/v2\/types\/post"}],"author":[{"embeddable":true,"href":"https:\/\/www.europesays.com\/se\/wp-json\/wp\/v2\/users\/2"}],"replies":[{"embeddable":true,"href":"https:\/\/www.europesays.com\/se\/wp-json\/wp\/v2\/comments?post=102684"}],"version-history":[{"count":0,"href":"https:\/\/www.europesays.com\/se\/wp-json\/wp\/v2\/posts\/102684\/revisions"}],"wp:featuredmedia":[{"embeddable":true,"href":"https:\/\/www.europesays.com\/se\/wp-json\/wp\/v2\/media\/102685"}],"wp:attachment":[{"href":"https:\/\/www.europesays.com\/se\/wp-json\/wp\/v2\/media?parent=102684"}],"wp:term":[{"taxonomy":"category","embeddable":true,"href":"https:\/\/www.europesays.com\/se\/wp-json\/wp\/v2\/categories?post=102684"},{"taxonomy":"post_tag","embeddable":true,"href":"https:\/\/www.europesays.com\/se\/wp-json\/wp\/v2\/tags?post=102684"}],"curies":[{"name":"wp","href":"https:\/\/api.w.org\/{rel}","templated":true}]}}