{"id":102692,"date":"2025-12-11T09:41:16","date_gmt":"2025-12-11T09:41:16","guid":{"rendered":"https:\/\/www.europesays.com\/se\/102692\/"},"modified":"2025-12-11T09:41:16","modified_gmt":"2025-12-11T09:41:16","slug":"joey-tempest-fragade-om-jag-ville-folja-med-in-i-duschen-norrtelje-tidning","status":"publish","type":"post","link":"https:\/\/www.europesays.com\/se\/102692\/","title":{"rendered":"\u201dJoey Tempest fr\u00e5gade om jag ville f\u00f6lja med in i duschen\u201d \u2013 Norrtelje Tidning"},"content":{"rendered":"<p>Det \u00e4r Luciakv\u00e4ll i Norrt\u00e4lje, 1984. Publiken st\u00e5r t\u00e4tt. En tr\u00e5ng aula, ett band p\u00e5 v\u00e4g mot stj\u00e4rnorna. Minnet av kv\u00e4llen lever kvar \u2013 l\u00e5ngt innan \u201dThe Final Countdown\u201d ekade \u00f6ver v\u00e4rlden. Det h\u00e4r var kv\u00e4llen d\u00e5 Europe tog Norrt\u00e4lje med storm.<\/p>\n<p>Jag har bara fragmentariska minnen fr\u00e5n den d\u00e4r hemmafesten i F\u00e5gels\u00e5ngen, luciakv\u00e4llen 1982. Det var ett vimmel av m\u00e4nniskor, b\u00e5de inne i radhuset p\u00e5 Nyponv\u00e4gen och ute p\u00e5 gatan. <\/p>\n<p>Husen kallade vi f\u00f6r giraffstallarna, och \u00e4nnu idag kan jag inte minnas vem som egentligen bodde d\u00e4r. Det jag d\u00e4remot minns tydligt \u00e4r hur n\u00e5gra av oss samlades framf\u00f6r tv-apparaten i vardagsrummet. P\u00e5 sk\u00e4rmen rullade den direkts\u00e4nda finalen i Rock-SM fr\u00e5n restaurang Tyrol i Stockholm, och vi satt d\u00e4r, uppfyllda av f\u00f6rv\u00e4ntan. <\/p>\n<p>Band efter band tog plats p\u00e5 scenen. Vi s\u00e5g Plasma fr\u00e5n Malm\u00f6, Fort Knox fr\u00e5n Uppsala och flera andra som passerade revy i str\u00e5lkastarljuset. Men s\u00e5 klev de fram: ett g\u00e4ng l\u00e5ngh\u00e5riga ton\u00e5ringar fr\u00e5n Upplands-V\u00e4sby, med en s\u00e5ngare i t\u00e4ten som bar en fjunmustasch v\u00e4rdig nog att g\u00f6ra varenda Z\u00fcndapp KS-f\u00f6rare gr\u00f6n av avund. <\/p>\n<p aria-disabled=\"true\" class=\"ad__preamble ad-text txt-style-muted txt-ui txt-ui--strong txt-ui-2\">Annons<\/p>\n<p aria-disabled=\"true\" class=\"ad__preamble ad-text txt-style-muted txt-ui txt-ui--strong txt-ui-2\">Annons<\/p>\n<p>Det r\u00e5dde ingen tvekan om att det h\u00e4r g\u00e4nget verkligen kunde lira. Gitarristen, den d\u00e5 18-\u00e5rige John Norum, gjorde s\u00e4rskilt intryck. <\/p>\n<p>N\u00e4r programmet var slut var det solklart f\u00f6r oss d\u00e4r framf\u00f6r tv:n vilket band som fastnat h\u00e5rdast i minnet. Jag minns s\u00e4rskilt en av killarna p\u00e5 festen \u2013 han blev s\u00e5 till sig i trasorna att han rusade runt hela kv\u00e4llen och vr\u00e5lade att Europe vann! Hans eufori smittade av sig, och till och med gruffet som uppstod ute p\u00e5 gatan mellan tv\u00e5 objudna g\u00e4ng tappade pl\u00f6tsligt kraften. Det var som om \u00e4ven de stannade upp ett \u00f6gonblick, f\u00e5ngade av samma m\u00e4rkliga, elektriska st\u00e4mning.<\/p>\n<p>Den kv\u00e4llen fick den svenska rockpubliken pl\u00f6tsligt ett nytt namn att l\u00e4gga p\u00e5 minnet. P\u00e5 v\u00e5r lilla fest i F\u00e5gels\u00e5ngen anade ingen av oss vilken resa som just hade tagit fart. Vi visste inte d\u00e5 att samma band, inom tv\u00e5 \u00e5r, skulle fylla Roslagsskolans aula till bristningsgr\u00e4nsen och g\u00f6ra Norrt\u00e4lje till en del av deras v\u00e4g mot n\u00e5got st\u00f6rre.<\/p>\n<p><img decoding=\"async\" width=\"640\" height=\"432\" class=\"article-image article-image--unbound\" alt=\"Ronny Alfonsson var en av f\u00e5 som hade kamera med sig p\u00e5 konserten. Foto: Ronny Alfonsson\" src=\"https:\/\/www.europesays.com\/se\/wp-content\/uploads\/2025\/12\/b8eeb052-6909-4ddd-a5e7-a7d7d2b92a28.jpeg\"   loading=\"lazy\"\/><a class=\"article__lightbox-link\" href=\"https:\/\/static.bonniernews.se\/ba\/b8eeb052-6909-4ddd-a5e7-a7d7d2b92a28.jpeg?width=1400&amp;format=pjpg&amp;auto=avif\" data-pswp-width=\"1400\" data-pswp-height=\"945\" data-pswp-caption=\"Ronny Alfonsson var en av f\u00e5 som hade kamera med sig p\u00e5 konserten. Foto: Ronny Alfonsson\" data-pswp- rel=\"nofollow noopener\" target=\"_blank\">\u00d6ppna bild i helsk\u00e4rmsl\u00e4ge<\/a><\/p>\n<p class=\"txt-style-muted\" aria-hidden=\"true\">Ronny Alfonsson var en av f\u00e5 som hade kamera med sig p\u00e5 konserten. Foto: Ronny Alfonsson<\/p>\n<p>Luciakv\u00e4llen 1984 stod Europe p\u00e5 scen i Roslagsskolans aula. De hade anl\u00e4nt redan tidigare under dagen och tog sig tid att str\u00f6va runt i Norrt\u00e4lje, sm\u00e5prata med folk och turista som om det var den mest sj\u00e4lvklara saken i v\u00e4rlden. <\/p>\n<p>En av bes\u00f6karna den kv\u00e4llen var den d\u00e5 19-\u00e5riga Anneli Fjellstr\u00f6m och hennes starkaste minne handlade egentligen inte alls om sj\u00e4lva konserten. Hon ber\u00e4ttar: <\/p>\n<p aria-disabled=\"true\" class=\"ad__preamble ad-text txt-style-muted txt-ui txt-ui--strong txt-ui-2\">Annons<\/p>\n<p>\u201dDet starkaste minnet \u00e4r \u00e4nd\u00e5 att min b\u00e4sta v\u00e4n jobbade i kl\u00e4daff\u00e4ren Osco p\u00e5 Hantverkaregatan, som fanns d\u00e5. Jag brukade h\u00e4nga d\u00e4r p\u00e5 eftermiddagarna efter jobbet. Och s\u00e5 kom hela Europe in f\u00f6r att handla jeans och kalsonger, du kan ju t\u00e4nka dig oss, tv\u00e5 19-\u00e5riga fans \u2026\u201d <\/p>\n<p aria-disabled=\"true\" class=\"ad__preamble ad-text txt-style-muted txt-ui txt-ui--strong txt-ui-2\">Annons<\/p>\n<p>Bandet h\u00f6ll \u00e4ven en skivsignering p\u00e5 Expert vid Stora torget, och tr\u00e4ngseln var stor. Alla ville l\u00e4gga vantarna p\u00e5 ett signerat exemplar av Lp:n Wings of Tomorrow, som sl\u00e4ppts tidigare under \u00e5ret. <\/p>\n<p>En av dem som tr\u00e4ngdes i butiken den dagen var den d\u00e5 13-\u00e5rige Richard \u00c5berg. Han minns hur den lilla radio- och tv-butiken n\u00e4stan sv\u00e4mmade \u00f6ver av folk, det var varmt, tr\u00e5ngt och f\u00f6rv\u00e4ntansfullt. P\u00e5 kv\u00e4llen skulle han f\u00e5 uppleva sin allra f\u00f6rsta h\u00e5rdrockskonsert, och minnet sitter kvar \u00e4n i dag. Det var galet bra, ber\u00e4ttar han, sedan dess har Richard fortsatt f\u00f6lja bandet. <\/p>\n<p>Han har sett Europe flera g\u00e5nger genom \u00e5ren, senast p\u00e5 Sweden Rock 2023. <\/p>\n<p>Tv\u00e5 andra som b\u00e4r med sig starka minnen fr\u00e5n kv\u00e4llen \u00e4r de d\u00e5 16-\u00e5riga Catharina Erdtman och Mattias Glassel, som gick p\u00e5 konserten tillsammans. Catharina ber\u00e4ttar att Europe egentligen inte var hennes favoriter: \u201dJag lyssnade v\u00e4l pliktskyldigt p\u00e5 dem, mest f\u00f6r att min far var kusin med deras manager Thomas Erdtman.\u201d <\/p>\n<p>Att hon var sl\u00e4kt med bandets manager var dock inget hon gjorde n\u00e5gon st\u00f6rre aff\u00e4r av. \u201dJag ber\u00e4ttade s\u00e4llan sj\u00e4lv att jag var hans sl\u00e4kting men det k\u00e4ndes som att alla visste om det \u00e4nd\u00e5\u201d s\u00e4ger Catharina och forts\u00e4tter: \u201dJag minns att min pappa k\u00f6rde oss till Roslagsskolan den kv\u00e4llen. Jag gick med ena benet i gips efter en MC-olycka. N\u00e4r vi kom fram blev vi insl\u00e4ppta via sidoing\u00e5ngen och fick platser allra l\u00e4ngst fram vid scenkanten\u201d. <\/p>\n<p aria-disabled=\"true\" class=\"ad__preamble ad-text txt-style-muted txt-ui txt-ui--strong txt-ui-2\">Annons<\/p>\n<p>Hon hade inte f\u00f6rest\u00e4llt sig att publiken skulle bli s\u00e5 stor. \u201dHela aulan fylldes snabbt och det var d\u00e5 det gick upp f\u00f6r mig hur stora Europe faktiskt var.\u201d<\/p>\n<p>Och visst, det var en magisk konsert. Catharina skrattar n\u00e4r hon t\u00e4nker tillbaka p\u00e5 kv\u00e4llen, inte \u00e5t musiken, utan ocks\u00e5 \u00e5t bandets kl\u00e4dsel:<\/p>\n<p><img decoding=\"async\" width=\"640\" height=\"853\" class=\"article-image article-image--unbound\" alt=\"Catharina Erdtman med Europes debutalbum. Foto: Micke Grann\" src=\"https:\/\/www.europesays.com\/se\/wp-content\/uploads\/2025\/12\/fd5bada8-ff2b-4ff6-a8ca-c35802e6a85a.jpg\"   loading=\"lazy\"\/><a class=\"article__lightbox-link\" href=\"https:\/\/static.bonniernews.se\/ba\/fd5bada8-ff2b-4ff6-a8ca-c35802e6a85a.jpg?width=1400&amp;format=pjpg&amp;auto=avif\" data-pswp-width=\"1400\" data-pswp-height=\"1867\" data-pswp-caption=\"Catharina Erdtman med Europes debutalbum. Foto: Micke Grann\" data-pswp- rel=\"nofollow noopener\" target=\"_blank\">\u00d6ppna bild i helsk\u00e4rmsl\u00e4ge<\/a><\/p>\n<p class=\"txt-style-muted\" aria-hidden=\"true\">Catharina Erdtman med Europes debutalbum. Foto: Micke Grann<\/p>\n<p aria-disabled=\"true\" class=\"ad__preamble ad-text txt-style-muted txt-ui txt-ui--strong txt-ui-2\">Annons<\/p>\n<p>\u201dHela konserten satt vi d\u00e4r och stirrade p\u00e5 deras svart\/gr\u00e5 spandexbyxor. Alla som n\u00e5gonsin sett en kille i spandex vet vad det inneb\u00e4r och vi s\u00e5g det fr\u00e5n absolut f\u00f6rsta parkett. N\u00e4rmare \u00e4n alla andra. Det var typ det enda man s\u00e5g. Vi var nog r\u00e4tt fascinerade av just det.\u201d<\/p>\n<p>Efter konserten fick de f\u00f6lja med ner i logerna. F\u00f6r Catharina var det stort, n\u00e4stan overkligt, att pl\u00f6tsligt st\u00e5 \u00f6ga mot \u00f6ga med Europes medlemmar. <\/p>\n<p>\u201dDet k\u00e4ndes v\u00e4ldigt m\u00e4rkv\u00e4rdigt, men samtidigt lite f\u00f6rvirrande att f\u00e5 tr\u00e4ffa bandet s\u00e5 n\u00e4ra,\u201d minns hon. <\/p>\n<p>Tv\u00e5 saker etsade sig s\u00e4rskilt fast. Den ena var samtalet om den d\u00e5 nye trummisen, Ian Haugland, som snart skulle kallas in till lumpen. Paniken l\u00e5g p\u00e5 lur i bandet. Det gick ju inte f\u00f6r sig, inte nu n\u00e4r bandets framg\u00e5ngar bara gick upp\u00e5t. Hur skulle de l\u00f6sa det? Hj\u00e4rnorna b\u00f6rjade arbeta. F\u00f6rslag kastades mellan v\u00e4ggarna. Till slut kl\u00e4ckte n\u00e5gon i bandet id\u00e9n: Han kunde ju ans\u00f6ka om frisedel, p\u00e5 grund av koordinationssv\u00e5righeter! <\/p>\n<p>Catharina skrattar \u00e5t minnet \u00e4n i dag. Det andra minnet sitter minst lika tydligt kvar, och borde, enligt Catharina vara preskriberat vid det h\u00e4r laget. <\/p>\n<p>\u201dVi stod d\u00e4r i logen och f\u00f6rs\u00f6kte f\u00e5 ur oss n\u00e5got vettigt att s\u00e4ga, n\u00e4r s\u00e5ngaren Joey Tempest pl\u00f6tsligt kom fram till mig och fr\u00e5gade om jag ville f\u00f6lja med in i duschen? Jag blev helt paff, r\u00f6d i ansiktet, och fick bara fram: \u201dJag tror nog att mitt gips blir f\u00f6rst\u00f6rt d\u00e5.\u201d<\/p>\n<p aria-disabled=\"true\" class=\"ad__preamble ad-text txt-style-muted txt-ui txt-ui--strong txt-ui-2\">Annons<\/p>\n<p>D\u00e5 ingrep bandets manager, Thomas Erdtman, resolut \u201dDu, det \u00e4r min sl\u00e4kting du pratar med.\u201d Och samtalet dog t\u00e4mligen snabbt. Efter konserten gick Catharina, Mattias och en tredje v\u00e4n hem och satte sig vid en l\u00e5nad reseskrivmaskin f\u00f6r att kn\u00e5pa ihop en recension av kv\u00e4llen. <\/p>\n<p aria-disabled=\"true\" class=\"ad__preamble ad-text txt-style-muted txt-ui txt-ui--strong txt-ui-2\">Annons<\/p>\n<p>I efterhand \u00e4r det l\u00e4tt att f\u00f6rst\u00e5 varf\u00f6r luciakv\u00e4llen 1984 forts\u00e4tter att lysa s\u00e5 starkt i minnet hos s\u00e5 m\u00e5nga Norrt\u00e4ljebor. D\u00e4r, i Roslagsskolans aula, stod ett band p\u00e5 tr\u00f6skeln till n\u00e5got st\u00f6rre, men fortfarande n\u00e4ra, m\u00e4nskliga och fullt \u00e5tkomliga. <\/p>\n<p>De signerade skivor i en tr\u00e5ng butik, strosade runt p\u00e5 stan, sk\u00e4mtade i logerna och tog sig tid att m\u00f6ta publiken \u00f6ga mot \u00f6ga. Bara tv\u00e5 \u00e5r senare f\u00f6r\u00e4ndrades allt. <\/p>\n<p><img decoding=\"async\" width=\"640\" height=\"409\" class=\"article-image article-image--unbound\" alt=\"Europe nyblivna rock-SM vinnare 1982.\" src=\"https:\/\/www.europesays.com\/se\/wp-content\/uploads\/2025\/12\/ca9f9692-fe45-42a9-b4f8-e4ce225e30e4.jpg\"   loading=\"lazy\"\/><a class=\"article__lightbox-link\" href=\"https:\/\/static.bonniernews.se\/ba\/ca9f9692-fe45-42a9-b4f8-e4ce225e30e4.jpg?width=1400&amp;format=pjpg&amp;auto=avif\" data-pswp-width=\"1400\" data-pswp-height=\"894\" data-pswp-caption=\"Europe nyblivna rock-SM vinnare 1982. Bild: Pressbild\" data-pswp- rel=\"nofollow noopener\" target=\"_blank\">\u00d6ppna bild i helsk\u00e4rmsl\u00e4ge<\/a><\/p>\n<p class=\"txt-style-muted\" aria-hidden=\"true\">Europe nyblivna rock-SM vinnare 1982.<\/p>\n<p class=\"article__figcaption-attribution txt-style-muted\">Bild: Pressbild<\/p>\n<p>N\u00e4r The Final Countdown sl\u00e4pptes 1986 small det till p\u00e5 riktigt. Titelsp\u00e5ret blev en global sensation, toppade listorna i 25 l\u00e4nder och skrev in sig i rockhistorien som en av genrens mest od\u00f6dliga l\u00e5tar. Europe blev ett v\u00e4rldsnamn, men h\u00e4r i Norrt\u00e4lje minns vi dem fr\u00e5n en tid d\u00e5 scenljuset glimmade i spandex, aulan fylldes till sista stol och avst\u00e5ndet mellan band och publik bara var ett par meter. <\/p>\n<p>Och historien forts\u00e4tter skrivas. N\u00e4sta \u00e5r ger sig Europe ut p\u00e5 \u201cThe Final Countdown 40th Anniversary Tour\u201d en jubileumsturn\u00e9 genom 12 l\u00e4nder med 19 konserter under september och oktober 2026. <\/p>\n<p aria-disabled=\"true\" class=\"ad__preamble ad-text txt-style-muted txt-ui txt-ui--strong txt-ui-2\">Annons<\/p>\n<p>Minnet av den d\u00e4r luciakv\u00e4llen i Roslagsskolan ligger kvar som ett vibrerande startskott. D\u00e5, innan v\u00e4rldsturn\u00e9erna, arenorna och raketerna i \u00f6ppningsriffet var Europe fortfarande ett band p\u00e5 v\u00e4g, s\u00e5 n\u00e4ra att man kunde m\u00f6ta deras blickar och k\u00e4nna att v\u00e4rlden \u00e4nnu l\u00e5g \u00f6ppen f\u00f6r dem. Kanske \u00e4r det just d\u00e4rf\u00f6r den kv\u00e4llen lever kvar hos s\u00e5 m\u00e5nga. <\/p>\n<p>F\u00f6r innan The Final Countdown ekade \u00f6ver v\u00e4rlden, innan listettor och ber\u00f6mmelse, fanns en intim spelning i en skolaula i Norrt\u00e4lje. <\/p>\n<p>Och vi var d\u00e4r.<\/p>\n<p><img decoding=\"async\" width=\"640\" height=\"309\" class=\"article-image article-image--unbound\" alt=\"Publiken k\u00f6ar i centralhallen p\u00e5 Roslagsskolan. Foto: Norrtelje Tidning\" src=\"https:\/\/www.europesays.com\/se\/wp-content\/uploads\/2025\/12\/fa46bb0c-21d3-4238-8b10-17bfd37d194c.jpg\"   loading=\"lazy\"\/><a class=\"article__lightbox-link\" href=\"https:\/\/static.bonniernews.se\/ba\/fa46bb0c-21d3-4238-8b10-17bfd37d194c.jpg?width=1400&amp;format=pjpg&amp;auto=avif\" data-pswp-width=\"1400\" data-pswp-height=\"676\" data-pswp-caption=\"Publiken k\u00f6ar i centralhallen p\u00e5 Roslagsskolan. Foto: Norrtelje Tidning\" data-pswp- rel=\"nofollow noopener\" target=\"_blank\">\u00d6ppna bild i helsk\u00e4rmsl\u00e4ge<\/a><\/p>\n<p class=\"txt-style-muted\" aria-hidden=\"true\">Publiken k\u00f6ar i centralhallen p\u00e5 Roslagsskolan. Foto: Norrtelje Tidning<\/p>\n","protected":false},"excerpt":{"rendered":"Det \u00e4r Luciakv\u00e4ll i Norrt\u00e4lje, 1984. Publiken st\u00e5r t\u00e4tt. En tr\u00e5ng aula, ett band p\u00e5 v\u00e4g mot stj\u00e4rnorna.&hellip;\n","protected":false},"author":2,"featured_media":102693,"comment_status":"","ping_status":"","sticky":false,"template":"","format":"standard","meta":{"footnotes":""},"categories":[67],"tags":[104,34,31,33,32,30,105],"class_list":{"0":"post-102692","1":"post","2":"type-post","3":"status-publish","4":"format-standard","5":"has-post-thumbnail","7":"category-underhallning","8":"tag-entertainment","9":"tag-se","10":"tag-svenska","11":"tag-sverige","12":"tag-sweden","13":"tag-swedish","14":"tag-underhallning"},"share_on_mastodon":{"url":"https:\/\/pubeurope.com\/@se\/115700281248078492","error":""},"_links":{"self":[{"href":"https:\/\/www.europesays.com\/se\/wp-json\/wp\/v2\/posts\/102692","targetHints":{"allow":["GET"]}}],"collection":[{"href":"https:\/\/www.europesays.com\/se\/wp-json\/wp\/v2\/posts"}],"about":[{"href":"https:\/\/www.europesays.com\/se\/wp-json\/wp\/v2\/types\/post"}],"author":[{"embeddable":true,"href":"https:\/\/www.europesays.com\/se\/wp-json\/wp\/v2\/users\/2"}],"replies":[{"embeddable":true,"href":"https:\/\/www.europesays.com\/se\/wp-json\/wp\/v2\/comments?post=102692"}],"version-history":[{"count":0,"href":"https:\/\/www.europesays.com\/se\/wp-json\/wp\/v2\/posts\/102692\/revisions"}],"wp:featuredmedia":[{"embeddable":true,"href":"https:\/\/www.europesays.com\/se\/wp-json\/wp\/v2\/media\/102693"}],"wp:attachment":[{"href":"https:\/\/www.europesays.com\/se\/wp-json\/wp\/v2\/media?parent=102692"}],"wp:term":[{"taxonomy":"category","embeddable":true,"href":"https:\/\/www.europesays.com\/se\/wp-json\/wp\/v2\/categories?post=102692"},{"taxonomy":"post_tag","embeddable":true,"href":"https:\/\/www.europesays.com\/se\/wp-json\/wp\/v2\/tags?post=102692"}],"curies":[{"name":"wp","href":"https:\/\/api.w.org\/{rel}","templated":true}]}}