{"id":10270,"date":"2025-08-21T11:53:08","date_gmt":"2025-08-21T11:53:08","guid":{"rendered":"https:\/\/www.europesays.com\/se\/10270\/"},"modified":"2025-08-21T11:53:08","modified_gmt":"2025-08-21T11:53:08","slug":"malmo-ff-straffas-med-miljonboter-allsvenskan","status":"publish","type":"post","link":"https:\/\/www.europesays.com\/se\/10270\/","title":{"rendered":"Malm\u00f6 FF straffas med miljonb\u00f6ter | Allsvenskan"},"content":{"rendered":"<p>Publicerad 21 aug 2025 kl 12.27Uppdaterad kl 13.18<\/p>\n<p>Malm\u00f6 FF blev \u00f6verk\u00f6rda av FC K\u00f6penhamn i CL-kvalet.\u00a0<\/p>\n<p>Nu kommer n\u00e4sta sm\u00e4ll fr\u00e5n dubbelm\u00f6tet.<\/p>\n<p>MFF tvingas n\u00e4mligen betala omkring 1,2 miljoner i b\u00f6ter, rapporterar <a href=\"https:\/\/www.fotbollskanalen.se\/allsvenskan\/mff-tvingas-betala-miljonboter\/\" rel=\"nofollow noopener\" target=\"_blank\">Fotbollskanalen<\/a>.\u00a0<\/p>\n<p><img loading=\"lazy\"   alt=\"\"\/> <\/p>\n<p>Foto: PETTER ARVIDSON \/ BILDBYR\u00c5N<\/p>\n<p>\u00d6ppna bild i helsk\u00e4rm<img loading=\"lazy\"   alt=\"\"\/> <\/p>\n<p>Foto: PETTER ARVIDSON \/ BILDBYR\u00c5N<\/p>\n<p>\u00d6ppna bild i helsk\u00e4rm<\/p>\n<p>F\u00f6rst \u00e5kte <a href=\"https:\/\/www.expressen.se\/tagg\/organization\/malmo-ff\/\" class=\"\" rel=\"nofollow noopener\" target=\"_blank\">Malm\u00f6 FF<\/a> ut med dunder och brak mot rivalen FC K\u00f6penhamn. Nu straffas dessutom sk\u00e5ningarna av Uefa f\u00f6r f\u00f6rseelser i samband med dubbelm\u00f6tet.<\/p>\n<p>Uefa meddelade under torsdagen att MFF tilldelas 50 000 euro i b\u00f6ter f\u00f6r anv\u00e4ndning av pyroteknik p\u00e5 l\u00e4ktaren samt blockering av allm\u00e4nna passager under hemmam\u00f6tet med FCK. N\u00e5got som <a href=\"https:\/\/www.fotbollskanalen.se\/allsvenskan\/mff-tvingas-betala-miljonboter\/\" rel=\"nofollow noopener\" target=\"_blank\">Fotbollskanalen<\/a> var f\u00f6rst med att rapportera om.\u00a0<\/p>\n<p>D\u00e4rut\u00f6ver f\u00e5r MFF ett villkorligt straff \u2013 som avbryts under en pr\u00f6votid om tv\u00e5 \u00e5r \u2013 vad g\u00e4ller publikkapaciteten vid n\u00e4sta Uefa-klubblagsmatch p\u00e5 hemmaplan.<\/p>\n<p>MFF b\u00f6tf\u00e4lls \u00e4ven f\u00f6r h\u00e4ndelser fr\u00e5n bortam\u00f6tet, d\u00e5 de tvingas betala 60 000 euro f\u00f6r inkastade f\u00f6rem\u00e5l, skadeg\u00f6relse och pyroteknik. \u00c4ven h\u00e4r f\u00e5r de ett villkorligt straff med pr\u00f6votid om tv\u00e5 \u00e5r, som g\u00f6r g\u00e4llande att MFF inte f\u00e5r lov att s\u00e4lja biljetter till sina supportrar vid n\u00e4sta bortamatch i en Uefa-turnering.\u00a0<\/p>\n<p>Totalt sett tvingas MFF betala 110 000 euro, vilket motsvarar drygt 1,2 miljoner kronor.\u00a0<\/p>\n","protected":false},"excerpt":{"rendered":"Publicerad 21 aug 2025 kl 12.27Uppdaterad kl 13.18 Malm\u00f6 FF blev \u00f6verk\u00f6rda av FC K\u00f6penhamn i CL-kvalet.\u00a0 Nu&hellip;\n","protected":false},"author":2,"featured_media":10271,"comment_status":"","ping_status":"","sticky":false,"template":"","format":"standard","meta":{"footnotes":""},"categories":[5],"tags":[22,23,26,27,17,21,24,25,28,29,15,16,358,18,34,130,129,31,33,32,30,19,20],"class_list":{"0":"post-10270","1":"post","2":"type-post","3":"status-publish","4":"format-standard","5":"has-post-thumbnail","7":"category-rubriker","8":"tag-breaking-news","9":"tag-breakingnews","10":"tag-featured-news","11":"tag-featurednews","12":"tag-headlines","13":"tag-huvudnyheter","14":"tag-latest-news","15":"tag-latestnews","16":"tag-main-news","17":"tag-mainnews","18":"tag-news","19":"tag-nyheter","20":"tag-organization-malmo-ff","21":"tag-rubriker","22":"tag-se","23":"tag-sections-allsvenskan","24":"tag-sections-fotboll","25":"tag-svenska","26":"tag-sverige","27":"tag-sweden","28":"tag-swedish","29":"tag-top-stories","30":"tag-topstories"},"share_on_mastodon":{"url":"","error":""},"_links":{"self":[{"href":"https:\/\/www.europesays.com\/se\/wp-json\/wp\/v2\/posts\/10270","targetHints":{"allow":["GET"]}}],"collection":[{"href":"https:\/\/www.europesays.com\/se\/wp-json\/wp\/v2\/posts"}],"about":[{"href":"https:\/\/www.europesays.com\/se\/wp-json\/wp\/v2\/types\/post"}],"author":[{"embeddable":true,"href":"https:\/\/www.europesays.com\/se\/wp-json\/wp\/v2\/users\/2"}],"replies":[{"embeddable":true,"href":"https:\/\/www.europesays.com\/se\/wp-json\/wp\/v2\/comments?post=10270"}],"version-history":[{"count":0,"href":"https:\/\/www.europesays.com\/se\/wp-json\/wp\/v2\/posts\/10270\/revisions"}],"wp:featuredmedia":[{"embeddable":true,"href":"https:\/\/www.europesays.com\/se\/wp-json\/wp\/v2\/media\/10271"}],"wp:attachment":[{"href":"https:\/\/www.europesays.com\/se\/wp-json\/wp\/v2\/media?parent=10270"}],"wp:term":[{"taxonomy":"category","embeddable":true,"href":"https:\/\/www.europesays.com\/se\/wp-json\/wp\/v2\/categories?post=10270"},{"taxonomy":"post_tag","embeddable":true,"href":"https:\/\/www.europesays.com\/se\/wp-json\/wp\/v2\/tags?post=10270"}],"curies":[{"name":"wp","href":"https:\/\/api.w.org\/{rel}","templated":true}]}}