{"id":102754,"date":"2025-12-11T11:13:28","date_gmt":"2025-12-11T11:13:28","guid":{"rendered":"https:\/\/www.europesays.com\/se\/102754\/"},"modified":"2025-12-11T11:13:28","modified_gmt":"2025-12-11T11:13:28","slug":"mord-i-anneberg-i-nassjo-kommun-man-hittad-skuren","status":"publish","type":"post","link":"https:\/\/www.europesays.com\/se\/102754\/","title":{"rendered":"Mord i Anneberg i N\u00e4ssj\u00f6 kommun \u2013 man hittad skuren"},"content":{"rendered":"<p>Publicerad 11 dec 2025 kl 02.04Uppdaterad kl 07.29<\/p>\n<p>En man i 30-\u00e5rs\u00e5ldern hittades liggande p\u00e5 marken i ett villaomr\u00e5de i Anneberg i N\u00e4ssj\u00f6 kommun p\u00e5 onsdagskv\u00e4llen.<\/p>\n<p>Mannen konstaterades d\u00f6d p\u00e5 platsen.<\/p>\n<p>\u2013 En man i 30-\u00e5rs\u00e5ldern har gripits, s\u00e4ger polisens presstalesperson Martina Gradian.<\/p>\n<p>Senaste nyhetsklippen fr\u00e5n Expressen.<img   alt=\"\"\/><\/p>\n<p>En man hittades skadad p\u00e5 en villagata i Anneberg p\u00e5 onsdagskv\u00e4llen.<\/p>\n<p>Foto: L\u00e4sarbild<\/p>\n<p>\u00d6ppna bild i helsk\u00e4rm<img loading=\"lazy\"   alt=\"\"\/><\/p>\n<p>En man har gripits.<\/p>\n<p>Foto: L\u00e4sarbild<\/p>\n<p>\u00d6ppna bild i helsk\u00e4rm<\/p>\n<p>F\u00f6rbipasserande larmade polisen om att de hittat en skuren man vid en villagata i Anneberg, <a href=\"https:\/\/www.expressen.se\/tagg\/location\/nassjo\/\" class=\"\" rel=\"nofollow noopener\" target=\"_blank\">N\u00e4ssj\u00f6<\/a> kommun, vid 22-tiden p\u00e5 onsdagskv\u00e4llen.\u00a0<\/p>\n<p>\u2013 Han konstaterades avliden av v\u00e5rdpersonalen som kom till platsen, s\u00e4ger polisens presstalesperson Martina Gradian.<\/p>\n<p>Omkring 50 minuter efter larmet greps en man p\u00e5 v\u00e4gen mellan Anneberg och Eksj\u00f6.\u00a0<\/p>\n<p>\u2013 Han befann sig p\u00e5 bilv\u00e4gen till fots och blev d\u00e4rf\u00f6r intressant att kontrollera, s\u00e4ger Martina Gradian.<\/p>\n<p>\u2013 Vi letar inte efter n\u00e5gra fler g\u00e4rningspersoner. Inget tyder p\u00e5 att fler varit inblandade, men vi utesluter ingenting<\/p>\n<p>Insatsen under kv\u00e4llen var massiv och under natten jobbar teknikerna fortfarande kvar f\u00f6r att dokumentera och s\u00e4kra sp\u00e5r. \u00a0Samtidigt forts\u00e4tter arbetet med att kartl\u00e4gga h\u00e4ndelsef\u00f6rloppet genom att f\u00f6rh\u00f6ra personer och eventuellt vidare d\u00f6rrknackning.\u00a0<\/p>\n<p>N\u00e5gon klar bild av vad som h\u00e4nt och varf\u00f6r har inte polisen \u00e4nnu. Relationen mellan offer och g\u00e4rningsman \u00e4r inte klarlagd.<\/p>\n<p>\u2013 Vi har en del vittnen fr\u00e5n platsen, men vi beh\u00f6ver fler uppgifter f\u00f6r att kartl\u00e4gga vad som h\u00e4nt, s\u00e4ger Martina Gradian.\u00a0<\/p>\n<p><img alt=\"\"\/>Ljudklippet gick inte att spela upp<\/p>\n<p>F\u00f6rs\u00f6k igen senare<\/p>\n","protected":false},"excerpt":{"rendered":"Publicerad 11 dec 2025 kl 02.04Uppdaterad kl 07.29 En man i 30-\u00e5rs\u00e5ldern hittades liggande p\u00e5 marken i ett&hellip;\n","protected":false},"author":2,"featured_media":102755,"comment_status":"","ping_status":"","sticky":false,"template":"","format":"standard","meta":{"footnotes":""},"categories":[12],"tags":[22,23,26,27,17,21,24,25,6791,2840,28,29,15,16,18,34,154,31,33,32,30,19,1496,20],"class_list":{"0":"post-102754","1":"post","2":"type-post","3":"status-publish","4":"format-standard","5":"has-post-thumbnail","7":"category-sverige","8":"tag-breaking-news","9":"tag-breakingnews","10":"tag-featured-news","11":"tag-featurednews","12":"tag-headlines","13":"tag-huvudnyheter","14":"tag-latest-news","15":"tag-latestnews","16":"tag-location-nassjo","17":"tag-location-nassjo-kommun","18":"tag-main-news","19":"tag-mainnews","20":"tag-news","21":"tag-nyheter","22":"tag-rubriker","23":"tag-se","24":"tag-sections-sverige","25":"tag-svenska","26":"tag-sverige","27":"tag-sweden","28":"tag-swedish","29":"tag-top-stories","30":"tag-topic-misshandel-overfall","31":"tag-topstories"},"share_on_mastodon":{"url":"https:\/\/pubeurope.com\/@se\/115700643094660752","error":""},"_links":{"self":[{"href":"https:\/\/www.europesays.com\/se\/wp-json\/wp\/v2\/posts\/102754","targetHints":{"allow":["GET"]}}],"collection":[{"href":"https:\/\/www.europesays.com\/se\/wp-json\/wp\/v2\/posts"}],"about":[{"href":"https:\/\/www.europesays.com\/se\/wp-json\/wp\/v2\/types\/post"}],"author":[{"embeddable":true,"href":"https:\/\/www.europesays.com\/se\/wp-json\/wp\/v2\/users\/2"}],"replies":[{"embeddable":true,"href":"https:\/\/www.europesays.com\/se\/wp-json\/wp\/v2\/comments?post=102754"}],"version-history":[{"count":0,"href":"https:\/\/www.europesays.com\/se\/wp-json\/wp\/v2\/posts\/102754\/revisions"}],"wp:featuredmedia":[{"embeddable":true,"href":"https:\/\/www.europesays.com\/se\/wp-json\/wp\/v2\/media\/102755"}],"wp:attachment":[{"href":"https:\/\/www.europesays.com\/se\/wp-json\/wp\/v2\/media?parent=102754"}],"wp:term":[{"taxonomy":"category","embeddable":true,"href":"https:\/\/www.europesays.com\/se\/wp-json\/wp\/v2\/categories?post=102754"},{"taxonomy":"post_tag","embeddable":true,"href":"https:\/\/www.europesays.com\/se\/wp-json\/wp\/v2\/tags?post=102754"}],"curies":[{"name":"wp","href":"https:\/\/api.w.org\/{rel}","templated":true}]}}