{"id":102782,"date":"2025-12-11T11:48:16","date_gmt":"2025-12-11T11:48:16","guid":{"rendered":"https:\/\/www.europesays.com\/se\/102782\/"},"modified":"2025-12-11T11:48:16","modified_gmt":"2025-12-11T11:48:16","slug":"kirurgen-som-gjort-sbb-till-investmentbolag-havstangseffekt","status":"publish","type":"post","link":"https:\/\/www.europesays.com\/se\/102782\/","title":{"rendered":"Kirurgen som gjort SBB till investmentbolag: &#8221;H\u00e4vst\u00e5ngseffekt&#8221;"},"content":{"rendered":"<p class=\"font-sans text-base text-text-main dark:text-text-main-dark font-normal leading-[1.4]\">&#8221;T\u00e4nk dig att du \u00e4r en kirurg p\u00e5 ett flygplan. Pl\u00f6tsligt blir n\u00e5gon sjuk. D\u00e5 \u00e4r det v\u00e4l sj\u00e4lvklart att man str\u00e4cker upp handen f\u00f6r att hj\u00e4lpa till?&#8221;<\/p>\n<p class=\"font-sans text-base text-text-main dark:text-text-main-dark font-normal leading-[1.4]\">S\u00e5 resonerade <strong>Leiv Synnes<\/strong> n\u00e4r han valde att l\u00e4mna miljard\u00e4ren <strong>Roger Akelius<\/strong> trygga famn och i st\u00e4llet ta uppdraget som VD f\u00f6r krisande <strong>SBB<\/strong>, tv\u00e5 och ett halvt \u00e5r sedan.<\/p>\n<p class=\"font-sans text-base text-text-main dark:text-text-main-dark font-normal leading-[1.4]\"><strong>Du var en fastighetskirurg?<\/strong><\/p>\n<p class=\"font-sans text-base text-text-main dark:text-text-main-dark font-normal leading-[1.4]\">&#8221;Det k\u00e4ndes lite som att vara kirurg.&#8221;<\/p>\n<p class=\"font-sans text-base text-text-main dark:text-text-main-dark font-normal leading-[1.4]\"><strong>Vilket gjorde SBB till en sjuk person.<\/strong><\/p>\n<p class=\"font-sans text-base text-text-main dark:text-text-main-dark font-normal leading-[1.4]\">&#8221;Exakt.&#8221;<\/p>\n<p class=\"font-sans text-base text-text-main dark:text-text-main-dark font-normal leading-[1.4]\"><strong>Och vem styrde flygplanet?<\/strong><\/p>\n<p class=\"font-sans text-base text-text-main dark:text-text-main-dark font-normal leading-[1.4]\">&#8221;Kirurgen och piloten \u00e4r nog densamma om man b\u00f6rjar som VD.&#8221;<\/p>\n<p class=\"font-sans text-base text-text-main dark:text-text-main-dark font-normal leading-[1.4]\">Men nu har SBB f\u00e5tt ny kl\u00e4dsel.<\/p>\n<p><img alt=\"Sbb Vd 24\" decoding=\"async\" data-nimg=\"fill\" class=\"rounded-2xl max-w-full\" style=\"position:absolute;height:100%;width:100%;left:0;top:0;right:0;bottom:0;color:transparent\"   src=\"https:\/\/www.europesays.com\/se\/wp-content\/uploads\/2025\/12\/1765453690_210_image\"\/>Foto: Meli Petersson Ellafi\/Bildbyr\u00e5nNytt slags bolag<\/p>\n<p class=\"font-sans text-base text-text-main dark:text-text-main-dark font-normal leading-[1.4]\">Ett av 2020-talets mest omtalade svenska bolag s\u00e4ljer hela sin samh\u00e4llsportf\u00f6lj. Omkring 740 av SBB:s samh\u00e4llsfastigheter k\u00f6ps av norska <strong>Public Property Invest<\/strong> f\u00f6r 32 miljarder kronor.<\/p>\n<p class=\"font-sans text-base text-text-main dark:text-text-main-dark font-normal leading-[1.4]\">Pl\u00f6tsligt \u00e4r SBB inte l\u00e4ngre ett fastighetsbolag utan ett investmentbolag. Det \u00e4r den nya och egna beskrivningen.<\/p>\n<p class=\"font-sans text-base text-text-main dark:text-text-main-dark font-normal leading-[1.4]\">Vi m\u00f6ter upp VD Leiv Synnes p\u00e5 huvudkontoret p\u00e5 Strandv\u00e4gen 1 i Stockholm. <strong>Bank of Scotlands <\/strong>gamla h\u00f6gkvarter, vilket avsl\u00f6jas redan i trapphuset d\u00e4r bankens gamla logga h\u00e4nger kvar.<\/p>\n<p class=\"font-sans text-base text-text-main dark:text-text-main-dark font-normal leading-[1.4]\">\u00c4ven stolarna och det gl\u00e4nsande ekbordet i SBB:s styrelserum \u00e4r rester fr\u00e5n banken. \u00c4nd\u00e5 g\u00e5r det inte att missa vilket bolag som numera sitter p\u00e5 sj\u00e4tte v\u00e5ningen: alla rum har dessertsk\u00e5lar med karameller m\u00e4rkta &#8221;SBB&#8221;. Synnes favorit \u00e4r de bl\u00e5-rosa, som smakar likt de sura godisflaskorna fizzypop.<\/p>\n<p class=\"font-sans text-base text-text-main dark:text-text-main-dark font-normal leading-[1.4]\">&#8221;God morgon&#8221;, s\u00e4ger han ikl\u00e4dd en bl\u00e5randig slips.<\/p>\n<p><img alt=\"Sbb Vd 14\" decoding=\"async\" data-nimg=\"fill\" class=\"rounded-2xl max-w-full\" style=\"position:absolute;height:100%;width:100%;left:0;top:0;right:0;bottom:0;color:transparent\"   src=\"https:\/\/www.europesays.com\/se\/wp-content\/uploads\/2025\/12\/1765453690_950_image\"\/>Foto: Meli Petersson Ellafi\/Bildbyr\u00e5nSBB:s VD gillar framf\u00f6r allt hockey, men har p\u00e5 sistone tittat allt mer p\u00e5 fotboll.<\/p>\n<p class=\"font-sans text-base text-text-main dark:text-text-main-dark font-normal leading-[1.4]\">Fotografen och jag tittar p\u00e5 varandra. Det \u00e4r exakt samma slips som han bar vid Placera och Afv:s f\u00f6rra fotografering, f\u00f6r tv\u00e5 \u00e5r sedan.<\/p>\n<p class=\"font-sans text-base text-text-main dark:text-text-main-dark font-normal leading-[1.4]\">&#8221;Det \u00e4r Djurg\u00e5rdsf\u00e4rgerna&#8221;, f\u00f6rklarar hockey-entusiasten.<\/p>\n<p class=\"font-sans text-base text-text-main dark:text-text-main-dark font-normal leading-[1.4]\">&#8221;Jag har en annan klocka i alla fall.&#8221;<\/p>\n<p>Tillf\u00e4lligt investmentbolag<\/p>\n<p class=\"font-sans text-base text-text-main dark:text-text-main-dark font-normal leading-[1.4]\">Leiv Synnes s\u00e4tter sig ner. Han n\u00e4mner att fastighetsbolag generellt \u00e4r l\u00e5griskaktier j\u00e4mf\u00f6rt med m\u00e5nga andra sektorer. Som tech och olja, s\u00e4ger han.<\/p>\n<p class=\"font-sans text-base text-text-main dark:text-text-main-dark font-normal leading-[1.4]\"><strong>Nu \u00e4r ni ju inte ett fastighetsbolag l\u00e4ngre.<\/strong><\/p>\n<p class=\"font-sans text-base text-text-main dark:text-text-main-dark font-normal leading-[1.4]\">&#8221;Nej, det har du r\u00e4tt i.&#8221;<\/p>\n<p class=\"font-sans text-base text-text-main dark:text-text-main-dark font-normal leading-[1.4]\">Han drar p\u00e5 munnen. VD:n fr\u00e5n Sollefte\u00e5 tycks sj\u00e4lv ha sv\u00e5rt att komma ih\u00e5g SBB:s nya form.<\/p>\n<p class=\"font-sans text-base text-text-main dark:text-text-main-dark font-normal leading-[1.4]\"><strong>Du har sagt att ni \u00e4r ett investmentbolag.<\/strong><\/p>\n<p class=\"font-sans text-base text-text-main dark:text-text-main-dark font-normal leading-[1.4]\">&#8221;Just nu \u00e4r vi det.&#8221;<\/p>\n<p class=\"font-sans text-base text-text-main dark:text-text-main-dark font-normal leading-[1.4]\"><strong>Just nu?<\/strong><\/p>\n<p class=\"font-sans text-base text-text-main dark:text-text-main-dark font-normal leading-[1.4]\">&#8221;Vi kan leva med den h\u00e4r situationen i n\u00e5gra \u00e5r, sen f\u00e5r vi ompr\u00f6va det&#8221;, s\u00e4ger han och f\u00f6rklarar:<\/p>\n<p class=\"font-sans text-base text-text-main dark:text-text-main-dark font-normal leading-[1.4]\">&#8221;Ompr\u00f6va om vi fortfarande ska vara ett investmentbolag, konsolidera innehaven eller kanske s\u00e4lja.&#8221;<\/p>\n<p>Kanske s\u00e4ljer 2028<\/p>\n<p class=\"font-sans text-base text-text-main dark:text-text-main-dark font-normal leading-[1.4]\">Ett genomg\u00e5ende tema under Synnes tid vid rodret, har varit att po\u00e4ngtera vikten av transparens.<\/p>\n<p class=\"font-sans text-base text-text-main dark:text-text-main-dark font-normal leading-[1.4]\">&#8221;En del i transparensen \u00e4r att redovisningen ska vara enkel att f\u00f6lja. En annan del \u00e4r att man ska h\u00e5lla vad man lovar och walk the talk&#8221;, sa han <a class=\"text-primary-90 underline hover:text-primary-110 hover:no-underline\" href=\"https:\/\/www.placera.se\/nyheter\/sbbs-vd-oppen-for-att-losa-upp-samriskbolag-kar-transparensen-2025-08-20\" rel=\"nofollow noopener\" target=\"_blank\">senast i augusti<\/a> till Placera.<\/p>\n<p class=\"font-sans text-base text-text-main dark:text-text-main-dark font-normal leading-[1.4]\">I de framtidsutsikter som nu ges, \u00e4r transparensen dock inte j\u00e4ttestor.<\/p>\n<p><img alt=\"Sbb Vd 18\" decoding=\"async\" data-nimg=\"fill\" class=\"rounded-2xl max-w-full\" style=\"position:absolute;height:100%;width:100%;left:0;top:0;right:0;bottom:0;color:transparent\"   src=\"https:\/\/www.europesays.com\/se\/wp-content\/uploads\/2025\/12\/1765453691_298_image\"\/>Foto: Meli Petersson Ellafi\/Bildbyr\u00e5n<\/p>\n<p class=\"font-sans text-base text-text-main dark:text-text-main-dark font-normal leading-[1.4]\"><strong>Vad menar du med att ni kanske ska s\u00e4lja?<\/strong><\/p>\n<p class=\"font-sans text-base text-text-main dark:text-text-main-dark font-normal leading-[1.4]\">&#8221;S\u00e4lja ett eller flera av bolagen vi \u00e4ger&#8221;, s\u00e4ger han.<\/p>\n<p class=\"font-sans text-base text-text-main dark:text-text-main-dark font-normal leading-[1.4]\"><strong>Er nya form som investmentbolag \u00e4r allts\u00e5 inte en slutgiltig s\u00e5dan?<\/strong><\/p>\n<p class=\"font-sans text-base text-text-main dark:text-text-main-dark font-normal leading-[1.4]\">&#8221;Nej, det \u00e4r en form som vi har skapat h\u00e4r och nu. Den passar SBB:s situation just nu.&#8221;<\/p>\n<p class=\"font-sans text-base text-text-main dark:text-text-main-dark font-normal leading-[1.4]\">Utv\u00e4rderingen av bolagets n\u00e4sta steg v\u00e4ntas vara klar senast 2028 och 2029, ber\u00e4ttar han. Det \u00e4r i samband med att n\u00e5gra av bolagets obligationer f\u00f6rfaller.<\/p>\n<p>Upp upp och&#8230; ner<\/p>\n<p class=\"font-sans text-base text-text-main dark:text-text-main-dark font-normal leading-[1.4]\">Den som f\u00f6ljt SBB vet att turerna varit m\u00e5nga.<\/p>\n<p class=\"font-sans text-base text-text-main dark:text-text-main-dark font-normal leading-[1.4]\">N\u00e4r det grundades 2016 av den f\u00f6re detta S-politikern <strong>Ilija<\/strong> <strong>Batljan <\/strong>var aff\u00e4rsid\u00e9n att k\u00f6pa av, eller bygga f\u00f6r, offentliga verksamheter. Det f\u00f6rsta k\u00f6pet var ett \u00e4ldreboende i \u00d6rkelljunga.<\/p>\n<p><img alt=\"Ilija Batljan, grundare av SBB. Foto: Adam Wrafter \/ BILDBYR\u00c5N \" decoding=\"async\" data-nimg=\"fill\" class=\"rounded-2xl max-w-full\" style=\"position:absolute;height:100%;width:100%;left:0;top:0;right:0;bottom:0;color:transparent\"   src=\"https:\/\/www.europesays.com\/se\/wp-content\/uploads\/2025\/12\/1765453693_973_image\"\/>Foto: Adam Wrafter\/Bildbyr\u00e5nIlija Batljan grundade SBB.<\/p>\n<p class=\"font-sans text-base text-text-main dark:text-text-main-dark font-normal leading-[1.4]\">Bara fem \u00e5r senare hade SBB plockat p\u00e5 sig fastigheter v\u00e4rda 150 miljarder kronor. Bland stor\u00e4garna fanns tungviktare, kanske de tyngsta, i branschen. Som <strong>Sven-Olof Johansson<\/strong> och<strong> Erik Paulsson<\/strong>.<\/p>\n<p class=\"font-sans text-base text-text-main dark:text-text-main-dark font-normal leading-[1.4]\">Allt fler k\u00f6pte SBB och under en tid hade bolaget omkring 350 000 aktie\u00e4gare. Samtidigt tickade b\u00f6rsv\u00e4rdet upp till \u00f6ver 100 miljarder kronor. P\u00e5 s\u00e4llsynt kort tid blev det en folkaktie.<\/p>\n<p class=\"font-sans text-base text-text-main dark:text-text-main-dark font-normal leading-[1.4]\">Men en oro f\u00f6r stigande r\u00e4ntekostnader spred sig och det m\u00e4rktes p\u00e5 SBB, odlat i en milj\u00f6 med noll- och minusr\u00e4nta.<\/p>\n<p class=\"font-sans text-base text-text-main dark:text-text-main-dark font-normal leading-[1.4]\">De stigande r\u00e4ntorna fick hela fastighetsbranschen att darra och SBB hamnade i en j\u00e4ttekris.<\/p>\n<p class=\"font-sans text-base text-text-main dark:text-text-main-dark font-normal leading-[1.4]\">Farh\u00e5gorna som analytiker, om \u00e4n f\u00e5, tidigare p\u00e5talat b\u00f6rjade besannas.<\/p>\n<p class=\"font-sans text-base text-text-main dark:text-text-main-dark font-normal leading-[1.4]\">Bolaget var tungt bel\u00e5nade och fick g\u00e5ng p\u00e5 g\u00e5ng s\u00e4nkta kreditbetyg. 2023 sk\u00f6t bolaget upp sin utdelning. Vid det laget hade aktiekursen formats likt en hajfena. Hundratusentals aktiesparare s\u00e5g sina investeringar rasa i v\u00e4rde.<\/p>\n<p class=\"font-sans text-base text-text-main dark:text-text-main-dark font-normal leading-[1.4]\">Det var allts\u00e5 d\u00e5 som Leiv Synnes klev in och tog \u00f6ver Ilija Batljans roll som VD.<\/p>\n<p class=\"font-sans text-base text-text-main dark:text-text-main-dark font-normal leading-[1.4]\">&#8221;Jag k\u00e4nde redan n\u00e5gra p\u00e5 bolaget. Ilija Batljan och finanschefen, till exempel&#8221;, ber\u00e4ttar Leiv Synnes.<\/p>\n<p>Utbildad f\u00f6r sv\u00e5ra saker<\/p>\n<p class=\"font-sans text-base text-text-main dark:text-text-main-dark font-normal leading-[1.4]\">Synnes \u00e4r skolad p\u00e5 fastighetsbolaget <strong>Akelius<\/strong> d\u00e4r han arbetade i tv\u00e5 decennier, sist som vice VD.<\/p>\n<p class=\"font-sans text-base text-text-main dark:text-text-main-dark font-normal leading-[1.4]\">Han \u00e4r 54 \u00e5r, har tv\u00e5 motorcyklar och bor i T\u00e4by med sin yngsta dotter. De tv\u00e5 s\u00f6nerna har flyttat hemifr\u00e5n.<\/p>\n<p><img alt=\"Sbb Vd 10\" decoding=\"async\" data-nimg=\"fill\" class=\"rounded-2xl max-w-full\" style=\"position:absolute;height:100%;width:100%;left:0;top:0;right:0;bottom:0;color:transparent\"   src=\"https:\/\/www.europesays.com\/se\/wp-content\/uploads\/2025\/12\/1765453693_318_image\"\/>Foto: Meli Petersson Ellafi\/Bildbyr\u00e5nLeiv Synnes v\u00e4xte upp i Sollefte\u00e5.<\/p>\n<p class=\"font-sans text-base text-text-main dark:text-text-main-dark font-normal leading-[1.4]\">Vid fr\u00e5gor om sig sj\u00e4lv \u00e4r han kortfattad.<\/p>\n<p class=\"font-sans text-base text-text-main dark:text-text-main-dark font-normal leading-[1.4]\">&#8221;Jag b\u00f6rjade studera n\u00e4r jag var 19&#8221;, &#8221;jag l\u00e4ste i Ume\u00e5&#8221; och &#8221;min pappa var norrman&#8221;.<\/p>\n<p class=\"font-sans text-base text-text-main dark:text-text-main-dark font-normal leading-[1.4]\">Svaren blir aldrig l\u00e4ngre \u00e4n en mening.<\/p>\n<p class=\"font-sans text-base text-text-main dark:text-text-main-dark font-normal leading-[1.4]\">&#8221;Spr\u00e5k var inte min grej i skolan. Jag var b\u00e4ttre p\u00e5 att r\u00e4kna och det ligger nog i mina gener&#8221;, ber\u00e4ttar han.<\/p>\n<p class=\"font-sans text-base text-text-main dark:text-text-main-dark font-normal leading-[1.4]\">En sifferkille. Det f\u00f6rklarar delvis varf\u00f6r han beskriver uppdraget p\u00e5 SBB som en &#8221;lockande utmaning&#8221;.<\/p>\n<p class=\"font-sans text-base text-text-main dark:text-text-main-dark font-normal leading-[1.4]\">&#8221;Man \u00e4r utbildad f\u00f6r att g\u00f6ra sv\u00e5ra saker. Jag ville se om jag kunde v\u00e4nda SBB.&#8221;<\/p>\n<p>Avknoppningarna och f\u00f6rs\u00e4ljningarna<\/p>\n<p class=\"font-sans text-base text-text-main dark:text-text-main-dark font-normal leading-[1.4]\"> Sedan Synnes klev in har har SBB s\u00e5lt stora delar av verksamheten, medan andra knoppats av till egna bolag.<\/p>\n<p class=\"font-sans text-base text-text-main dark:text-text-main-dark font-normal leading-[1.4]\">F\u00f6rvandlingen inleddes 2022 n\u00e4r de s\u00e5lde 49% av sin portf\u00f6lj med utbildningsfastigheter till kanadensiska <strong>Brookfield <\/strong>f\u00f6r 9,2 mdr kr, plus eventuell till\u00e4gsk\u00f6peskilling.<\/p>\n<p class=\"font-sans text-base text-text-main dark:text-text-main-dark font-normal leading-[1.4]\">SBB:s och Brookfields \u00e4gande i portf\u00f6ljen ligger nu i ett separat bolag, <strong>Nordiqus<\/strong>, tidigare EduCo, som betalar 1,8% av driftnettot per \u00e5r till SBB.<\/p>\n<p class=\"font-sans text-base text-text-main dark:text-text-main-dark font-normal leading-[1.4]\">2023 avknoppades ytterligare en bostadsportf\u00f6lj, v\u00e4rd cirka 16 mdr kr, genom b\u00f6rsnotering och blev <strong>Neobo<\/strong>. Avknoppningen delades ut till SBB:s aktie\u00e4gare.<\/p>\n<p class=\"font-sans text-base text-text-main dark:text-text-main-dark font-normal leading-[1.4]\">Uppdelningen av SBB fortsatte genom att bolaget avskilde <strong>Sveafastigheter <\/strong>och noterade 44% av bolaget p\u00e5 First North i oktober 2024. Inf\u00f6r IPO:n var v\u00e4rdet p\u00e5 hela portf\u00f6ljen mellan 8 och 9 mdr kr. SBB fick till slut runt 3,5 mdr kr av aff\u00e4ren.<\/p>\n<p class=\"font-sans text-base text-text-main dark:text-text-main-dark font-normal leading-[1.4]\">Efter PPI-aff\u00e4ren \u00e4r SBB fortsatt st\u00f6rsta \u00e4gare och Sveafastigheter bokf\u00f6rs till ett v\u00e4rde av 9,2 mdkr f\u00f6r 62 % \u00e4garandel.<\/p>\n<p>\u00c4ger mer i Sveafastigheter<\/p>\n<p class=\"font-sans text-base text-text-main dark:text-text-main-dark font-normal leading-[1.4]\">Alla dessa hittas i det som f\u00f6r tillf\u00e4llet \u00e4r investmentbolaget SBB:s portf\u00f6lj.<\/p>\n<p class=\"font-sans text-base text-text-main dark:text-text-main-dark font-normal leading-[1.4]\"><strong>Varf\u00f6r ska man k\u00f6pa SBB i st\u00e4llet f\u00f6r att g\u00e5 direkt in i bolagen?<\/strong><\/p>\n<p class=\"font-sans text-base text-text-main dark:text-text-main-dark font-normal leading-[1.4]\">&#8221;F\u00f6r att f\u00e5 riskspridning och m\u00f6jlighet att \u00e4ga de onoterade f\u00f6retagen&#8221;, s\u00e4ger Leiv Synnes.<\/p>\n<p class=\"font-sans text-base text-text-main dark:text-text-main-dark font-normal leading-[1.4]\">H\u00e4r uppst\u00e5r en paradox.<\/p>\n<p class=\"font-sans text-base text-text-main dark:text-text-main-dark font-normal leading-[1.4]\">V\u00e4rdem\u00e4ssigt \u00e4ger VD:n fyra g\u00e5nger s\u00e5 mycket i Sveafastigheter som i SBB. I hans privata portf\u00f6lj finns aktier i Sveafastigheter v\u00e4rda \u00f6ver 24 Mkr, medan bara drygt 6 Mkr ligger i SBB.<\/p>\n<p class=\"font-sans text-base text-text-main dark:text-text-main-dark font-normal leading-[1.4]\">SBB: 640 000 B-Aktier och 410 000 D-Aktier.<\/p>\n<p class=\"font-sans text-base text-text-main dark:text-text-main-dark font-normal leading-[1.4]\">\u00d6vrigt innehav i SBB: 2 200 000 teckningsoptioner.<\/p>\n<p class=\"font-sans text-base text-text-main dark:text-text-main-dark font-normal leading-[1.4]\">Sveafastigheter: 636 600 aktier.<\/p>\n<p><strong>SBB B- eller D-aktie?<\/strong><\/p>\n<p class=\"font-sans text-base text-text-main dark:text-text-main-dark font-normal leading-[1.4]\">Senaste tiden har SBB B, stamaktien, g\u00e5tt s\u00e4mre \u00e4n SBB D.<\/p>\n<p class=\"font-sans text-base text-text-main dark:text-text-main-dark font-normal leading-[1.4]\">&#8221;Jag k\u00f6pte D n\u00e4r det inte var s\u00e5 stor prisskillnad mellan aktieslagen. Jag tyckte det var irrationellt att de prissattes lika bra, f\u00f6r skulle jag lyckas v\u00e4nda bolaget skulle D-aktien bli mer v\u00e4rd \u00e4n B&#8221;, s\u00e4ger VD:n.<\/p>\n<p class=\"font-sans text-base text-text-main dark:text-text-main-dark font-normal leading-[1.4]\"><strong>Vad skulle du v\u00e4lja nu?<\/strong><\/p>\n<p class=\"font-sans text-base text-text-main dark:text-text-main-dark font-normal leading-[1.4]\">&#8221;B-aktien. Men jag vill inte ge n\u00e5gra r\u00e5d.&#8221;<\/p>\n<p>Visa mer<\/p>\n<p class=\"font-sans text-base text-text-main dark:text-text-main-dark font-normal leading-[1.4]\">Jag har mer exponering mot SBB \u00e4n vad man tror vid f\u00f6rsta anblick. Dels har jag personaloptioner men ocks\u00e5 en anst\u00e4llning i bolaget, vilket g\u00f6r mig v\u00e4ldigt beroende av det.&#8221;<\/p>\n<p class=\"font-sans text-base text-text-main dark:text-text-main-dark font-normal leading-[1.4]\"><strong>Resonerar du s\u00e5, att l\u00f6nen i sig \u00e4r ett slags investering?<\/strong><\/p>\n<p class=\"font-sans text-base text-text-main dark:text-text-main-dark font-normal leading-[1.4]\">&#8221;Om bolaget g\u00e5r d\u00e5ligt blir jag ju av med b\u00e5de aktiev\u00e4rdet och anst\u00e4llningen.&#8221;<\/p>\n<p class=\"font-sans text-base text-text-main dark:text-text-main-dark font-normal leading-[1.4]\"><strong>Det \u00e4r v\u00e4l ditt uppdrag att se till att bolaget g\u00e5r bra?<\/strong><\/p>\n<p class=\"font-sans text-base text-text-main dark:text-text-main-dark font-normal leading-[1.4]\">&#8221;Det har du r\u00e4tt i. Det handlar ocks\u00e5 om hur man t\u00e4nker som placerare, vilken riskspridning man vill ta.&#8221;<\/p>\n<p>H\u00f6g skulds\u00e4ttning<\/p>\n<p class=\"font-sans text-base text-text-main dark:text-text-main-dark font-normal leading-[1.4]\">Synnes menar att Sveafastigheter har l\u00e4gre risk j\u00e4mf\u00f6rt med SBB, och det p\u00e5 grund av skulds\u00e4ttningen.<\/p>\n<tr class=\"odd:bg-surf-grey dark:odd:bg-surf-grey-dark even:bg-surf-main dark:even:bg-surf-main-dark\">\n<p><strong>Bokf\u00f6rda v\u00e4rden i SBB efter aff\u00e4ren<\/strong><\/p>\n<\/tr>\n<tr class=\"odd:bg-surf-grey dark:odd:bg-surf-grey-dark even:bg-surf-main dark:even:bg-surf-main-dark\">\n<td class=\"p-2 text-start min-h-10 relative max-w-[250px] border-r border-b border-border dark:border-border-dark last:border-r-0 break-words\">\n<p>PPI (40% \u00e4garandel)<\/p>\n<\/td>\n<td class=\"p-2 text-start min-h-10 relative max-w-[250px] border-r border-b border-border dark:border-border-dark last:border-r-0 break-words\">\n<p>9,5 mdr kr<\/p>\n<\/td>\n<td class=\"p-2 text-start min-h-10 relative max-w-[250px] border-r border-b border-border dark:border-border-dark last:border-r-0 break-words\">\n<p>Eget kapital<\/p>\n<\/td>\n<td class=\"p-2 text-start min-h-10 relative max-w-[250px] border-r border-b border-border dark:border-border-dark last:border-r-0 break-words\">\n<p>14,1 mdr kr<\/p>\n<\/td>\n<\/tr>\n<tr class=\"odd:bg-surf-grey dark:odd:bg-surf-grey-dark even:bg-surf-main dark:even:bg-surf-main-dark\">\n<td class=\"p-2 text-start min-h-10 relative max-w-[250px] border-r border-b border-border dark:border-border-dark last:border-r-0 break-words\">\n<p>Sveafastigheter (62% \u00e4garandel)<\/p>\n<\/td>\n<td class=\"p-2 text-start min-h-10 relative max-w-[250px] border-r border-b border-border dark:border-border-dark last:border-r-0 break-words\">\n<p>9,2 mdr kr<\/p>\n<\/td>\n<td class=\"p-2 text-start min-h-10 relative max-w-[250px] border-r border-b border-border dark:border-border-dark last:border-r-0 break-words\">\n<p>Hybridobligationer<\/p>\n<\/td>\n<td class=\"p-2 text-start min-h-10 relative max-w-[250px] border-r border-b border-border dark:border-border-dark last:border-r-0 break-words\">\n<p>8,6 mdr kr<\/p>\n<\/td>\n<\/tr>\n<tr class=\"odd:bg-surf-grey dark:odd:bg-surf-grey-dark even:bg-surf-main dark:even:bg-surf-main-dark\">\n<td class=\"p-2 text-start min-h-10 relative max-w-[250px] border-r border-b border-border dark:border-border-dark last:border-r-0 break-words\">\n<p>Nordiqus (50% \u00e4garandel)<\/p>\n<\/td>\n<td class=\"p-2 text-start min-h-10 relative max-w-[250px] border-r border-b border-border dark:border-border-dark last:border-r-0 break-words\">\n<p>8,7 mdr kr<\/p>\n<\/td>\n<td class=\"p-2 text-start min-h-10 relative max-w-[250px] border-r border-b border-border dark:border-border-dark last:border-r-0 break-words\">\n<p>\u00d6vriga skulder<\/p>\n<\/td>\n<td class=\"p-2 text-start min-h-10 relative max-w-[250px] border-r border-b border-border dark:border-border-dark last:border-r-0 break-words\">\n<p>1,2 mdr kr<\/p>\n<\/td>\n<\/tr>\n<tr class=\"odd:bg-surf-grey dark:odd:bg-surf-grey-dark even:bg-surf-main dark:even:bg-surf-main-dark\">\n<td class=\"p-2 text-start min-h-10 relative max-w-[250px] border-r border-b border-border dark:border-border-dark last:border-r-0 break-words\">\n<p>Utvecklingsfastigheter m.m<\/p>\n<\/td>\n<td class=\"p-2 text-start min-h-10 relative max-w-[250px] border-r border-b border-border dark:border-border-dark last:border-r-0 break-words\">\n<p>5,9 mdr kr<\/p>\n<\/td>\n<td class=\"p-2 text-start min-h-10 relative max-w-[250px] border-r border-b border-border dark:border-border-dark last:border-r-0 break-words\">\n<p>Obligationer<\/p>\n<\/td>\n<td class=\"p-2 text-start min-h-10 relative max-w-[250px] border-r border-b border-border dark:border-border-dark last:border-r-0 break-words\">\n<p>8,1 mdr kr<\/p>\n<\/td>\n<\/tr>\n<tr class=\"odd:bg-surf-grey dark:odd:bg-surf-grey-dark even:bg-surf-main dark:even:bg-surf-main-dark\">\n<td class=\"p-2 text-start min-h-10 relative max-w-[250px] border-r border-b border-border dark:border-border-dark last:border-r-0 break-words\">\n<p>Likvida medel<\/p>\n<\/td>\n<td class=\"p-2 text-start min-h-10 relative max-w-[250px] border-r border-b border-border dark:border-border-dark last:border-r-0 break-words\">\n<p>0,8 mdr kr<\/p>\n<\/td>\n<td class=\"p-2 text-start min-h-10 relative max-w-[250px] border-r border-b border-border dark:border-border-dark last:border-r-0 break-words\">\n<p>Bankl\u00e5n<\/p>\n<\/td>\n<td class=\"p-2 text-start min-h-10 relative max-w-[250px] border-r border-b border-border dark:border-border-dark last:border-r-0 break-words\">\n<p>2,3 mdr kr<\/p>\n<\/td>\n<\/tr>\n<tr class=\"odd:bg-surf-grey dark:odd:bg-surf-grey-dark even:bg-surf-main dark:even:bg-surf-main-dark\">\n<p><strong>Summa tillg\u00e5ngar<\/strong><\/p>\n<p><strong>34,2 mdr kr<\/strong><\/p>\n<p><strong>Summa eget kapital och skulder<\/strong><\/p>\n<p><strong>34,2 mdr kr<\/strong><\/p>\n<\/tr>\n<tr class=\"odd:bg-surf-grey dark:odd:bg-surf-grey-dark even:bg-surf-main dark:even:bg-surf-main-dark\">\n<td class=\"p-2 text-start min-h-10 relative max-w-[250px] border-r border-b border-border dark:border-border-dark last:border-r-0 break-words\">\n<p>K\u00e4lla: Placers analys<\/p>\n<\/td>\n<td class=\"p-2 text-start min-h-10 relative max-w-[250px] border-r border-b border-border dark:border-border-dark last:border-r-0 break-words\">\n<p>\u00a0<\/p>\n<\/td>\n<td class=\"p-2 text-start min-h-10 relative max-w-[250px] border-r border-b border-border dark:border-border-dark last:border-r-0 break-words\">\n<p>\u00a0<\/p>\n<\/td>\n<td class=\"p-2 text-start min-h-10 relative max-w-[250px] border-r border-b border-border dark:border-border-dark last:border-r-0 break-words\">\n<p>\u00a0<\/p>\n<\/td>\n<\/tr>\n<p class=\"font-sans text-base text-text-main dark:text-text-main-dark font-normal leading-[1.4]\">N\u00e4r PPI-aff\u00e4ren g\u00e5r igenom, vilket den v\u00e4ntas g\u00f6ra, f\u00e5r bolaget loss 11 miljarder kronor. Miljarderna ska fr\u00e4mst g\u00e5 \u00e5t att minska skulds\u00e4ttningen genom att \u00e5terk\u00f6pa obligationer, s\u00e4ger Leiv Synnes.<\/p>\n<p class=\"font-sans text-base text-text-main dark:text-text-main-dark font-normal leading-[1.4]\">Nettobel\u00e5ningsgraden l\u00e4r d\u00e5 ligga p\u00e5 strax 57%.<\/p>\n<p class=\"font-sans text-xs font-normal uppercase leading-[1.3] self-start text-text-brand dark:text-text-brand-dark\">Fakta<\/p>\n<p>\u00c5terk\u00f6pserbjudande<\/p>\n<tr class=\"odd:bg-surf-grey dark:odd:bg-surf-grey-dark even:bg-surf-main dark:even:bg-surf-main-dark\">\n<td class=\"p-2 text-start min-h-10 relative max-w-[250px] border-r border-b border-border dark:border-border-dark last:border-r-0 break-words\">\n<p><strong>SBB:s obligationsf\u00f6rfall<\/strong><\/p>\n<\/td>\n<\/tr>\n<tr class=\"odd:bg-surf-grey dark:odd:bg-surf-grey-dark even:bg-surf-main dark:even:bg-surf-main-dark\">\n<td class=\"p-2 text-start min-h-10 relative max-w-[250px] border-r border-b border-border dark:border-border-dark last:border-r-0 break-words\">\n<p>2025<\/p>\n<\/td>\n<td class=\"p-2 text-start min-h-10 relative max-w-[250px] border-r border-b border-border dark:border-border-dark last:border-r-0 break-words\">\n<p>0,1 mdr kr<\/p>\n<\/td>\n<\/tr>\n<tr class=\"odd:bg-surf-grey dark:odd:bg-surf-grey-dark even:bg-surf-main dark:even:bg-surf-main-dark\">\n<td class=\"p-2 text-start min-h-10 relative max-w-[250px] border-r border-b border-border dark:border-border-dark last:border-r-0 break-words\">\n<p>2026<\/p>\n<\/td>\n<td class=\"p-2 text-start min-h-10 relative max-w-[250px] border-r border-b border-border dark:border-border-dark last:border-r-0 break-words\">\n<p>5,7 mdr kr<\/p>\n<\/td>\n<\/tr>\n<tr class=\"odd:bg-surf-grey dark:odd:bg-surf-grey-dark even:bg-surf-main dark:even:bg-surf-main-dark\">\n<td class=\"p-2 text-start min-h-10 relative max-w-[250px] border-r border-b border-border dark:border-border-dark last:border-r-0 break-words\">\n<p>2027<\/p>\n<\/td>\n<td class=\"p-2 text-start min-h-10 relative max-w-[250px] border-r border-b border-border dark:border-border-dark last:border-r-0 break-words\">\n<p>8,5 mdr kr<\/p>\n<\/td>\n<\/tr>\n<tr class=\"odd:bg-surf-grey dark:odd:bg-surf-grey-dark even:bg-surf-main dark:even:bg-surf-main-dark\">\n<td class=\"p-2 text-start min-h-10 relative max-w-[250px] border-r border-b border-border dark:border-border-dark last:border-r-0 break-words\">\n<p>2028-<\/p>\n<\/td>\n<td class=\"p-2 text-start min-h-10 relative max-w-[250px] border-r border-b border-border dark:border-border-dark last:border-r-0 break-words\">\n<p>18,4 mdr kr<\/p>\n<\/td>\n<\/tr>\n<tr class=\"odd:bg-surf-grey dark:odd:bg-surf-grey-dark even:bg-surf-main dark:even:bg-surf-main-dark\">\n<td class=\"p-2 text-start min-h-10 relative max-w-[250px] border-r border-b border-border dark:border-border-dark last:border-r-0 break-words\">\n<p><strong>Summa<\/strong><\/p>\n<\/td>\n<td class=\"p-2 text-start min-h-10 relative max-w-[250px] border-r border-b border-border dark:border-border-dark last:border-r-0 break-words\">\n<p><strong>32,7 mdr kr<\/strong><\/p>\n<\/td>\n<\/tr>\n<p class=\"font-sans text-base text-text-main dark:text-text-main-dark font-normal leading-[1.4]\">SBB har tidigare haft m\u00f6jlighet att \u00e5terk\u00f6pa obligationer till en slags rabatt. Flera g\u00e5nger har de handlats till \u00f6ver 60% av nominellt v\u00e4rde.<\/p>\n<p class=\"font-sans text-base text-text-main dark:text-text-main-dark font-normal leading-[1.4]\">Samma dag som vi g\u00f6r intervjun g\u00e5r SBB ut med ett frivilligt \u00e5terk\u00f6pserbjudande f\u00f6r vissa juniora och seniora obligationer.<\/p>\n<p class=\"font-sans text-base text-text-main dark:text-text-main-dark font-normal leading-[1.4]\">&#8221;Vi r\u00e4knar med att k\u00f6pta tillbaka en stor del av obligationerna till rabatt&#8221;, s\u00e4ger Synnes.<\/p>\n<p>Visa mer<\/p>\n<p class=\"font-sans text-base text-text-main dark:text-text-main-dark font-normal leading-[1.4]\">Det \u00e4r en h\u00f6g niv\u00e5 j\u00e4mf\u00f6rt med m\u00e5nga fastighetsbolag.<\/p>\n<p class=\"font-sans text-base text-text-main dark:text-text-main-dark font-normal leading-[1.4]\">Till exempel <a class=\"text-primary-90 underline hover:text-primary-110 hover:no-underline\" href=\"https:\/\/www.fi.se\/contentassets\/ad79bee9d7a74ae189e8aa025b47eabd\/fi-analys-41-fastighetsftg-minska-skuld.pdf\" rel=\"nofollow noopener\" target=\"_blank\">ber\u00e4knade<\/a> <strong>Finansinspektionen<\/strong> att bara 6% av fastighetsbolagen var bel\u00e5nade \u00f6ver 70% under 2023. D\u00e4r beskrevs ocks\u00e5 hur banker ofta har ett tak p\u00e5 60% bel\u00e5ning n\u00e4r de l\u00e5nar ut till fastighetsbolag.<\/p>\n<p class=\"font-sans text-base text-text-main dark:text-text-main-dark font-normal leading-[1.4]\">Men nu \u00e4r ju inte SBB ett l\u00e4ngre fastighetsbolag, utan ett investmentbolag. F\u00f6r tillf\u00e4llet.<\/p>\n<p class=\"font-sans text-base text-text-main dark:text-text-main-dark font-normal leading-[1.4]\">\u00c4ven j\u00e4mf\u00f6rt med den typen av bolag sticker SBB:s skuld ut. Investmentbolag \u00e4r ofta mycket l\u00e5gt eller inte alls bel\u00e5nade.<\/p>\n<p><img alt=\"Sbb Vd 20\" decoding=\"async\" data-nimg=\"fill\" class=\"rounded-2xl max-w-full\" style=\"position:absolute;height:100%;width:100%;left:0;top:0;right:0;bottom:0;color:transparent\"   src=\"https:\/\/www.europesays.com\/se\/wp-content\/uploads\/2025\/12\/1765453694_225_image\"\/>Foto: Meli Petersson Ellafi\/Bildbyr\u00e5nLeiv Synnes i SBB:s styrelserum.<\/p>\n<p class=\"font-sans text-base text-text-main dark:text-text-main-dark font-normal leading-[1.4]\">&#8221;Jag h\u00e5ller med om att bel\u00e5ningsgraden \u00e4r lite h\u00f6gre&#8221;, s\u00e4ger Synnes.<\/p>\n<p class=\"font-sans text-base text-text-main dark:text-text-main-dark font-normal leading-[1.4]\">&#8221;Det kommer nog ta tid f\u00f6r oss att svara p\u00e5 hur vi f\u00f6rh\u00e5ller oss till det d\u00e4r, bel\u00e5ningsgrad i investment- vs fastighetsbolag.&#8221;<\/p>\n<p class=\"font-sans text-base text-text-main dark:text-text-main-dark font-normal leading-[1.4]\">Han pekar p\u00e5 att det kan ge en positiv h\u00e4vst\u00e5ngseffekt.<\/p>\n<p class=\"font-sans text-base text-text-main dark:text-text-main-dark font-normal leading-[1.4]\"><strong>Det inneb\u00e4r ocks\u00e5 en h\u00f6gre risk.<\/strong><\/p>\n<p class=\"font-sans text-base text-text-main dark:text-text-main-dark font-normal leading-[1.4]\">&#8221;Ja, d\u00e4r f\u00e5r man sj\u00e4lv avg\u00f6ra om man tycker att lite h\u00e4vst\u00e5ng \u00e4r bra eller d\u00e5ligt.&#8221;<\/p>\n<p class=\"font-sans text-base text-text-main dark:text-text-main-dark font-normal leading-[1.4]\">&#8221;Genom att vi nu har attraktiv finansiering p\u00e5 fastigheterna i v\u00e5ra portf\u00f6ljbolag, samtidigt som vi har kvar gammal finansiering i SBB med f\u00f6rm\u00e5nliga villkor, s\u00e5 har vi relativt l\u00e5g r\u00e4ntekostnad trots en h\u00f6g skulds\u00e4ttning.&#8221;<\/p>\n<p>Distans fr\u00e5n media<\/p>\n<p class=\"font-sans text-base text-text-main dark:text-text-main-dark font-normal leading-[1.4]\">I dag h\u00e5lls SBB:s extrainsatta bolagsst\u00e4mma, d\u00e4r f\u00f6rs\u00e4ljningen till PPI v\u00e4ntas r\u00f6stas igenom. Leiv Synnes s\u00e4ger att f\u00f6rslaget har bra st\u00f6d fr\u00e5n stor\u00e4garna.<\/p>\n<p class=\"font-sans text-base text-text-main dark:text-text-main-dark font-normal leading-[1.4]\">Initialt reagerade marknaden positivt p\u00e5 beskedet om aff\u00e4ren, men i dag pekar stamaktien ner 7% sedan dess.<\/p>\n<p class=\"font-sans text-base text-text-main dark:text-text-main-dark font-normal leading-[1.4]\">Placeras analytiker <strong>Daniel Zetterberg<\/strong> beskrev <a class=\"text-primary-90 underline hover:text-primary-110 hover:no-underline\" href=\"https:\/\/www.placera.se\/analys\/sbb-aktien-ar-knappast-billig--trots-forsaljningen-2025-11-14\" rel=\"nofollow noopener\" target=\"_blank\">draget som<\/a> &#8221;en fastighetskarusell&#8221;, och att aktien &#8221;knappast&#8221; var billig. &#8221;Knappast en dr\u00f6maff\u00e4r f\u00f6r SBB&#8221;, <a class=\"text-primary-90 underline hover:text-primary-110 hover:no-underline\" href=\"https:\/\/www.di.se\/nyheter\/knappast-en-dromaffar-for-sbb\/\" rel=\"nofollow noopener\" target=\"_blank\">skrev<\/a> Di:s analytiker <strong>Torbj\u00f6rn Isacson<\/strong>.<\/p>\n<p class=\"font-sans text-base text-text-main dark:text-text-main-dark font-normal leading-[1.4]\">Det verkar inte r\u00f6ra Leiv Synnes i ryggen.<\/p>\n<p class=\"font-sans text-base text-text-main dark:text-text-main-dark font-normal leading-[1.4]\">&#8221;Att l\u00e4gga f\u00f6r mycket energi p\u00e5 vad media skriver tar tid fr\u00e5n att fokusera p\u00e5 bolaget. Jag har valt att f\u00f6rs\u00f6ka distansera mig fr\u00e5n media och fokusera mer p\u00e5 arbetslivet.&#8221;<\/p>\n<p class=\"font-sans text-base text-text-main dark:text-text-main-dark font-normal leading-[1.4]\">Senast f\u00f6rra m\u00e5naden publicerade VD:n ett inl\u00e4gg p\u00e5 <strong>X<\/strong>, f\u00f6r att kommentera ett s\u00e4ljr\u00e5d p\u00e5 bolaget.<\/p>\n<p class=\"font-sans text-base text-text-main dark:text-text-main-dark font-normal leading-[1.4]\">&#8221;Bara att jobba p\u00e5. Vi recenserar SBB vs media n\u00e4r jobbet \u00e4r klart&#8221;, skrev han d\u00e5.<\/p>\n<p class=\"font-sans text-base text-text-main dark:text-text-main-dark font-normal leading-[1.4]\"><strong>Tycker du att finansmedia kan hj\u00e4lpa aktie\u00e4gare f\u00e5 st\u00f6rre insyn i bolag?<\/strong><\/p>\n<p class=\"font-sans text-base text-text-main dark:text-text-main-dark font-normal leading-[1.4]\">&#8221;Jo, men jag tycker att vi har blivit successivt b\u00e4ttre p\u00e5 att f\u00f6rmedla v\u00e5r verksamhet genom rapporter och egen kommunikation&#8221;, s\u00e4ger Leiv Synnes.<\/p>\n<p><img alt=\"Sbb Vd 05\" decoding=\"async\" data-nimg=\"fill\" class=\"rounded-2xl max-w-full\" style=\"position:absolute;height:100%;width:100%;left:0;top:0;right:0;bottom:0;color:transparent\"   src=\"https:\/\/www.europesays.com\/se\/wp-content\/uploads\/2025\/12\/1765453695_378_image\"\/>Foto: Meli Petersson Ellafi\/Bildbyr\u00e5nTycker kommunikationen var otydlig<\/p>\n<p class=\"font-sans text-base text-text-main dark:text-text-main-dark font-normal leading-[1.4]\">VD:n ber\u00e4ttar om en kurs han gick h\u00e4romveckan, ett slags medietr\u00e4ning. D\u00e4r l\u00f6d r\u00e5det: kommer den h\u00e4r artikeln ha betydelse f\u00f6r bolaget om ett \u00e5r?<\/p>\n<p class=\"font-sans text-base text-text-main dark:text-text-main-dark font-normal leading-[1.4]\"><strong>Jag kommer fortfarande ih\u00e5g hur din f\u00f6retr\u00e4dare Ilija Batljan beskrev SBB som &#8221;Nordens tryggaste fastighetsbolag&#8221; i ett avsnitt av B\u00f6rspodden f\u00f6r fem \u00e5r sen.<\/strong><\/p>\n<p class=\"font-sans text-base text-text-main dark:text-text-main-dark font-normal leading-[1.4]\">&#8221;Jag vill inte recensera st\u00e4llningstaganden som gjordes d\u00e5&#8230; men det finns alltid en risk med aktier. Speciellt i en s\u00e5 konjunkturk\u00e4nslig bransch som fastigheter&#8221;, s\u00e4ger Leiv Synnes.<\/p>\n<p class=\"font-sans text-base text-text-main dark:text-text-main-dark font-normal leading-[1.4]\">&#8221;\u00c5 andra sidan \u00e4r fastigheter reala tillg\u00e5ngar, till skillnad fr\u00e5n m\u00e5nga andra. Men som sagt, l\u00e5ngt ifr\u00e5n riskfritt.&#8221;<\/p>\n<p class=\"font-sans text-base text-text-main dark:text-text-main-dark font-normal leading-[1.4]\">Ilija Batljan utlovade ocks\u00e5 <a class=\"text-primary-90 underline hover:text-primary-110 hover:no-underline\" href=\"https:\/\/omni.se\/ilija-batljan-lovar-hojd-utdelning-narmsta-100-aren\/a\/bGaWRl\" rel=\"nofollow noopener\" target=\"_blank\">flera g\u00e5nger<\/a> att SBB skulle h\u00f6ja utdelningen i 100 \u00e5r<\/p>\n<p class=\"font-sans text-base text-text-main dark:text-text-main-dark font-normal leading-[1.4]\"><strong>Var SBB:s kommunikation otydlig innan du klev in?<\/strong><\/p>\n<p class=\"font-sans text-base text-text-main dark:text-text-main-dark font-normal leading-[1.4]\">&#8221;Ja.&#8221;<\/p>\n<p>Synnes p\u00e5 sedeln<\/p>\n<p class=\"font-sans text-base text-text-main dark:text-text-main-dark font-normal leading-[1.4]\">Det har blivit ljusare och klockan n\u00e4rmar sig 9.00. Vi reser oss upp och g\u00e5r husesyn p\u00e5 kontoret.<\/p>\n<p class=\"font-sans text-base text-text-main dark:text-text-main-dark font-normal leading-[1.4]\">Sm\u00e5leende Synnes har n\u00e5got busigt \u00f6ver sig. Jag fr\u00e5gar om ett foto han publicerade p\u00e5 X f\u00f6rra vintern. Det visade en hundradollarsedel d\u00e4r Leiv Synnes stod i mitten, i st\u00e4llet f\u00f6r Benjamin Franklin.<\/p>\n<p><img alt=\"Sedlar\" decoding=\"async\" data-nimg=\"fill\" class=\"rounded-2xl max-w-full\" style=\"position:absolute;height:100%;width:100%;left:0;top:0;right:0;bottom:0;color:transparent\"   src=\"https:\/\/www.europesays.com\/se\/wp-content\/uploads\/2025\/12\/1765453695_246_image\"\/><\/p>\n<p class=\"font-sans text-base text-text-main dark:text-text-main-dark font-normal leading-[1.4]\">&#8221;Det var \u00e4mnat till n\u00e5gon blankare&#8221;, minns VD:n och nickar.<\/p>\n<p class=\"font-sans text-base text-text-main dark:text-text-main-dark font-normal leading-[1.4]\">Han g\u00e5r igenom en d\u00f6rr och vi f\u00e5r v\u00e4nta utanf\u00f6r. Efter n\u00e5gon minut kommer han tillbaka. Tre olika varianter p\u00e5 trycka dollarsedlar, alla med hans ansikte inklippt p\u00e5 n\u00e5got slags AI-vis.<\/p>\n<p class=\"font-sans text-base text-text-main dark:text-text-main-dark font-normal leading-[1.4]\">&#8221;Min v\u00e4n skickade en bunt sedlar till mig f\u00f6r att fira&#8221;, ber\u00e4ttar han.<\/p>\n<p class=\"font-sans text-base text-text-main dark:text-text-main-dark font-normal leading-[1.4]\">Det handlade om en r\u00e4ttstvist med <strong>Fir Tree<\/strong>. Hedgefonden hade h\u00e4vdat att SBB brutit villkor f\u00f6r sina obligationer, men drog senare tillbaka sina r\u00e4ttsliga f\u00f6rfaranden.<\/p>\n<p class=\"font-sans text-base text-text-main dark:text-text-main-dark font-normal leading-[1.4]\">&#8221;D\u00e5 skickade jag en bild p\u00e5 dem till en blankare p\u00e5 X f\u00f6r att visa att vi fick r\u00e4tt.&#8221;<\/p>\n<p class=\"font-sans text-base text-text-main dark:text-text-main-dark font-normal leading-[1.4]\">SBB har l\u00e4nge legat i den absoluta toppen bland Stockholmsb\u00f6rsens mest blankade bolag. Just nu \u00e4r n\u00e4stan 14% av aktierna blankade.<\/p>\n<p class=\"font-sans text-base text-text-main dark:text-text-main-dark font-normal leading-[1.4]\">&#8221;Jag \u00e4r inte s\u00e5 sur \u00f6ver att det finns blankare i aktien&#8221;, s\u00e4ger han men till\u00e4gger:<\/p>\n<p class=\"font-sans text-base text-text-main dark:text-text-main-dark font-normal leading-[1.4]\">&#8221;S\u00e5 klart hoppas vi att f\u00e4rre ska vilja betta p\u00e5 v\u00e5r akties nedg\u00e5ng.&#8221;<\/p>\n<p>Mycket kvar att g\u00f6ra<\/p>\n<p class=\"font-sans text-base text-text-main dark:text-text-main-dark font-normal leading-[1.4]\">Fram\u00f6ver planerar SBB allts\u00e5 att inom n\u00e5gra \u00e5r utv\u00e4rdera formen som investmentbolag, och eventuellt \u00e4ndra den.<\/p>\n<p class=\"font-sans text-base text-text-main dark:text-text-main-dark font-normal leading-[1.4]\"><strong>Kommer ni ut\u00f6ka portf\u00f6ljen tills dess?<\/strong><\/p>\n<p class=\"font-sans text-base text-text-main dark:text-text-main-dark font-normal leading-[1.4]\">&#8221;Det \u00e4r fullt m\u00f6jligt&#8221;, svarar VD:n.<\/p>\n<p class=\"font-sans text-base text-text-main dark:text-text-main-dark font-normal leading-[1.4]\"><strong>Inom andra sektorer \u00e4n fastigheter?<\/strong><\/p>\n<p class=\"font-sans text-base text-text-main dark:text-text-main-dark font-normal leading-[1.4]\">&#8221;Nej, det kommer inte h\u00e4nda. Eller, man ska aldrig s\u00e4ga aldrig, men vi f\u00f6r inga s\u00e5dana diskussioner.&#8221;<\/p>\n<p><img alt=\"Sbb Vd 16\" decoding=\"async\" data-nimg=\"fill\" class=\"rounded-2xl max-w-full\" style=\"position:absolute;height:100%;width:100%;left:0;top:0;right:0;bottom:0;color:transparent\"   src=\"https:\/\/www.europesays.com\/se\/wp-content\/uploads\/2025\/12\/1765453696_581_image\"\/>Foto: Meli Petersson Ellafi\/Bildbyr\u00e5nLeiv Synnes har inga planer p\u00e5 att l\u00e4mna SBB.<\/p>\n<p class=\"font-sans text-base text-text-main dark:text-text-main-dark font-normal leading-[1.4]\">Leiv Synnes beskriver sin roll p\u00e5 SBB som ett slags turnaround-case och en utmaning. N\u00e4r kommer han k\u00e4nna att den utmaningen \u00e4r avklarad?<\/p>\n<p class=\"font-sans text-base text-text-main dark:text-text-main-dark font-normal leading-[1.4]\">&#8221;Jag har fortfarande mycket kvar att g\u00f6ra p\u00e5 SBB&#8221;, s\u00e4ger han.<\/p>\n<p class=\"font-sans text-base text-text-main dark:text-text-main-dark font-normal leading-[1.4]\">&#8221;Sen f\u00e5r man inte gl\u00f6mma att vi har tv\u00e5 entrepren\u00f6rer som stor\u00e4gare.&#8221;<\/p>\n<p class=\"font-sans text-base text-text-main dark:text-text-main-dark font-normal leading-[1.4]\">VD:n syftar p\u00e5 grundaren Ilija Batljan och den norske oljemiljard\u00e4ren <strong>Kjell-Inge R\u00f8kke<\/strong>, som i v\u00e5ras klev in i SBB via <strong>Aker Capital<\/strong>. I dag \u00e4r han bolagets st\u00f6rsta kapitalm\u00e4ssiga \u00e4gare.<\/p>\n<p class=\"font-sans text-base text-text-main dark:text-text-main-dark font-normal leading-[1.4]\">&#8221;Jag har jobbat med entrepren\u00f6rer som Roger Akelius hela livet. Med s\u00e5dana dyker det alltid upp n\u00e5gonting&#8221;, ber\u00e4ttar Leiv Synnes.<\/p>\n<p class=\"font-sans text-base text-text-main dark:text-text-main-dark font-normal leading-[1.4]\">&#8221;D\u00e4rf\u00f6r \u00e4r jag s\u00e4ker p\u00e5 att det kommer dyka upp en massa nytt att ta tag i.&#8221;<\/p>\n","protected":false},"excerpt":{"rendered":"&#8221;T\u00e4nk dig att du \u00e4r en kirurg p\u00e5 ett flygplan. Pl\u00f6tsligt blir n\u00e5gon sjuk. D\u00e5 \u00e4r det v\u00e4l&hellip;\n","protected":false},"author":2,"featured_media":102783,"comment_status":"","ping_status":"","sticky":false,"template":"","format":"standard","meta":{"footnotes":""},"categories":[65],"tags":[72,70,71,6657,2293,6140,6649,6650,34,31,33,32,30],"class_list":{"0":"post-102782","1":"post","2":"type-post","3":"status-publish","4":"format-standard","5":"has-post-thumbnail","7":"category-ekonomi","8":"tag-business","9":"tag-economy","10":"tag-ekonomi","11":"tag-fastighetsbolag","12":"tag-intervjuer","13":"tag-investmentbolag","14":"tag-samhallsbyggnadsbolaget-i-norden","15":"tag-sbb-norden-d","16":"tag-se","17":"tag-svenska","18":"tag-sverige","19":"tag-sweden","20":"tag-swedish"},"share_on_mastodon":{"url":"https:\/\/pubeurope.com\/@se\/115700780793026131","error":""},"_links":{"self":[{"href":"https:\/\/www.europesays.com\/se\/wp-json\/wp\/v2\/posts\/102782","targetHints":{"allow":["GET"]}}],"collection":[{"href":"https:\/\/www.europesays.com\/se\/wp-json\/wp\/v2\/posts"}],"about":[{"href":"https:\/\/www.europesays.com\/se\/wp-json\/wp\/v2\/types\/post"}],"author":[{"embeddable":true,"href":"https:\/\/www.europesays.com\/se\/wp-json\/wp\/v2\/users\/2"}],"replies":[{"embeddable":true,"href":"https:\/\/www.europesays.com\/se\/wp-json\/wp\/v2\/comments?post=102782"}],"version-history":[{"count":0,"href":"https:\/\/www.europesays.com\/se\/wp-json\/wp\/v2\/posts\/102782\/revisions"}],"wp:featuredmedia":[{"embeddable":true,"href":"https:\/\/www.europesays.com\/se\/wp-json\/wp\/v2\/media\/102783"}],"wp:attachment":[{"href":"https:\/\/www.europesays.com\/se\/wp-json\/wp\/v2\/media?parent=102782"}],"wp:term":[{"taxonomy":"category","embeddable":true,"href":"https:\/\/www.europesays.com\/se\/wp-json\/wp\/v2\/categories?post=102782"},{"taxonomy":"post_tag","embeddable":true,"href":"https:\/\/www.europesays.com\/se\/wp-json\/wp\/v2\/tags?post=102782"}],"curies":[{"name":"wp","href":"https:\/\/api.w.org\/{rel}","templated":true}]}}