{"id":102796,"date":"2025-12-11T11:59:11","date_gmt":"2025-12-11T11:59:11","guid":{"rendered":"https:\/\/www.europesays.com\/se\/102796\/"},"modified":"2025-12-11T11:59:11","modified_gmt":"2025-12-11T11:59:11","slug":"forklarar-nu-satogs-ikoniska-fotot","status":"publish","type":"post","link":"https:\/\/www.europesays.com\/se\/102796\/","title":{"rendered":"F\u00f6rklarar nu: S\u00e5\ntogs ikoniska fotot"},"content":{"rendered":"<p>Publicerad 11 dec 2025 kl 12.10<\/p>\n<p>Planeringen p\u00e5gick i m\u00e5nader.\u00a0<\/p>\n<p>Efter sex misslyckade f\u00f6rs\u00f6k kunde astrofotografen Andrew McCarthy till slut ta precis den bild han dr\u00f6mt om.<\/p>\n<p>\u2013 Den var perfekt. Vi visste direkt att vi hade f\u00e5tt n\u00e5got riktigt speciellt, s\u00e4ger han till <a href=\"https:\/\/edition.cnn.com\/2025\/12\/05\/science\/fall-of-icarus-skydiver-image\" rel=\"nofollow noopener\" target=\"_blank\">CNN.<\/a>\u00a0<\/p>\n<p><img   alt=\"\"\/><\/p>\n<p>Astrofotografen f\u00f6rklarar hur den virala bilden togs.<\/p>\n<p>Foto: Andrew McCarthy \/ cosmicbackground.io<\/p>\n<p>\u00d6ppna bild i helsk\u00e4rm<\/p>\n<p>M\u00e5nga som ser fotografiet tror att det \u00e4r skapat med hj\u00e4lp av artificiell intelligens. Men det \u00e4r \u00e4kta.\u00a0<\/p>\n<p>Det togs den 8 november, fr\u00e5n den torrlagda sj\u00f6botten Wilcox Playa i Arizona. Astrofotografen Andrew McCarthy hade planerat det hela i flera m\u00e5nader, skriver <a href=\"https:\/\/edition.cnn.com\/2025\/12\/05\/science\/fall-of-icarus-skydiver-image\" rel=\"nofollow noopener\" target=\"_blank\">CNN.<\/a>\u00a0<\/p>\n<p>P\u00e5 fotografiet, som d\u00f6pts till \u201dIkaros fall\u201d efter den grekiska myten om h\u00f6gmod, ser det ut som att en m\u00e4nniska faller ner framf\u00f6r solen.\u00a0<\/p>\n<p>Men det \u00e4r en fallsk\u00e4rmshoppare, Gabriel C Brown som \u00e4r v\u00e4n med astrofotografen, vi ser.\u00a0<\/p>\n<p>Den st\u00f6rsta utmaningen var att f\u00e5 flygplanet i exakt r\u00e4tt position. N\u00e4r det fl\u00f6g i r\u00e4tt l\u00e4ge mellan solen och kameran skickade ett teleskop upp en ljus blixt, vilket markerade f\u00f6r piloten att linjen var perfekt. \u00a0<\/p>\n<p>Gabriel C Brown hade p\u00e5 sig ett headset kopplat till hans Iphone, f\u00f6r att kunna f\u00e5 klartecken av Andrew McCarthy om att hoppa. \u00a0<\/p>\n<p><img loading=\"lazy\"   alt=\"\"\/><\/p>\n<p>Fallsk\u00e4rmshopparen Gabriel C. Brown \u201dframf\u00f6r solen\u201d.<\/p>\n<p>Foto: Andrew McCarthy \/ cosmicbackground.io<\/p>\n<p>\u00d6ppna bild i helsk\u00e4rm\u201dFick du den?\u201d<\/p>\n<p>Sex g\u00e5nger fl\u00f6g planet \u201dn\u00e4stan r\u00e4tt\u201d. Det b\u00f6rjade bli br\u00e5ttom. Solen beh\u00f6vde st\u00e5 l\u00e5gt f\u00f6r att det hela skulle fungera och snart skulle den st\u00e5 f\u00f6r h\u00f6gt.\u00a0<\/p>\n<p>Gabriel C Brown ber\u00e4ttar f\u00f6r <a href=\"https:\/\/www.expressen.se\/tagg\/organization\/cnn\/\" class=\"\" rel=\"nofollow noopener\" target=\"_blank\">CNN<\/a> att han sa:\u00a0<\/p>\n<p>\u2013 S\u00e4g inte \u00e5t mig att hoppa om du inte \u00e4r helt s\u00e4ker.\u00a0<\/p>\n<p>Den sjunde g\u00e5ngen fl\u00f6g planet precis r\u00e4tt. Gabriel C Brown fick klartecken att hoppa.\u00a0<\/p>\n<p>\u2013 Fick du den? fr\u00e5gade han medan han f\u00f6ll mot marken.\u00a0<\/p>\n<p>Och det fick han.\u00a0<\/p>\n<p>\u2013 Den var perfekt. Vi visste direkt att vi hade f\u00e5tt n\u00e5got riktigt speciellt, s\u00e4ger Andrew McCarthy till CNN.<\/p>\n<p><strong>L\u00c4S MER: <\/strong><a href=\"https:\/\/www.expressen.se\/nyheter\/varlden\/astronomer-kan-ha-sett-mork-materia-for-forsta-gangen\/\" class=\"\" rel=\"nofollow noopener\" target=\"_blank\">Astronomer kan ha \u201dsett\u201d m\u00f6rk materia f\u00f6r f\u00f6rsta g\u00e5ngen<\/a><strong>L\u00c4S MER: <\/strong><a href=\"https:\/\/www.expressen.se\/nyheter\/varlden\/komet-fran-bortom-stjarnorna-fotad-av-sond\/\" class=\"\" rel=\"nofollow noopener\" target=\"_blank\">Komet fr\u00e5n bortom stj\u00e4rnorna fotad av sond<\/a><\/p>\n","protected":false},"excerpt":{"rendered":"Publicerad 11 dec 2025 kl 12.10 Planeringen p\u00e5gick i m\u00e5nader.\u00a0 Efter sex misslyckade f\u00f6rs\u00f6k kunde astrofotografen Andrew McCarthy&hellip;\n","protected":false},"author":2,"featured_media":102797,"comment_status":"","ping_status":"","sticky":false,"template":"","format":"standard","meta":{"footnotes":""},"categories":[5],"tags":[22,23,26,27,17,21,24,25,424,28,29,15,16,962,18,34,55,31,33,32,30,19,523,20],"class_list":{"0":"post-102796","1":"post","2":"type-post","3":"status-publish","4":"format-standard","5":"has-post-thumbnail","7":"category-rubriker","8":"tag-breaking-news","9":"tag-breakingnews","10":"tag-featured-news","11":"tag-featurednews","12":"tag-headlines","13":"tag-huvudnyheter","14":"tag-latest-news","15":"tag-latestnews","16":"tag-location-arizona","17":"tag-main-news","18":"tag-mainnews","19":"tag-news","20":"tag-nyheter","21":"tag-organization-cnn","22":"tag-rubriker","23":"tag-se","24":"tag-sections-varlden","25":"tag-svenska","26":"tag-sverige","27":"tag-sweden","28":"tag-swedish","29":"tag-top-stories","30":"tag-topic-rymden","31":"tag-topstories"},"share_on_mastodon":{"url":"https:\/\/pubeurope.com\/@se\/115700824083542021","error":""},"_links":{"self":[{"href":"https:\/\/www.europesays.com\/se\/wp-json\/wp\/v2\/posts\/102796","targetHints":{"allow":["GET"]}}],"collection":[{"href":"https:\/\/www.europesays.com\/se\/wp-json\/wp\/v2\/posts"}],"about":[{"href":"https:\/\/www.europesays.com\/se\/wp-json\/wp\/v2\/types\/post"}],"author":[{"embeddable":true,"href":"https:\/\/www.europesays.com\/se\/wp-json\/wp\/v2\/users\/2"}],"replies":[{"embeddable":true,"href":"https:\/\/www.europesays.com\/se\/wp-json\/wp\/v2\/comments?post=102796"}],"version-history":[{"count":0,"href":"https:\/\/www.europesays.com\/se\/wp-json\/wp\/v2\/posts\/102796\/revisions"}],"wp:featuredmedia":[{"embeddable":true,"href":"https:\/\/www.europesays.com\/se\/wp-json\/wp\/v2\/media\/102797"}],"wp:attachment":[{"href":"https:\/\/www.europesays.com\/se\/wp-json\/wp\/v2\/media?parent=102796"}],"wp:term":[{"taxonomy":"category","embeddable":true,"href":"https:\/\/www.europesays.com\/se\/wp-json\/wp\/v2\/categories?post=102796"},{"taxonomy":"post_tag","embeddable":true,"href":"https:\/\/www.europesays.com\/se\/wp-json\/wp\/v2\/tags?post=102796"}],"curies":[{"name":"wp","href":"https:\/\/api.w.org\/{rel}","templated":true}]}}