{"id":102812,"date":"2025-12-11T12:16:09","date_gmt":"2025-12-11T12:16:09","guid":{"rendered":"https:\/\/www.europesays.com\/se\/102812\/"},"modified":"2025-12-11T12:16:09","modified_gmt":"2025-12-11T12:16:09","slug":"nu-har-sasongen-for-vinterkraksjuka-startat-folkhalsomyndigheten","status":"publish","type":"post","link":"https:\/\/www.europesays.com\/se\/102812\/","title":{"rendered":"Nu har s\u00e4songen f\u00f6r vinterkr\u00e4ksjuka startat \u2014 Folkh\u00e4lsomyndigheten"},"content":{"rendered":"<p>&#13;<\/p>\n<p>Epidemin f\u00f6r vinterkr\u00e4ksjuka har startat f\u00f6r s\u00e4songen, och antalet fall f\u00f6rv\u00e4ntas \u00f6ka den n\u00e4rmaste tiden. Viruset som orsakar vinterkr\u00e4ksjuka \u00e4r mycket smittsamt.<\/p>\n<p>        &#13;<br \/>\n&#13;<br \/>\n    &#13;<\/p>\n<p>Att epidemin nu \u00e4r ig\u00e5ng betyder att spridningen av vinterkr\u00e4ksjuka har tagit fart i samh\u00e4llet, och att antalet fall f\u00f6rv\u00e4ntas \u00f6ka under den kommande perioden. Epidemin brukar p\u00e5g\u00e5 mellan november och april, men sjukdomsfall f\u00f6rekommer under hela \u00e5ret.<\/p>\n<p>\u2013 Hur pass omfattande spridningen blir g\u00e5r \u00e4nnu inte att f\u00f6rutsp\u00e5. F\u00f6rra s\u00e4songen rapporterades f\u00e4rre fall av vinterkr\u00e4ksjuka \u00e4n \u00e5ret innan, med en l\u00e4gre och n\u00e5got senare topp \u00e4n under s\u00e4songen 2023\u20132024, s\u00e4ger bitr\u00e4dande statsepidemiolog Klara Sond\u00e9n.<\/p>\n<p>Vinterkr\u00e4ksjuka orsakas av calicivirus, och oftast tar det 12 till 48 timmar fr\u00e5n att en person blivit smittad till att symtom bryter ut. Viruset \u00e4r mycket smittsamt och kan spridas b\u00e5de mellan m\u00e4nniskor och fr\u00e5n f\u00f6rorenade livsmedel och f\u00f6rem\u00e5l. Vinterkr\u00e4ksjuka kan drabba personer i alla \u00e5ldrar, men sm\u00e5 barn och \u00e4ldre personer riskerar allvarligare sjukdom.<\/p>\n<p>Viktigt att tv\u00e4tta h\u00e4nderna<\/p>\n<p>F\u00f6r att minska risken att smittan sprids \u00e4r det viktigt att det finns m\u00f6jlighet att tv\u00e4tta h\u00e4nderna i offentliga milj\u00f6er. Pappershanddukar, inte handdukar av tyg, b\u00f6r anv\u00e4ndas p\u00e5 arbetsplatser, skolor och f\u00f6rskolor. De flesta typer av handdesinfektion har inte tillr\u00e4cklig effekt mot vinterkr\u00e4ksjukeviruset, d\u00e4rf\u00f6r rekommenderas noggrann reng\u00f6ring med tv\u00e5l och vatten.<\/p>\n<p>\u2013 God handhygien och att stanna hemma n\u00e4r man \u00e4r sjuk \u00e4r n\u00e5gra av de mest effektiva \u00e5tg\u00e4rderna f\u00f6r att skydda sig sj\u00e4lv och andra fr\u00e5n smitta. Det \u00e4r s\u00e4rskilt viktigt inom h\u00e4lso- och sjukv\u00e5rden och omsorgen. Genom att f\u00f6lja rdetta kan man minska risken f\u00f6r att smittan sprids, s\u00e4ger Klara Sond\u00e9n.<\/p>\n<p>Om man har vinterkr\u00e4ksjuka eller misst\u00e4nker att man kan ha blivit smittad, till exempel genom kontakt med en sjuk person, \u00e4r det viktigt att vara s\u00e4rskilt noggrann med handhygienen. Undvik ocks\u00e5 att hantera mat som andra ska \u00e4ta. Personer med symtom b\u00f6r begr\u00e4nsa n\u00e4ra kontakt med andra s\u00e5 mycket som m\u00f6jligt. Barn i f\u00f6rskole\u00e5ldern med vinterkr\u00e4ksjuka beh\u00f6ver stanna hemma minst tv\u00e5 dygn efter symtom innan de kan g\u00e5 tillbaka till f\u00f6rskolan.<\/p>\n<p>Fakta om vinterkr\u00e4ksjuka<\/p>\n<ul>\n<li>Calicivirus som orsakar vinterkr\u00e4ksjuka \u00e4r mycket smittsamt. En sjuk person kan uts\u00f6ndra stora m\u00e4ngder virus i avf\u00f6ringen och genom kr\u00e4kningar.<\/li>\n<li>Viruset kan \u00f6verleva l\u00e4nge i milj\u00f6n, men inte f\u00f6r\u00f6ka sig, och \u00f6verf\u00f6rs genom ber\u00f6ring av f\u00f6rorenade ytor.<\/li>\n<li>Inkubationstiden \u00e4r 12\u201348 timmar. De vanligaste symtomen \u00e4r illam\u00e5ende, kr\u00e4kningar, diarr\u00e9, ont i magen, huvudv\u00e4rk, ont i kroppen och feber. Man kan ocks\u00e5 vara b\u00e4rare av viruset utan att ha symtom.<\/li>\n<li>Viruset kan spridas p\u00e5 olika s\u00e4tt \u2013 genom direkt eller indirekt kontakt med smittade personer, via livsmedel som hanterats och f\u00f6rorenats av en smittad person, eller som f\u00f6rorenats med avloppsvatten.<\/li>\n<\/ul>\n<p>Folkh\u00e4lsomyndigheten f\u00f6ljer utvecklingen och publicerar rapporter om calicil\u00e4get varannan vecka under s\u00e4songen.<\/p>\n<p>L\u00e4s mer<br \/>\n&#13;<\/p>\n","protected":false},"excerpt":{"rendered":"&#13; Epidemin f\u00f6r vinterkr\u00e4ksjuka har startat f\u00f6r s\u00e4songen, och antalet fall f\u00f6rv\u00e4ntas \u00f6ka den n\u00e4rmaste tiden. Viruset som&hellip;\n","protected":false},"author":2,"featured_media":7954,"comment_status":"","ping_status":"","sticky":false,"template":"","format":"standard","meta":{"footnotes":""},"categories":[69],"tags":[113,112,34,31,33,32,30],"class_list":{"0":"post-102812","1":"post","2":"type-post","3":"status-publish","4":"format-standard","5":"has-post-thumbnail","7":"category-halsa","8":"tag-halsa","9":"tag-health","10":"tag-se","11":"tag-svenska","12":"tag-sverige","13":"tag-sweden","14":"tag-swedish"},"share_on_mastodon":{"url":"https:\/\/pubeurope.com\/@se\/115700890602485367","error":""},"_links":{"self":[{"href":"https:\/\/www.europesays.com\/se\/wp-json\/wp\/v2\/posts\/102812","targetHints":{"allow":["GET"]}}],"collection":[{"href":"https:\/\/www.europesays.com\/se\/wp-json\/wp\/v2\/posts"}],"about":[{"href":"https:\/\/www.europesays.com\/se\/wp-json\/wp\/v2\/types\/post"}],"author":[{"embeddable":true,"href":"https:\/\/www.europesays.com\/se\/wp-json\/wp\/v2\/users\/2"}],"replies":[{"embeddable":true,"href":"https:\/\/www.europesays.com\/se\/wp-json\/wp\/v2\/comments?post=102812"}],"version-history":[{"count":0,"href":"https:\/\/www.europesays.com\/se\/wp-json\/wp\/v2\/posts\/102812\/revisions"}],"wp:featuredmedia":[{"embeddable":true,"href":"https:\/\/www.europesays.com\/se\/wp-json\/wp\/v2\/media\/7954"}],"wp:attachment":[{"href":"https:\/\/www.europesays.com\/se\/wp-json\/wp\/v2\/media?parent=102812"}],"wp:term":[{"taxonomy":"category","embeddable":true,"href":"https:\/\/www.europesays.com\/se\/wp-json\/wp\/v2\/categories?post=102812"},{"taxonomy":"post_tag","embeddable":true,"href":"https:\/\/www.europesays.com\/se\/wp-json\/wp\/v2\/tags?post=102812"}],"curies":[{"name":"wp","href":"https:\/\/api.w.org\/{rel}","templated":true}]}}