{"id":102856,"date":"2025-12-11T12:59:12","date_gmt":"2025-12-11T12:59:12","guid":{"rendered":"https:\/\/www.europesays.com\/se\/102856\/"},"modified":"2025-12-11T12:59:12","modified_gmt":"2025-12-11T12:59:12","slug":"microsoft-teams-far-funktion-som-sparar-anstalldas-position-via-wifi","status":"publish","type":"post","link":"https:\/\/www.europesays.com\/se\/102856\/","title":{"rendered":"Microsoft Teams f\u00e5r funktion som sp\u00e5rar anst\u00e4lldas position via wifi"},"content":{"rendered":"<p class=\"kicker color_mobile_no_bg_color\" style=\"\">TECH<\/p>\n<p>\n        Snart blir det tydligt var du befinner dig.<br \/>\n        Foto: Unsplash\n    <\/p>\n<p>    H\u00e5ller du dig borta fr\u00e5n kontoret i hemlighet? Microsoft Teams nya funktion sp\u00e5rar automatiskt var anst\u00e4llda befinner sig via wifi.<\/p>\n<p>En baksida med den popul\u00e4ra arbetsformen <a href=\"https:\/\/www.nyteknik.se\/karriar\/stor-guide-sa-lyckas-du-pa-en-hybrid-arbetsplats\/335716\" rel=\"nofollow noopener\" target=\"_blank\">hybridarbete<\/a> \u00e4r att det ibland kan vara sv\u00e5rt att veta var man har sina kollegor. Rent fysiskt allts\u00e5. Och \u00e4ven om arbetsformen \u00e4r popul\u00e4r b\u00f6rjar <a href=\"https:\/\/www.nyteknik.se\/karriar\/volvo-kallar-in-10-000-anstallda-kontorsarbete-blir-standard\/4334915\" rel=\"nofollow noopener\" target=\"_blank\">allt fler arbetsplatser kalla tillbaka sina anst\u00e4llda<\/a>.<\/p>\n<p>Microsoft tror sig ha en l\u00f6sning p\u00e5 detta och rullar nu ut en ny funktion i den brett anv\u00e4nda tj\u00e4nsten Teams, som automatiskt sp\u00e5rar anv\u00e4ndarnas arbetsplats genom wifi-anslutning.\u00a0<\/p>\n<p>Systemet uppdaterar platsinformation n\u00e4r anst\u00e4llda ansluter till f\u00f6retagets wifi eller kopplar in laptopen till konfigurerade skrivbordstillbeh\u00f6r som sk\u00e4rmar,\u00a0enligt\u00a0<a href=\"https:\/\/learn.microsoft.com\/en-us\/microsoft-365\/places\/configure-auto-detect-work-location\" target=\"_blank\" rel=\"nofollow noopener\">Microsoft<\/a>. Medarbetare beh\u00f6ver allts\u00e5 inte l\u00e4ngre manuellt uppdatera sin status eller meddela sina kollegor.<\/p>\n<p>Det h\u00e4r ska g\u00f6ra det enklare f\u00f6r kollegor att hitta varandra f\u00f6r personliga m\u00f6ten. Men det g\u00f6r det ocks\u00e5 enklare f\u00f6r chefer att \u00f6vervaka sina anst\u00e4llda.<\/p>\n<p>S\u00e5 fungerar sp\u00e5rning i Teams<\/p>\n<p>Platssp\u00e5rningsfunktionen i Teams b\u00f6rjar rullas ut i februari n\u00e4sta \u00e5r, en f\u00f6rsening fr\u00e5n ursprungliga planer. Funktionen kommer vara avst\u00e4ngd som standard och kr\u00e4ver att administrat\u00f6rer aktiverar den samt att anv\u00e4ndare godk\u00e4nner.\u00a0<\/p>\n<p>Systemet visar antingen \u201dp\u00e5 kontoret\u201d eller specifik byggnad beroende p\u00e5 konfiguration. Microsoft betonar att administrat\u00f6rer inte kan godk\u00e4nna \u00e5t anv\u00e4ndarna och att sp\u00e5rning endast sker under arbetstid f\u00f6r att skydda integritet.<\/p>\n<p>Det \u00e5terst\u00e5r att se om funktionen kommer att anv\u00e4ndas inom EU, d\u00e4r GDPR och strikta integritetslagar kan st\u00e5 i v\u00e4gen f\u00f6r automatisk sp\u00e5rning av anst\u00e4llda.<\/p>\n","protected":false},"excerpt":{"rendered":"TECH Snart blir det tydligt var du befinner dig. Foto: Unsplash H\u00e5ller du dig borta fr\u00e5n kontoret i&hellip;\n","protected":false},"author":2,"featured_media":102857,"comment_status":"","ping_status":"","sticky":false,"template":"","format":"standard","meta":{"footnotes":""},"categories":[66],"tags":[80,78,79,34,31,33,32,30,81,84,83,82],"class_list":{"0":"post-102856","1":"post","2":"type-post","3":"status-publish","4":"format-standard","5":"has-post-thumbnail","7":"category-vetenskap-och-teknik","8":"tag-science","9":"tag-science-and-technology","10":"tag-scienceandtechnology","11":"tag-se","12":"tag-svenska","13":"tag-sverige","14":"tag-sweden","15":"tag-swedish","16":"tag-technology","17":"tag-teknik","18":"tag-vetenskap","19":"tag-vetenskapteknik"},"share_on_mastodon":{"url":"https:\/\/pubeurope.com\/@se\/115701059793055311","error":""},"_links":{"self":[{"href":"https:\/\/www.europesays.com\/se\/wp-json\/wp\/v2\/posts\/102856","targetHints":{"allow":["GET"]}}],"collection":[{"href":"https:\/\/www.europesays.com\/se\/wp-json\/wp\/v2\/posts"}],"about":[{"href":"https:\/\/www.europesays.com\/se\/wp-json\/wp\/v2\/types\/post"}],"author":[{"embeddable":true,"href":"https:\/\/www.europesays.com\/se\/wp-json\/wp\/v2\/users\/2"}],"replies":[{"embeddable":true,"href":"https:\/\/www.europesays.com\/se\/wp-json\/wp\/v2\/comments?post=102856"}],"version-history":[{"count":0,"href":"https:\/\/www.europesays.com\/se\/wp-json\/wp\/v2\/posts\/102856\/revisions"}],"wp:featuredmedia":[{"embeddable":true,"href":"https:\/\/www.europesays.com\/se\/wp-json\/wp\/v2\/media\/102857"}],"wp:attachment":[{"href":"https:\/\/www.europesays.com\/se\/wp-json\/wp\/v2\/media?parent=102856"}],"wp:term":[{"taxonomy":"category","embeddable":true,"href":"https:\/\/www.europesays.com\/se\/wp-json\/wp\/v2\/categories?post=102856"},{"taxonomy":"post_tag","embeddable":true,"href":"https:\/\/www.europesays.com\/se\/wp-json\/wp\/v2\/tags?post=102856"}],"curies":[{"name":"wp","href":"https:\/\/api.w.org\/{rel}","templated":true}]}}