{"id":102866,"date":"2025-12-11T13:07:12","date_gmt":"2025-12-11T13:07:12","guid":{"rendered":"https:\/\/www.europesays.com\/se\/102866\/"},"modified":"2025-12-11T13:07:12","modified_gmt":"2025-12-11T13:07:12","slug":"instagram-ger-anvandare-mer-kontroll-over-reels-algoritmen","status":"publish","type":"post","link":"https:\/\/www.europesays.com\/se\/102866\/","title":{"rendered":"Instagram ger anv\u00e4ndare mer kontroll \u00f6ver Reels-algoritmen"},"content":{"rendered":"<p>Instagram sl\u00e4pper nu ett nytt verktyg, \u201cYour Algorithm\u201d, som l\u00e5ter anv\u00e4ndare se och styra vilka \u00e4mnen som p\u00e5verkar deras Reels-fl\u00f6de.<\/p>\n<p>Funktionen visar en lista med intressen som algoritmen tror att du gillar baserat p\u00e5 din aktivitet och AI-analys. Anv\u00e4ndaren kan d\u00e5 v\u00e4lja att se mer eller mindre av specifika \u00e4mnen, eller l\u00e4gga till nya intressen f\u00f6r att p\u00e5verka rekommendationerna.<\/p>\n<p>Den som vill kan ocks\u00e5 dela sin algoritm i en Story, s\u00e5 att f\u00f6ljare kan se vad du tycker om f\u00f6r stunden. <\/p>\n<p>Funktionen sl\u00e4pps inledningsvis i USA och kommer snart att rullas ut globalt p\u00e5 engelska. P\u00e5 sikt ska \u201cYour Algorithm\u201d \u00e4ven p\u00e5verka fl\u00f6den som Utforska.<\/p>\n","protected":false},"excerpt":{"rendered":"Instagram sl\u00e4pper nu ett nytt verktyg, \u201cYour Algorithm\u201d, som l\u00e5ter anv\u00e4ndare se och styra vilka \u00e4mnen som p\u00e5verkar&hellip;\n","protected":false},"author":2,"featured_media":102867,"comment_status":"","ping_status":"","sticky":false,"template":"","format":"standard","meta":{"footnotes":""},"categories":[66],"tags":[80,78,79,34,31,33,32,30,81,84,83,82],"class_list":{"0":"post-102866","1":"post","2":"type-post","3":"status-publish","4":"format-standard","5":"has-post-thumbnail","7":"category-vetenskap-och-teknik","8":"tag-science","9":"tag-science-and-technology","10":"tag-scienceandtechnology","11":"tag-se","12":"tag-svenska","13":"tag-sverige","14":"tag-sweden","15":"tag-swedish","16":"tag-technology","17":"tag-teknik","18":"tag-vetenskap","19":"tag-vetenskapteknik"},"share_on_mastodon":{"url":"https:\/\/pubeurope.com\/@se\/115701091221897433","error":""},"_links":{"self":[{"href":"https:\/\/www.europesays.com\/se\/wp-json\/wp\/v2\/posts\/102866","targetHints":{"allow":["GET"]}}],"collection":[{"href":"https:\/\/www.europesays.com\/se\/wp-json\/wp\/v2\/posts"}],"about":[{"href":"https:\/\/www.europesays.com\/se\/wp-json\/wp\/v2\/types\/post"}],"author":[{"embeddable":true,"href":"https:\/\/www.europesays.com\/se\/wp-json\/wp\/v2\/users\/2"}],"replies":[{"embeddable":true,"href":"https:\/\/www.europesays.com\/se\/wp-json\/wp\/v2\/comments?post=102866"}],"version-history":[{"count":0,"href":"https:\/\/www.europesays.com\/se\/wp-json\/wp\/v2\/posts\/102866\/revisions"}],"wp:featuredmedia":[{"embeddable":true,"href":"https:\/\/www.europesays.com\/se\/wp-json\/wp\/v2\/media\/102867"}],"wp:attachment":[{"href":"https:\/\/www.europesays.com\/se\/wp-json\/wp\/v2\/media?parent=102866"}],"wp:term":[{"taxonomy":"category","embeddable":true,"href":"https:\/\/www.europesays.com\/se\/wp-json\/wp\/v2\/categories?post=102866"},{"taxonomy":"post_tag","embeddable":true,"href":"https:\/\/www.europesays.com\/se\/wp-json\/wp\/v2\/tags?post=102866"}],"curies":[{"name":"wp","href":"https:\/\/api.w.org\/{rel}","templated":true}]}}