{"id":102890,"date":"2025-12-11T13:34:11","date_gmt":"2025-12-11T13:34:11","guid":{"rendered":"https:\/\/www.europesays.com\/se\/102890\/"},"modified":"2025-12-11T13:34:11","modified_gmt":"2025-12-11T13:34:11","slug":"rysk-oljeexport-rasar-lagst-sedan-invasionen","status":"publish","type":"post","link":"https:\/\/www.europesays.com\/se\/102890\/","title":{"rendered":"Rysk oljeexport rasar \u2013 l\u00e4gst sedan invasionen"},"content":{"rendered":"<p>share-arrowDela<\/p>\n<p>unsaveSpara<\/p>\n<p>expand-left<\/p>\n<p>helsk\u00e4rm<img decoding=\"async\" class=\"image-asset hyperion-css-u06ts1\" data-test-tag=\"image-asset\" src=\"https:\/\/www.europesays.com\/se\/wp-content\/uploads\/2025\/12\/006670ab-25aa-479a-bd98-24552e183952\"  alt=\"Kraftigt fallande ryska oljeexportinkomster. Arkivbild.\"  loading=\"eager\" fetchpriority=\"high\" style=\"aspect-ratio:1900 \/ 1266\"\/>Kraftigt fallande ryska oljeexportinkomster. Arkivbild. Foto: AP\/TT<\/p>\n<p class=\"hyperion-css-1shl3oz\" data-test-tag=\"lead-text\">Rysslands oljeexportint\u00e4kter sj\u00f6nk i november till den l\u00e4gsta niv\u00e5n sedan invasionen av Ukraina 2022, enligt Internationella energimyndigheten (IEA).<\/p>\n<p class=\"hyperion-css-1v9qo5x\">B\u00e5de exportvolymen och priserna har sjunkit. Sammantaget inneb\u00e4r det att int\u00e4kterna fr\u00e5n exporten \u00e4r p\u00e5 den l\u00e4gsta niv\u00e5n sedan Rysslands invasion av Ukraina i februari 2022.<\/p>\n<p class=\"hyperion-css-1v9qo5x\">Enligt IEA var int\u00e4kterna i november 11 miljarder dollar, motsvarande 101 miljarder kronor. Det \u00e4r 3,6 miljarder dollar (33 miljarder kronor) mindre \u00e4n f\u00f6rra \u00e5ret.<\/p>\n","protected":false},"excerpt":{"rendered":"share-arrowDela unsaveSpara expand-left helsk\u00e4rmKraftigt fallande ryska oljeexportinkomster. Arkivbild. Foto: AP\/TT Rysslands oljeexportint\u00e4kter sj\u00f6nk i november till den l\u00e4gsta&hellip;\n","protected":false},"author":2,"featured_media":102891,"comment_status":"","ping_status":"","sticky":false,"template":"","format":"standard","meta":{"footnotes":""},"categories":[65],"tags":[72,70,71,34,31,33,32,30],"class_list":{"0":"post-102890","1":"post","2":"type-post","3":"status-publish","4":"format-standard","5":"has-post-thumbnail","7":"category-ekonomi","8":"tag-business","9":"tag-economy","10":"tag-ekonomi","11":"tag-se","12":"tag-svenska","13":"tag-sverige","14":"tag-sweden","15":"tag-swedish"},"share_on_mastodon":{"url":"https:\/\/pubeurope.com\/@se\/115701197452987391","error":""},"_links":{"self":[{"href":"https:\/\/www.europesays.com\/se\/wp-json\/wp\/v2\/posts\/102890","targetHints":{"allow":["GET"]}}],"collection":[{"href":"https:\/\/www.europesays.com\/se\/wp-json\/wp\/v2\/posts"}],"about":[{"href":"https:\/\/www.europesays.com\/se\/wp-json\/wp\/v2\/types\/post"}],"author":[{"embeddable":true,"href":"https:\/\/www.europesays.com\/se\/wp-json\/wp\/v2\/users\/2"}],"replies":[{"embeddable":true,"href":"https:\/\/www.europesays.com\/se\/wp-json\/wp\/v2\/comments?post=102890"}],"version-history":[{"count":0,"href":"https:\/\/www.europesays.com\/se\/wp-json\/wp\/v2\/posts\/102890\/revisions"}],"wp:featuredmedia":[{"embeddable":true,"href":"https:\/\/www.europesays.com\/se\/wp-json\/wp\/v2\/media\/102891"}],"wp:attachment":[{"href":"https:\/\/www.europesays.com\/se\/wp-json\/wp\/v2\/media?parent=102890"}],"wp:term":[{"taxonomy":"category","embeddable":true,"href":"https:\/\/www.europesays.com\/se\/wp-json\/wp\/v2\/categories?post=102890"},{"taxonomy":"post_tag","embeddable":true,"href":"https:\/\/www.europesays.com\/se\/wp-json\/wp\/v2\/tags?post=102890"}],"curies":[{"name":"wp","href":"https:\/\/api.w.org\/{rel}","templated":true}]}}