{"id":102900,"date":"2025-12-11T13:47:17","date_gmt":"2025-12-11T13:47:17","guid":{"rendered":"https:\/\/www.europesays.com\/se\/102900\/"},"modified":"2025-12-11T13:47:17","modified_gmt":"2025-12-11T13:47:17","slug":"donald-trumps-ekonomiska-plan-for-ukraina-och-ryssland-avfardas-varlden","status":"publish","type":"post","link":"https:\/\/www.europesays.com\/se\/102900\/","title":{"rendered":"Donald Trumps ekonomiska plan f\u00f6r Ukraina och Ryssland avf\u00e4rdas | V\u00e4rlden"},"content":{"rendered":"<p>Donald Trump har en plan f\u00f6r hur Ukraina ska \u00e5teruppbyggas \u2013 och hur Ryssland ska kunna \u00e5terv\u00e4nda till den globala ekonomin.<\/p>\n<p>Den senaste tiden har id\u00e9erna presenterats i Europa.<\/p>\n<p>Flera europeiska representanter vet inte ens om de ska ta f\u00f6rslagen p\u00e5 allvar.<\/p>\n<p>S\u00e5 ska det svenska f\u00f6rsvaret byggas upp<img loading=\"lazy\"   alt=\"\"\/><\/p>\n<p>Trumps ekonomiska vision f\u00f6r Ukraina, Ryssland \u2013 och USA &#8211; s\u00e5gas.<\/p>\n<p>Foto: POOL \/ STELLA PICTURES<\/p>\n<p>\u00d6ppna bild i helsk\u00e4rm<img loading=\"lazy\"   alt=\"\"\/><\/p>\n<p>F\u00f6rhandlingarna har handlat alltmer om aff\u00e4rer.<\/p>\n<p>Foto: Zuma Press \/ TT<\/p>\n<p>\u00d6ppna bild i helsk\u00e4rm<\/p>\n<p>\u00a0Trump-administrationen har presenterat ett nytt ekonomiskt f\u00f6rslag f\u00f6r \u00e5teruppbyggnaden av Ukraina och f\u00f6r att \u00e5terintegrera Ryssland i den globala ekonomin.<\/p>\n<p>\u00a0Planen bygger p\u00e5 att amerikanska f\u00f6retag ska investera i Ukraina \u2013 med hj\u00e4lp av 200 miljarder dollar i frysta ryska tillg\u00e5ngar.<\/p>\n<p>\u00a0Flera europeiska f\u00f6retr\u00e4dare s\u00e4ger att de inte vet om f\u00f6rslagen ens \u00e4r v\u00e4rda att ta p\u00e5 allvar.<\/p>\n<p>\u00a0Den europeiska sidan varnar f\u00f6r att f\u00f6rslagen skulle ge Ryssland andrum att st\u00e4rka sin ekonomi och milit\u00e4r.<\/p>\n<p>Visa mer<\/p>\n<p>Donald Trumps administration har de senaste veckorna presenterat dokument f\u00f6r Europas ledande nationer med sin vision f\u00f6r hur \u00e5teruppbyggnaden av Ukraina ska g\u00e5 till och hur Ryssland ska integreras tillbaka till den globala ekonomin. Varje dokument \u00e4r p\u00e5 en sida och k\u00e4llor p\u00e5 b\u00e5de den amerikanska och europeiska sidan av f\u00f6rhandlingarna har beskrivit dem f\u00f6r <a href=\"https:\/\/www.wsj.com\/world\/europe\/u-s-blueprint-to-rewire-economies-of-russia-ukraine-sets-off-clash-with-europe-72484515?mod=hp_lead_pos1\" rel=\"nofollow noopener\" target=\"_blank\">Wall Street Journal<\/a>.\u00a0<\/p>\n<p>Bland annat vill Trump-administrationen att amerikanska f\u00f6retag och finansbolag ska f\u00e5 tillg\u00e5ng till 200 miljarder dollar \u2013 n\u00e4ra 1 900 miljarder kronor \u2013 i frysta ryska tillg\u00e5ngar f\u00f6r att investera i projekt i Ukraina. Bland annat f\u00f6r att bygga ett enormt datacenter som ska drivas av det i dag ockuperade k\u00e4rnkraftverket i Zaporizjzja.\u00a0<\/p>\n<p>I ett annat beskrivs hur den ryska ekonomin ska komma tillbaka till v\u00e4rldsekonomin genom att amerikanska f\u00f6retag investerar i strategiska sektorer som s\u00e4llsynta jordartsmetaller, oljeutvinning i Arktis \u2013 och ett \u00e5terst\u00e4llande av ryska energifl\u00f6den till V\u00e4steuropa.\u00a0<\/p>\n<p>H\u00e5rd ton<\/p>\n<p>Enligt tidningen har f\u00f6rhandlingarna med de amerikanska f\u00f6rslagen mer och mer b\u00f6rjat handla om aff\u00e4rsverksamhet \u2013 inte bara om de territoriella fr\u00e5gorna. Och tonen uppges vara h\u00e5rd.<\/p>\n<p>Flera europeiska k\u00e4llor beskriver de amerikanska f\u00f6rslagen som i det n\u00e4rmaste absurda \u2013 de vet inte ens om de \u00e4r v\u00e4rda att ta p\u00e5 allvar. En av k\u00e4llorna j\u00e4mf\u00f6r dem med Trumps omtalade f\u00f6rslag om att g\u00f6ra Gaza till Mellan\u00f6sterns riviera. En annan s\u00e4ger att det handlar om en ekonomisk version av Jaltakonferensen under andra v\u00e4rldskriget, d\u00e5 Europa karvades upp i intressesf\u00e4rer mellan Stalin, Churchill och Roosevelt.\u00a0<\/p>\n<p>\u2013 Vi \u00e4r skeptiska till de amerikanska f\u00f6rslagen, s\u00e4ger Tysklands f\u00f6rbundskansler Friedrich Merz.\u00a0<\/p>\n<p>Den europeiska sidan h\u00e4vdar att USA:s f\u00f6rslag skulle ge <a href=\"https:\/\/www.expressen.se\/tagg\/location\/ryssland\/\" class=\"\" rel=\"nofollow noopener\" target=\"_blank\">Ryssland<\/a> det andrum landet beh\u00f6ver f\u00f6r att kunna bygga upp ekonomin \u2013 och milit\u00e4ren \u2013 igen. Ryssland befinner sig enligt underr\u00e4ttelser tekniskt sett i l\u00e5gkonjunktur sedan \u00e5tminstone ett halv\u00e5r och \u00e4r h\u00e5rt pressat.\u00a0<\/p>\n<p><img alt=\"\"\/>Ljudklippet gick inte att spela upp<\/p>\n<p>F\u00f6rs\u00f6k igen senare<\/p>\n","protected":false},"excerpt":{"rendered":"Donald Trump har en plan f\u00f6r hur Ukraina ska \u00e5teruppbyggas \u2013 och hur Ryssland ska kunna \u00e5terv\u00e4nda till&hellip;\n","protected":false},"author":2,"featured_media":102901,"comment_status":"","ping_status":"","sticky":false,"template":"","format":"standard","meta":{"footnotes":""},"categories":[5],"tags":[22,23,26,27,17,21,24,25,274,202,28,29,15,276,16,198,913,4940,18,34,55,31,33,32,30,19,204,60,20],"class_list":{"0":"post-102900","1":"post","2":"type-post","3":"status-publish","4":"format-standard","5":"has-post-thumbnail","7":"category-rubriker","8":"tag-breaking-news","9":"tag-breakingnews","10":"tag-featured-news","11":"tag-featurednews","12":"tag-headlines","13":"tag-huvudnyheter","14":"tag-latest-news","15":"tag-latestnews","16":"tag-location-ryssland","17":"tag-location-ukraina","18":"tag-main-news","19":"tag-mainnews","20":"tag-news","21":"tag-newsstory-kriget-i-ukraina","22":"tag-nyheter","23":"tag-person-donald-trump","24":"tag-person-donald-trumps-administration","25":"tag-person-friedrich-merz","26":"tag-rubriker","27":"tag-se","28":"tag-sections-varlden","29":"tag-svenska","30":"tag-sverige","31":"tag-sweden","32":"tag-swedish","33":"tag-top-stories","34":"tag-topic-amerikansk-politik","35":"tag-topic-krig-konflikt","36":"tag-topstories"},"share_on_mastodon":{"url":"","error":"Validation failed: Text character limit of 500 exceeded"},"_links":{"self":[{"href":"https:\/\/www.europesays.com\/se\/wp-json\/wp\/v2\/posts\/102900","targetHints":{"allow":["GET"]}}],"collection":[{"href":"https:\/\/www.europesays.com\/se\/wp-json\/wp\/v2\/posts"}],"about":[{"href":"https:\/\/www.europesays.com\/se\/wp-json\/wp\/v2\/types\/post"}],"author":[{"embeddable":true,"href":"https:\/\/www.europesays.com\/se\/wp-json\/wp\/v2\/users\/2"}],"replies":[{"embeddable":true,"href":"https:\/\/www.europesays.com\/se\/wp-json\/wp\/v2\/comments?post=102900"}],"version-history":[{"count":0,"href":"https:\/\/www.europesays.com\/se\/wp-json\/wp\/v2\/posts\/102900\/revisions"}],"wp:featuredmedia":[{"embeddable":true,"href":"https:\/\/www.europesays.com\/se\/wp-json\/wp\/v2\/media\/102901"}],"wp:attachment":[{"href":"https:\/\/www.europesays.com\/se\/wp-json\/wp\/v2\/media?parent=102900"}],"wp:term":[{"taxonomy":"category","embeddable":true,"href":"https:\/\/www.europesays.com\/se\/wp-json\/wp\/v2\/categories?post=102900"},{"taxonomy":"post_tag","embeddable":true,"href":"https:\/\/www.europesays.com\/se\/wp-json\/wp\/v2\/tags?post=102900"}],"curies":[{"name":"wp","href":"https:\/\/api.w.org\/{rel}","templated":true}]}}