{"id":102910,"date":"2025-12-11T14:00:24","date_gmt":"2025-12-11T14:00:24","guid":{"rendered":"https:\/\/www.europesays.com\/se\/102910\/"},"modified":"2025-12-11T14:00:24","modified_gmt":"2025-12-11T14:00:24","slug":"avknoppade-coffee-stain-nu-kan-vi-lagga-all-var-energi-pa-det-som-ar-bast-for-oss-som-bolag-vd-finwire-smallcap","status":"publish","type":"post","link":"https:\/\/www.europesays.com\/se\/102910\/","title":{"rendered":"Avknoppade Coffee Stain: &#8217;Nu kan vi l\u00e4gga all v\u00e5r energi p\u00e5 det som \u00e4r b\u00e4st f\u00f6r oss som bolag&#8217; &#8211; vd (FinWire Smallcap)"},"content":{"rendered":"<p>Tips f\u00f6r en<br \/>b\u00e4ttre pension<\/p>\n<p>&#13;<br \/>\n<b>Du kan g\u00f6ra saker nu f\u00f6r att f\u00e5 det bra senare.<\/b>&#13;\n<\/p>\n<p><img decoding=\"async\" src=\"https:\/\/www.europesays.com\/se\/wp-content\/uploads\/2025\/10\/tips_pension.jpg\" loading=\"lazy\" alt=\"\" style=\"display:block; width:174px; height:110px; margin:10px 0;\"\/><\/p>\n<ul class=\"orange\">&#13;<\/p>\n<li>Arbeta, helst heltid.&#13;\n<\/li>\n<li>Dela p\u00e5 f\u00f6r\u00e4ldraledigheten.&#13;\n<\/li>\n<li>Se till att du har tj\u00e4nstepension fr\u00e5n jobbet.&#13;\n<\/li>\n<li>Starta ett eget pensionssparande.&#13;\n<\/li>\n<\/ul>\n<p><b>Beh\u00f6ver du hj\u00e4lp?<\/b><br \/>\nV\u00e4nligen kontakta Kundcenter Privat p\u00e5 0771-22 11 22 eller<br \/>\ndin sparbanks telefonbank.<br \/>\n<br \/>\n<a class=\"arrow\" href=\"https:\/\/www.swedbank-aktiellt.se\/privatekonomi\/?lt=cmop\" rel=\"nofollow noopener\" target=\"_blank\">Mer om pension<\/a><\/p>\n","protected":false},"excerpt":{"rendered":"Tips f\u00f6r enb\u00e4ttre pension &#13; Du kan g\u00f6ra saker nu f\u00f6r att f\u00e5 det bra senare.&#13; &#13; Arbeta,&hellip;\n","protected":false},"author":2,"featured_media":1981,"comment_status":"","ping_status":"","sticky":false,"template":"","format":"standard","meta":{"footnotes":""},"categories":[65],"tags":[72,70,71,34,31,33,32,30],"class_list":{"0":"post-102910","1":"post","2":"type-post","3":"status-publish","4":"format-standard","5":"has-post-thumbnail","7":"category-ekonomi","8":"tag-business","9":"tag-economy","10":"tag-ekonomi","11":"tag-se","12":"tag-svenska","13":"tag-sverige","14":"tag-sweden","15":"tag-swedish"},"share_on_mastodon":{"url":"https:\/\/pubeurope.com\/@se\/115701299623027761","error":""},"_links":{"self":[{"href":"https:\/\/www.europesays.com\/se\/wp-json\/wp\/v2\/posts\/102910","targetHints":{"allow":["GET"]}}],"collection":[{"href":"https:\/\/www.europesays.com\/se\/wp-json\/wp\/v2\/posts"}],"about":[{"href":"https:\/\/www.europesays.com\/se\/wp-json\/wp\/v2\/types\/post"}],"author":[{"embeddable":true,"href":"https:\/\/www.europesays.com\/se\/wp-json\/wp\/v2\/users\/2"}],"replies":[{"embeddable":true,"href":"https:\/\/www.europesays.com\/se\/wp-json\/wp\/v2\/comments?post=102910"}],"version-history":[{"count":0,"href":"https:\/\/www.europesays.com\/se\/wp-json\/wp\/v2\/posts\/102910\/revisions"}],"wp:featuredmedia":[{"embeddable":true,"href":"https:\/\/www.europesays.com\/se\/wp-json\/wp\/v2\/media\/1981"}],"wp:attachment":[{"href":"https:\/\/www.europesays.com\/se\/wp-json\/wp\/v2\/media?parent=102910"}],"wp:term":[{"taxonomy":"category","embeddable":true,"href":"https:\/\/www.europesays.com\/se\/wp-json\/wp\/v2\/categories?post=102910"},{"taxonomy":"post_tag","embeddable":true,"href":"https:\/\/www.europesays.com\/se\/wp-json\/wp\/v2\/tags?post=102910"}],"curies":[{"name":"wp","href":"https:\/\/api.w.org\/{rel}","templated":true}]}}