{"id":102911,"date":"2025-12-11T14:02:37","date_gmt":"2025-12-11T14:02:37","guid":{"rendered":"https:\/\/www.europesays.com\/se\/102911\/"},"modified":"2025-12-11T14:02:37","modified_gmt":"2025-12-11T14:02:37","slug":"vad-ar-detta-for-mediejippo-m","status":"publish","type":"post","link":"https:\/\/www.europesays.com\/se\/102911\/","title":{"rendered":"Vad \u00e4r detta f\u00f6r mediejippo, M?"},"content":{"rendered":"<p>Publicerad 10 dec 2025 kl 13.00<\/p>\n<p>Under tisdagen samlade Ulf Kristersson Tid\u00f6partiernas ledare i Str\u00e4ngn\u00e4s f\u00f6r ett terapisamtal \u00f6ver en bit lasagne.<\/p>\n<p>Syftet var att visa att de fortfarande drar \u00e5t samma h\u00e5ll.<\/p>\n<p>Men resultatet blev det rakt motsatta, skriver Tobias Baudin, partisekreterare (S).<\/p>\n<p><img   alt=\"\"\/><\/p>\n<p>Simona Mohamsson (L), Jimmie \u00c5kesson (SD), Ebba Busch (KD), Ulf Kristersson (M).<\/p>\n<p>Foto: STELLA PICTURES<\/p>\n<p>\u00d6ppna bild i helsk\u00e4rm<img loading=\"lazy\"   alt=\"\"\/><\/p>\n<p>Tobias Baudin, partisekreterare Socialdemokraterna.<\/p>\n<p>Foto: Jessica Gow \/ TT NYHETSBYR\u00c5N<\/p>\n<p>\u00d6ppna bild i helsk\u00e4rm<\/p>\n<p>Detta \u00e4r en debattartikel. Det \u00e4r skribenten som st\u00e5r f\u00f6r \u00e5sikterna i texten.&#13;<br \/>\n&#13;\n<\/p>\n<p><strong>DEBATT.<\/strong> N\u00e4r Ulf Kristersson bj\u00f6d in Tid\u00f6partiernas ledare till Str\u00e4ngn\u00e4s var avsikten att diskutera hur samarbetet ska forts\u00e4tta under n\u00e4sta mandatperiod. Ett slags f\u00f6rs\u00f6k till terapilunch f\u00f6r att hantera de v\u00e4xande interna mots\u00e4ttningarna.\u00a0<\/p>\n<p>N\u00e4r m\u00f6tet avslutades stod det klart att regeringsunderlaget fortsatt saknar en gemensam linje i den mest grundl\u00e4ggande fr\u00e5gan, om hur Sverige faktiskt ska styras efter valet.\u00a0<\/p>\n<p>Liberalerna h\u00e5ller fast vid att Sverigedemokraterna inte ska ing\u00e5 i n\u00e5gon regering, medan Sverigedemokraternas krav p\u00e5 ministerposter, f\u00f6r att \u00f6verhuvudtaget sl\u00e4ppa fram Kristersson, kvarst\u00e5r. Det \u00e4r tv\u00e5 positioner som inte g\u00e5r att f\u00f6rena, och m\u00f6tet i Str\u00e4ngn\u00e4s gjorde det sm\u00e4rtsamt tydligt. Deras l\u00f6fte till v\u00e4ljarna \u00e4r helt enkelt att det blir en regeringskris om Tid\u00f6partierna vinner.\u00a0<\/p>\n<p>Parodiskt\u00a0<\/p>\n<p>Det \u00e4r n\u00e4stintill parodiskt att Tid\u00f6samarbetet, som inte ens kan enas om sin egen framtid, nu ber om ett f\u00f6rnyat f\u00f6rtroende fr\u00e5n v\u00e4ljarna. Trots att Kristersson tidigare har f\u00f6rs\u00f6kt att sopa konflikterna under mattan g\u00e5r det inte l\u00e4ngre att l\u00e5tsas som att mots\u00e4ttningarna \u00e4r \u00f6verg\u00e5ende. De har i st\u00e4llet vuxit till att bli sj\u00e4lva centrum i hans politiska projekt.\u00a0<\/p>\n<p>Samtidigt som splittringen mellan partierna f\u00f6rdjupas r\u00f6r sig samh\u00e4llsutvecklingen i Sverige \u00e5t fel h\u00e5ll. Inte med ett enda ord lyfte Tid\u00f6g\u00e4nget arbetsl\u00f6sheten, trots att 100\u00a0000 fler m\u00e4nniskor st\u00e5r utan jobb i dag \u00e4n n\u00e4r regeringen tilltr\u00e4dde. Och \u00f6ver 30\u00a0000 f\u00f6retag har g\u00e5tt i konkurs.\u00a0<\/p>\n<p><img loading=\"lazy\"   alt=\"\"\/><\/p>\n<p>Statsminister Ulf Kristersson (M) bj\u00f6d in de andra Tid\u00f6partiledarna f\u00f6r en lunch i Str\u00e4ngn\u00e4s<\/p>\n<p>Foto: OLLE SPORRONG<\/p>\n<p>\u00d6ppna bild i helsk\u00e4rm<\/p>\n<p>Men i st\u00e4llet f\u00f6r att ge svar p\u00e5 de fr\u00e5gor som avg\u00f6r Sveriges framtid cementerade m\u00f6tet bilden av ett regeringsunderlag som raserat. F\u00f6r n\u00e4r Tid\u00f6partierna inte ens kan enas om hur deras regeringsunderlag ska formera sig, \u00e4r det heller inte f\u00f6rv\u00e5nande att de st\u00e5r handfallna inf\u00f6r uppgiften att bek\u00e4mpa massarbetsl\u00f6sheten, kn\u00e4cka g\u00e4ngkriminaliteten eller att \u00f6ka tillv\u00e4xten.\u00a0<\/p>\n<p>Sverige beh\u00f6ver en ny riktning. Det kr\u00e4vs ett politiskt ledarskap som inte v\u00e4jer f\u00f6r stora uppgifter och som f\u00f6rm\u00e5r samla landet i st\u00e4llet f\u00f6r att skapa mer os\u00e4kerhet. D\u00e4rf\u00f6r \u00e4r vi socialdemokrater tydliga.\u00a0<\/p>\n<p>Politik handlar inte om mediejippon<\/p>\n<p>Vi \u00e4r beredda att samarbeta brett med de partier som vill bygga l\u00e5ngsiktighet och stabilitet i svensk politik. Det har vi ocks\u00e5 visat i praktiken genom att kr\u00e4va en bred energi\u00f6verenskommelse som ger hush\u00e5ll och f\u00f6retag f\u00f6ruts\u00e4gbarhet, och genom v\u00e5rt f\u00f6rslag om en tio\u00e5rspakt f\u00f6r att kn\u00e4cka g\u00e4ngkriminaliteten d\u00e4r <a href=\"https:\/\/www.expressen.se\/tagg\/organization\/moderaterna\/\" class=\"\" rel=\"nofollow noopener\" target=\"_blank\">Moderaterna<\/a> borde vara en naturlig partner.<\/p>\n<p>Politik handlar inte om att iscens\u00e4tta mediejippon och ordna terapiluncher f\u00f6r att d\u00f6lja sprickor i ett splittrat regeringsunderlag. Det handlar om att ta ansvar f\u00f6r Sveriges framtid. Och den framtiden kr\u00e4ver en ny kurs.<\/p>\n<p>Det vi tar med oss fr\u00e5n terapilunchen i Str\u00e4ngn\u00e4s \u00e4r att Ulf Kristersson inte klarar att styra sitt eget underlag, och d\u00e4rmed inte heller Sverige. Vi socialdemokrater \u00e4r redo att ta det ansvar som kr\u00e4vs f\u00f6r att bygga Sverige starkt igen.<\/p>\n<p><strong>Av Tobias Baudin<\/strong><\/p>\n<p>partisekreterare Socialdemokraterna<\/p>\n","protected":false},"excerpt":{"rendered":"Publicerad 10 dec 2025 kl 13.00 Under tisdagen samlade Ulf Kristersson Tid\u00f6partiernas ledare i Str\u00e4ngn\u00e4s f\u00f6r ett terapisamtal&hellip;\n","protected":false},"author":2,"featured_media":102912,"comment_status":"","ping_status":"","sticky":false,"template":"","format":"standard","meta":{"footnotes":""},"categories":[12],"tags":[22,23,26,27,17,21,24,25,28,29,15,16,42,1458,38,530,18,34,31,33,32,30,19,20],"class_list":{"0":"post-102911","1":"post","2":"type-post","3":"status-publish","4":"format-standard","5":"has-post-thumbnail","7":"category-sverige","8":"tag-breaking-news","9":"tag-breakingnews","10":"tag-featured-news","11":"tag-featurednews","12":"tag-headlines","13":"tag-huvudnyheter","14":"tag-latest-news","15":"tag-latestnews","16":"tag-main-news","17":"tag-mainnews","18":"tag-news","19":"tag-nyheter","20":"tag-organization-moderaterna","21":"tag-organization-socialdemokraterna","22":"tag-organization-sverigedemokraterna","23":"tag-person-ulf-kristersson","24":"tag-rubriker","25":"tag-se","26":"tag-svenska","27":"tag-sverige","28":"tag-sweden","29":"tag-swedish","30":"tag-top-stories","31":"tag-topstories"},"share_on_mastodon":{"url":"https:\/\/pubeurope.com\/@se\/115701307440261399","error":""},"_links":{"self":[{"href":"https:\/\/www.europesays.com\/se\/wp-json\/wp\/v2\/posts\/102911","targetHints":{"allow":["GET"]}}],"collection":[{"href":"https:\/\/www.europesays.com\/se\/wp-json\/wp\/v2\/posts"}],"about":[{"href":"https:\/\/www.europesays.com\/se\/wp-json\/wp\/v2\/types\/post"}],"author":[{"embeddable":true,"href":"https:\/\/www.europesays.com\/se\/wp-json\/wp\/v2\/users\/2"}],"replies":[{"embeddable":true,"href":"https:\/\/www.europesays.com\/se\/wp-json\/wp\/v2\/comments?post=102911"}],"version-history":[{"count":0,"href":"https:\/\/www.europesays.com\/se\/wp-json\/wp\/v2\/posts\/102911\/revisions"}],"wp:featuredmedia":[{"embeddable":true,"href":"https:\/\/www.europesays.com\/se\/wp-json\/wp\/v2\/media\/102912"}],"wp:attachment":[{"href":"https:\/\/www.europesays.com\/se\/wp-json\/wp\/v2\/media?parent=102911"}],"wp:term":[{"taxonomy":"category","embeddable":true,"href":"https:\/\/www.europesays.com\/se\/wp-json\/wp\/v2\/categories?post=102911"},{"taxonomy":"post_tag","embeddable":true,"href":"https:\/\/www.europesays.com\/se\/wp-json\/wp\/v2\/tags?post=102911"}],"curies":[{"name":"wp","href":"https:\/\/api.w.org\/{rel}","templated":true}]}}