{"id":102917,"date":"2025-12-11T14:08:23","date_gmt":"2025-12-11T14:08:23","guid":{"rendered":"https:\/\/www.europesays.com\/se\/102917\/"},"modified":"2025-12-11T14:08:23","modified_gmt":"2025-12-11T14:08:23","slug":"tva-bud-pa-tva-dagar-i-proteans-portfolj-dackmo-bitterljuvt","status":"publish","type":"post","link":"https:\/\/www.europesays.com\/se\/102917\/","title":{"rendered":"Tv\u00e5 bud p\u00e5 tv\u00e5 dagar i Proteans portf\u00f6lj \u2013 Dackmo: \u201dBitterljuvt\u201d"},"content":{"rendered":"<p class=\"\">P\u00e5 onsdagen meddelade life science-bolaget <a class=\"null text-blue-link underline\" href=\"https:\/\/efn.se\/bors\/instrument\/17921\/addv_b\/oversikt\" rel=\"nofollow noopener\" target=\"_blank\">Addvise<\/a> att man mottagit ett bud fr\u00e5n stor\u00e4garen Amblex. <\/p>\n<p class=\"\">Erbjudandet ligger p\u00e5 1,65 kronor kontant f\u00f6r varje A-aktie respektive B-aktie och 0,49 kronor kontant f\u00f6r varje teckningsoption av serie TO1A respektive serie TO1B i Addvise.<\/p>\n<p class=\"\">Vid b\u00f6rsens \u00f6ppning p\u00e5 torsdagen handlas aktien till 1,480 kronor, upp 27 procent j\u00e4mf\u00f6rt med st\u00e4ngningskursen dagen f\u00f6re budet.<\/p>\n<p class=\"\">Addvise har ett b\u00f6rsv\u00e4rde p\u00e5 drygt 900 miljoner kronor. <\/p>\n<p class=\"\">Bolagets styrelse utv\u00e4rderar nu budet.<\/p>\n<p class=\"\">\u2013 Det \u00e4r aldrig oproblematiskt n\u00e4r en huvud\u00e4gare med stor insyn l\u00e4gger ett bud, s\u00e4ger Proteans medgrundare och f\u00f6rvaltare Pontus Dackmo, som nu avvaktar vad den oberoende delen av styrelsen har att s\u00e4ga om budet. <\/p>\n<p>Nytt bud dagen efter<\/p>\n<p class=\"\">Protean, som k\u00f6pte sina f\u00f6rsta aktier i bolaget s\u00e5 sent som i somras, sitter p\u00e5 1,96 procent av kapitalet och 1,46 procent av r\u00f6sterna i Addvise.<\/p>\n<p class=\"\">Bara en dag efter budet p\u00e5 Addvise landade ett nytt bud p\u00e5 ett av Proteans portf\u00f6ljbolag: <a class=\"null text-blue-link underline\" href=\"https:\/\/efn.se\/bors\/instrument\/17665\/nlfsk\/oversikt\" rel=\"nofollow noopener\" target=\"_blank\">Nilfisk Holding<\/a> som tillverkar reng\u00f6ringsprodukter.<\/p>\n<p class=\"\">Det \u00e4r den tyska koncernen Freudenberg som l\u00e4gger ett kontanterbjudande p\u00e5 140 kronor per aktie, vilket inneb\u00e4r en premie p\u00e5 35,9 procent j\u00e4mf\u00f6rt med onsdagens st\u00e4ngningskurs.<\/p>\n<p class=\"\">Nilfisk har de senaste \u00e5ren haft utmaningar med en svag konsument och p\u00e5verkan av Donald Trumps tullar.<\/p>\n<p class=\"\">Bolaget kom till K\u00f6penhamnsb\u00f6rsen 2017 efter en avknoppning fr\u00e5n NKT Group och aktien \u00e4r sedan dess ner drygt 50 procent.<\/p>\n<p class=\"\">Det danska bolaget har ett b\u00f6rsv\u00e4rde p\u00e5 3,7 miljarder danska kronor, grundades redan 1906, och har tillverkning i Sverige.<\/p>\n<p>Dackmo: \u201dLite bitterljuvt\u201d<\/p>\n<p class=\"\">Pontus Dackmo kallar budet \u201drelativt rimligt\u201d. Man tog in Nilfisk i sin sm\u00e5bolagsfond sommaren 2023 och har sedan dess \u00f6kat sin position, enligt Holdings.<\/p>\n<p class=\"\">Att f\u00e5 bud p\u00e5 portf\u00f6ljbolagen \u00e4r \u201dalltid lite bitterljuvt\u201d, konstaterar Dackmo.<\/p>\n<p class=\"\">\u2013 Sen \u00e4r det knappast en strategi att k\u00f6pa bolag f\u00f6r att man tror att de blir uppk\u00f6pta, men det speglar lite v\u00e5r strategi att f\u00f6rs\u00f6ka k\u00f6pa saker f\u00f6r mindre \u00e4n vad vi tror att de \u00e4r v\u00e4rda, snarare \u00e4n att bara k\u00f6pa \u201dfina\u201d bolag, s\u00e4ger han.<\/p>\n<p class=\"\">Inget tyder p\u00e5 att f\u00f6rvaltaren drabbats av storhetsvansinne efter budfesten.<\/p>\n<p class=\"\">\u2013 Dagar som dessa balanseras ut av dem d\u00e4r man sitter med en aktie som \u00e4r ner 20 procent p\u00e5 en ov\u00e4ntat vinstvarning, det j\u00e4mnar ut sig i l\u00e4ngden, s\u00e4ger Dackmo.<\/p>\n","protected":false},"excerpt":{"rendered":"P\u00e5 onsdagen meddelade life science-bolaget Addvise att man mottagit ett bud fr\u00e5n stor\u00e4garen Amblex. Erbjudandet ligger p\u00e5 1,65&hellip;\n","protected":false},"author":2,"featured_media":102918,"comment_status":"","ping_status":"","sticky":false,"template":"","format":"standard","meta":{"footnotes":""},"categories":[65],"tags":[72,70,71,34,31,33,32,30],"class_list":{"0":"post-102917","1":"post","2":"type-post","3":"status-publish","4":"format-standard","5":"has-post-thumbnail","7":"category-ekonomi","8":"tag-business","9":"tag-economy","10":"tag-ekonomi","11":"tag-se","12":"tag-svenska","13":"tag-sverige","14":"tag-sweden","15":"tag-swedish"},"share_on_mastodon":{"url":"https:\/\/pubeurope.com\/@se\/115701330979586855","error":""},"_links":{"self":[{"href":"https:\/\/www.europesays.com\/se\/wp-json\/wp\/v2\/posts\/102917","targetHints":{"allow":["GET"]}}],"collection":[{"href":"https:\/\/www.europesays.com\/se\/wp-json\/wp\/v2\/posts"}],"about":[{"href":"https:\/\/www.europesays.com\/se\/wp-json\/wp\/v2\/types\/post"}],"author":[{"embeddable":true,"href":"https:\/\/www.europesays.com\/se\/wp-json\/wp\/v2\/users\/2"}],"replies":[{"embeddable":true,"href":"https:\/\/www.europesays.com\/se\/wp-json\/wp\/v2\/comments?post=102917"}],"version-history":[{"count":0,"href":"https:\/\/www.europesays.com\/se\/wp-json\/wp\/v2\/posts\/102917\/revisions"}],"wp:featuredmedia":[{"embeddable":true,"href":"https:\/\/www.europesays.com\/se\/wp-json\/wp\/v2\/media\/102918"}],"wp:attachment":[{"href":"https:\/\/www.europesays.com\/se\/wp-json\/wp\/v2\/media?parent=102917"}],"wp:term":[{"taxonomy":"category","embeddable":true,"href":"https:\/\/www.europesays.com\/se\/wp-json\/wp\/v2\/categories?post=102917"},{"taxonomy":"post_tag","embeddable":true,"href":"https:\/\/www.europesays.com\/se\/wp-json\/wp\/v2\/tags?post=102917"}],"curies":[{"name":"wp","href":"https:\/\/api.w.org\/{rel}","templated":true}]}}