{"id":102919,"date":"2025-12-11T14:11:17","date_gmt":"2025-12-11T14:11:17","guid":{"rendered":"https:\/\/www.europesays.com\/se\/102919\/"},"modified":"2025-12-11T14:11:17","modified_gmt":"2025-12-11T14:11:17","slug":"trumps-hot-mot-colombia-han-star-nast","status":"publish","type":"post","link":"https:\/\/www.europesays.com\/se\/102919\/","title":{"rendered":"Trumps hot mot Colombia: \u201dHan st\u00e5r n\u00e4st\u201d"},"content":{"rendered":"<p>Publicerad 11 dec 2025 kl 13.38Uppdaterad kl 13.47<\/p>\n<p>Donald Trump har trappat upp de kritiserade attackerna mot knarkb\u00e5tar i Karibien.<\/p>\n<p>Nu hotar presidenten ett nytt land i regionen.<\/p>\n<p>\u2013 Han m\u00e5ste vakna upp, annars st\u00e5r han n\u00e4st p\u00e5 tur, s\u00e4ger Trump, enligt <a href=\"https:\/\/www.politico.com\/news\/2025\/12\/10\/trump-threatens-colombian-president-00685742\" rel=\"nofollow noopener\" target=\"_blank\">Politico<\/a>.<\/p>\n<p>&#8221;Feds s\u00e4nkning kommer inte f\u00e5 upp b\u00f6rshum\u00f6ret&#8221;<img loading=\"lazy\"   alt=\"\"\/><\/p>\n<p>Donald Trump trappar upp retoriken mot Colombia.<\/p>\n<p>Foto: AARON SCHWARTZ &#8211; POOL VIA CNP \/ STELLA PICTURES<\/p>\n<p>\u00d6ppna bild i helsk\u00e4rm<img loading=\"lazy\"   alt=\"\"\/><\/p>\n<p>USA har attackerat flera knarkb\u00e5tar i Karabien.<\/p>\n<p>Foto: X<\/p>\n<p>\u00d6ppna bild i helsk\u00e4rm<img loading=\"lazy\"   alt=\"\"\/><\/p>\n<p>Colombias president Gustavo Petro.<\/p>\n<p>Foto: Carlos Ortega \/ EPA TT NYHETSBYR\u00c5N<\/p>\n<p>\u00d6ppna bild i helsk\u00e4rm<\/p>\n<p>Donald Trump tog ett nytt steg i insatserna mot Venezuela n\u00e4r USA i g\u00e5r <a href=\"https:\/\/www.expressen.se\/nyheter\/varlden\/usa-beslagtar-fartyg-utanfor-venezuela\" rel=\"nofollow noopener\" target=\"_blank\">beslagtog en oljetanker<\/a> lastad med olja fr\u00e5n landet. Enligt amerikanska medier var fartyget \u201dstatsl\u00f6st\u201d och bar falsk flagg.<\/p>\n<p>\u2013 Vi kommer beh\u00e5lla den, antar jag, sa presidenten om fartyget och dess last.<\/p>\n<p>USA har tidigare attackerat och d\u00f6dat bes\u00e4ttningen p\u00e5 flera b\u00e5tar som anklagats vara p\u00e5 v\u00e4g att smuggla knark till USA. I synnerhet har kritik riktats mot en s\u00e5 kallad dubbelattack d\u00e4r b\u00e5ten beskjutits en andra g\u00e5ng n\u00e4r det konstaterats att tv\u00e5 personer \u00f6verlevt den f\u00f6rsta attacken.<\/p>\n<p>\u201dHan kommer bli n\u00e4sta\u201d<\/p>\n<p>Nu h\u00f6jer <a href=\"https:\/\/www.expressen.se\/tagg\/person\/donald-trump\/\" class=\"\" rel=\"nofollow noopener\" target=\"_blank\">Donald Trump<\/a> \u00e4ven tonl\u00e4get mot grannlandet Colombia. Vid en presstr\u00e4ff i Vita huset p\u00e5 onsdagen sa han f\u00f6rst att han inte \u201dt\u00e4nkt s\u00e4rskilt mycket\u201d p\u00e5 landets president Gustavo Petro \u2013 men uttalandena tog sedan en ny v\u00e4ndning.<\/p>\n<p>\u2013 Colombia producerar mycket droger, s\u00e5 han m\u00e5ste vakna upp, annars st\u00e5r han n\u00e4st p\u00e5 tur. Jag hoppas att han lyssnar, han kommer att bli n\u00e4sta, s\u00e4ger Trump, enligt Politico.<\/p>\n<p>Donald Trump har tidigare n\u00e4mnt att han kan ut\u00f6ka de milit\u00e4ra aktionerna mot knarksmugglingen, som han s\u00e4ger hotar amerikanska liv, till l\u00e4nder som Colombia och Mexiko.<\/p>\n<p>Gustavo Petro sl\u00e5r p\u00e5 <a href=\"https:\/\/x.com\/petrogustavo\/status\/1998956480842576166\" rel=\"nofollow\">X<\/a> tillbaka mot Trump och menar att hans land har gjort stora framsteg i kampen mot narkotikan i Colombia.<\/p>\n<p>\u201dTrump \u00e4r v\u00e4ldigt felinformerad om Colombia. Det \u00e4r synd, eftersom han avf\u00e4rdar det land som vet mest om kokainhandel\u201d, skriver Petro.<\/p>\n<p><strong>L\u00c4S MER: <\/strong><a href=\"https:\/\/www.expressen.se\/nyheter\/varlden\/usa-beslagtar-fartyg-utanfor-venezuela\/\" class=\"\" rel=\"nofollow noopener\" target=\"_blank\">USA beslagtar fartyg utanf\u00f6r Venezuela<\/a><strong>L\u00c4S MER: <\/strong><a href=\"https:\/\/www.expressen.se\/nyheter\/sverige\/colombias-presidentfru-veronica-alcocer-lever-lyxliv-i-sverige-pa-trumps-svarta-lista\/\" class=\"\" rel=\"nofollow noopener\" target=\"_blank\">Colombias presidentfru Ver\u00f3nica Alcocer lever lyxliv i Sverige \u2013 p\u00e5 Trumps svarta lista<\/a><\/p>\n","protected":false},"excerpt":{"rendered":"Publicerad 11 dec 2025 kl 13.38Uppdaterad kl 13.47 Donald Trump har trappat upp de kritiserade attackerna mot knarkb\u00e5tar&hellip;\n","protected":false},"author":2,"featured_media":102920,"comment_status":"","ping_status":"","sticky":false,"template":"","format":"standard","meta":{"footnotes":""},"categories":[5],"tags":[22,23,26,27,17,21,24,25,1519,45,3819,28,29,15,16,198,18,34,55,31,33,32,30,19,60,20],"class_list":{"0":"post-102919","1":"post","2":"type-post","3":"status-publish","4":"format-standard","5":"has-post-thumbnail","7":"category-rubriker","8":"tag-breaking-news","9":"tag-breakingnews","10":"tag-featured-news","11":"tag-featurednews","12":"tag-headlines","13":"tag-huvudnyheter","14":"tag-latest-news","15":"tag-latestnews","16":"tag-location-colombia","17":"tag-location-usa","18":"tag-location-venezuela","19":"tag-main-news","20":"tag-mainnews","21":"tag-news","22":"tag-nyheter","23":"tag-person-donald-trump","24":"tag-rubriker","25":"tag-se","26":"tag-sections-varlden","27":"tag-svenska","28":"tag-sverige","29":"tag-sweden","30":"tag-swedish","31":"tag-top-stories","32":"tag-topic-krig-konflikt","33":"tag-topstories"},"share_on_mastodon":{"url":"https:\/\/pubeurope.com\/@se\/115701342761945967","error":""},"_links":{"self":[{"href":"https:\/\/www.europesays.com\/se\/wp-json\/wp\/v2\/posts\/102919","targetHints":{"allow":["GET"]}}],"collection":[{"href":"https:\/\/www.europesays.com\/se\/wp-json\/wp\/v2\/posts"}],"about":[{"href":"https:\/\/www.europesays.com\/se\/wp-json\/wp\/v2\/types\/post"}],"author":[{"embeddable":true,"href":"https:\/\/www.europesays.com\/se\/wp-json\/wp\/v2\/users\/2"}],"replies":[{"embeddable":true,"href":"https:\/\/www.europesays.com\/se\/wp-json\/wp\/v2\/comments?post=102919"}],"version-history":[{"count":0,"href":"https:\/\/www.europesays.com\/se\/wp-json\/wp\/v2\/posts\/102919\/revisions"}],"wp:featuredmedia":[{"embeddable":true,"href":"https:\/\/www.europesays.com\/se\/wp-json\/wp\/v2\/media\/102920"}],"wp:attachment":[{"href":"https:\/\/www.europesays.com\/se\/wp-json\/wp\/v2\/media?parent=102919"}],"wp:term":[{"taxonomy":"category","embeddable":true,"href":"https:\/\/www.europesays.com\/se\/wp-json\/wp\/v2\/categories?post=102919"},{"taxonomy":"post_tag","embeddable":true,"href":"https:\/\/www.europesays.com\/se\/wp-json\/wp\/v2\/tags?post=102919"}],"curies":[{"name":"wp","href":"https:\/\/api.w.org\/{rel}","templated":true}]}}