{"id":102922,"date":"2025-12-11T14:16:17","date_gmt":"2025-12-11T14:16:17","guid":{"rendered":"https:\/\/www.europesays.com\/se\/102922\/"},"modified":"2025-12-11T14:16:17","modified_gmt":"2025-12-11T14:16:17","slug":"lista-klagomalen-pa-nya-bussarna-ljusnan","status":"publish","type":"post","link":"https:\/\/www.europesays.com\/se\/102922\/","title":{"rendered":"Lista: Klagom\u00e5len p\u00e5 nya bussarna &#8211; Ljusnan"},"content":{"rendered":"<ol>\n<li><a href=\"https:\/\/news.google.com\/rss\/articles\/CBMidkFVX3lxTE5RbXhESm4yWmYxb3VPeURHdWpfSTJubm8tMEtKbU9OY29jMXVsbU9nZGhuaXBrczJ6eW5mMWswdFdjUzJZaUZqS2lOR3ExRDh0TThORXUyTGs0d3g4VURhNTJIUksxU1dpS3YtSi1fRjNJSFZfdXc?oc=5\" target=\"_blank\" rel=\"nofollow noopener\">Lista: Klagom\u00e5len p\u00e5 nya bussarna<\/a>&nbsp;&nbsp;Ljusnan<\/li>\n<li><a href=\"https:\/\/news.google.com\/rss\/articles\/CBMiiAFBVV95cUxPNHZvNDgwVGFJWlNobVVlUUw1Y2tncUVuanBDQjIyYmRsYWpReTFFcVAxOVdid1NfcHBGZkVzSnpNY1VPNkFJQngyMEhiSVVUY2MxSVVlcFBiUW1ZQTY0dkVVbjhVa1BWaU5aVlRXYW4zRkVVclNySnBBRU15anI4TXBWcjY0RE8w?oc=5\" target=\"_blank\" rel=\"nofollow noopener\">Bussf\u00f6rarnas skr\u00e4ck: \u201dMan kan ju k\u00f6ra p\u00e5 n\u00e5gon\u201d<\/a>&nbsp;&nbsp;Sveriges Radio<\/li>\n<li><a href=\"https:\/\/news.google.com\/rss\/articles\/CBMingFBVV95cUxQMF80alBxemxXUS1ONzhZWWJINnBXeTk5S0NsM2owZFVzdmxMSHNyTFNIbzVCcHFIR1NjVHBQcXZfNWh1ZzIxNjlmcG83U2RoYU41cjFTV2NBZDRLMFVYdWdGMlBZbFVQenJJWDd6TENCNVRrWGYxQk5KSzFGWHRCQ01vVFUtLWZLNlVCMXhmRlRrSWlCM0ZfUGdNX3VjQQ?oc=5\" target=\"_blank\" rel=\"nofollow noopener\">Facket bekr\u00e4ftar stora problem: \u201dArbetsgivaren vet om det\u201d<\/a>&nbsp;&nbsp;Ljusdals-Posten<\/li>\n<li><a href=\"https:\/\/news.google.com\/rss\/articles\/CBMiigFBVV95cUxPdFRGM1BKWEVmdmVLM0JMTFNORWgwR3RIWUZNc21YcjFjTTJEaDlIejIxODJ3V3N0d2s0UjBYaVdmSzFucjViajhTS0JwMXpqcjZxQjZLeGxzckVTTmV6d0k5MXBHNTFMMG00cXJJc2g5VWJFOGdBYVVkeTR0d19ybFN2S2lEYW5QaXc?oc=5\" target=\"_blank\" rel=\"nofollow noopener\">M\u00e5nga ink\u00f6rningsproblem med de nya elbussarna<\/a>&nbsp;&nbsp;NWT<\/li>\n<li><a href=\"https:\/\/news.google.com\/rss\/articles\/CBMikAFBVV95cUxNOXM0eEtqbUlraDBwNEZ3OXhvWTVCUi1vbWRGRW9mZzl5VXdRN1hKSlpXM21WeVJkTTQ0Y2FiaVVHQk1iR1VHVnJ4TXczTWhzcks3V3dUMUlRSzlEZW80aG1fb2pPUTZCMGFjUVRnQ3BLclBzUVpIOWFuZlhPOExUbWFiUDNsQWpyZ2hkcXdPbjI?oc=5\" target=\"_blank\" rel=\"nofollow noopener\">LEDARE: G\u00e5 till botten med de livsfarliga bussarna<\/a>&nbsp;&nbsp;S\u00f6derhamns-Kuriren<\/li>\n<\/ol>\n","protected":false},"excerpt":{"rendered":"Lista: Klagom\u00e5len p\u00e5 nya bussarna&nbsp;&nbsp;Ljusnan Bussf\u00f6rarnas skr\u00e4ck: \u201dMan kan ju k\u00f6ra p\u00e5 n\u00e5gon\u201d&nbsp;&nbsp;Sveriges Radio Facket bekr\u00e4ftar stora problem:&hellip;\n","protected":false},"author":2,"featured_media":102923,"comment_status":"","ping_status":"","sticky":false,"template":"","format":"standard","meta":{"footnotes":""},"categories":[65],"tags":[72,70,71,34,31,33,32,30],"class_list":{"0":"post-102922","1":"post","2":"type-post","3":"status-publish","4":"format-standard","5":"has-post-thumbnail","7":"category-ekonomi","8":"tag-business","9":"tag-economy","10":"tag-ekonomi","11":"tag-se","12":"tag-svenska","13":"tag-sverige","14":"tag-sweden","15":"tag-swedish"},"share_on_mastodon":{"url":"https:\/\/pubeurope.com\/@se\/115701362481861184","error":""},"_links":{"self":[{"href":"https:\/\/www.europesays.com\/se\/wp-json\/wp\/v2\/posts\/102922","targetHints":{"allow":["GET"]}}],"collection":[{"href":"https:\/\/www.europesays.com\/se\/wp-json\/wp\/v2\/posts"}],"about":[{"href":"https:\/\/www.europesays.com\/se\/wp-json\/wp\/v2\/types\/post"}],"author":[{"embeddable":true,"href":"https:\/\/www.europesays.com\/se\/wp-json\/wp\/v2\/users\/2"}],"replies":[{"embeddable":true,"href":"https:\/\/www.europesays.com\/se\/wp-json\/wp\/v2\/comments?post=102922"}],"version-history":[{"count":0,"href":"https:\/\/www.europesays.com\/se\/wp-json\/wp\/v2\/posts\/102922\/revisions"}],"wp:featuredmedia":[{"embeddable":true,"href":"https:\/\/www.europesays.com\/se\/wp-json\/wp\/v2\/media\/102923"}],"wp:attachment":[{"href":"https:\/\/www.europesays.com\/se\/wp-json\/wp\/v2\/media?parent=102922"}],"wp:term":[{"taxonomy":"category","embeddable":true,"href":"https:\/\/www.europesays.com\/se\/wp-json\/wp\/v2\/categories?post=102922"},{"taxonomy":"post_tag","embeddable":true,"href":"https:\/\/www.europesays.com\/se\/wp-json\/wp\/v2\/tags?post=102922"}],"curies":[{"name":"wp","href":"https:\/\/api.w.org\/{rel}","templated":true}]}}