{"id":102924,"date":"2025-12-11T14:17:12","date_gmt":"2025-12-11T14:17:12","guid":{"rendered":"https:\/\/www.europesays.com\/se\/102924\/"},"modified":"2025-12-11T14:17:12","modified_gmt":"2025-12-11T14:17:12","slug":"alex-voronov-ukrainas-sak-ar-europas-vasterbottens-kuriren","status":"publish","type":"post","link":"https:\/\/www.europesays.com\/se\/102924\/","title":{"rendered":"Alex Voronov: Ukrainas sak \u00e4r Europas &#8211; V\u00e4sterbottens-Kuriren"},"content":{"rendered":"<ol>\n<li><a href=\"https:\/\/news.google.com\/rss\/articles\/CBMidEFVX3lxTE4tWnd5cy1jaml5R2ljV19YZjRXZkxMcEIxdGtYMW1ySWhyRVZobmJ5V0M5N2dXX3NLZGZVaUZHV29vNFZjM2l6c1l1VEwyd3Z1WVJhbjNUc3VpemtUYUcxekM0V2RmaHBvM2lkdkhtVEVtaGpt?oc=5\" target=\"_blank\" rel=\"nofollow noopener\">Alex Voronov: Ukrainas sak \u00e4r Europas<\/a>&nbsp;&nbsp;V\u00e4sterbottens-Kuriren<\/li>\n<li><a href=\"https:\/\/news.google.com\/rss\/articles\/CBMiqAFBVV95cUxOWVdmTVhONVZxakVYV0xBTWIyQkFNSWJIY0Rvc2M4d0l1dUtlS1JEYlZ2bnU0RnpvOFZwRDk0cTFQRnI3WG9KNVdIYzFhRlZEMDV3VVNmb29KVTlEODJhTHhSTXowZXl5NUxwcWRMR0RpU0IyTEpZcmdYQkpRX2NvMmNlWEdxMnJTN1FKZC1VRHprcDc2UlJQd3FrSzJnb3dPVmROTFM3T3M?oc=5\" target=\"_blank\" rel=\"nofollow noopener\">Trumps plan utskrattad: G\u00e5r inte att ta p\u00e5 allvar<\/a>&nbsp;&nbsp;Expressen<\/li>\n<li><a href=\"https:\/\/news.google.com\/rss\/articles\/CBMijgFBVV95cUxNcXNPODZmbjBHVG44RG1yeXdoSEtJWXdnSEVBWUNadGRHY0VqWEp5X1JrVjREQ09lbVZMX3BaTnhsTl9NM0FEeFE2U0FzSERVc1JqbldxZVNFNWVXNU1JTnVNVk9fZG5EdEJPeVlZRWtrRjBXRVhnYzE1UVdvcnFlVEZrZ3RVQ25mTlNpdkdR?oc=5\" target=\"_blank\" rel=\"nofollow noopener\">Martin Hansson: USA har hittat ett problem i \u00f6st \u2013 och det \u00e4r inte Ryssland<\/a>&nbsp;&nbsp;ETC.se<\/li>\n<li><a href=\"https:\/\/news.google.com\/rss\/articles\/CBMiggFBVV95cUxOWnR4eTY5TGpGTnk4LTBKNXlKWHRmQU9rV2xpYzVzNllwcHE2U3Bod092czVXN0VNSW9GYW9fSjRqeXRNWmhpbjU0R0J6NnlWS09hZjUzazNLRkpXTUZUanR0OG16dmFSLVJaaFVRMGdnYU5SdGlZcGhMMXZSa09sb0Rn?oc=5\" target=\"_blank\" rel=\"nofollow noopener\">DEBATT: Fred som aff\u00e4rsmodell \u2013 vad Europa kan l\u00e4ra av Trump<\/a>&nbsp;&nbsp;DI<\/li>\n<li><a href=\"https:\/\/news.google.com\/rss\/articles\/CBMiakFVX3lxTE0xNXBHZ0tlYVVQSGJZaFZjWl9PSGhQRTc4TmF2WVpkT1NBR2NRVm5nWllvS0taWkhFU2FPRDI4WEhlb1Ewam91Wl9zZklOLTdEb2JHQjByZmpJMjRzUFZyS2J1VFUwajVYUGc?oc=5\" target=\"_blank\" rel=\"nofollow noopener\">Vem ger s\u00e4kerhet?<\/a>&nbsp;&nbsp;\u00c5bo Underr\u00e4ttelser<\/li>\n<\/ol>\n","protected":false},"excerpt":{"rendered":"Alex Voronov: Ukrainas sak \u00e4r Europas&nbsp;&nbsp;V\u00e4sterbottens-Kuriren Trumps plan utskrattad: G\u00e5r inte att ta p\u00e5 allvar&nbsp;&nbsp;Expressen Martin Hansson: USA&hellip;\n","protected":false},"author":2,"featured_media":102925,"comment_status":"","ping_status":"","sticky":false,"template":"","format":"standard","meta":{"footnotes":""},"categories":[14],"tags":[22,23,26,27,17,21,24,25,28,29,15,16,18,34,31,33,32,30,19,20,51,52,53,54],"class_list":{"0":"post-102924","1":"post","2":"type-post","3":"status-publish","4":"format-standard","5":"has-post-thumbnail","7":"category-varlden","8":"tag-breaking-news","9":"tag-breakingnews","10":"tag-featured-news","11":"tag-featurednews","12":"tag-headlines","13":"tag-huvudnyheter","14":"tag-latest-news","15":"tag-latestnews","16":"tag-main-news","17":"tag-mainnews","18":"tag-news","19":"tag-nyheter","20":"tag-rubriker","21":"tag-se","22":"tag-svenska","23":"tag-sverige","24":"tag-sweden","25":"tag-swedish","26":"tag-top-stories","27":"tag-topstories","28":"tag-varlden","29":"tag-world","30":"tag-world-news","31":"tag-worldnews"},"share_on_mastodon":{"url":"https:\/\/pubeurope.com\/@se\/115701366359946443","error":""},"_links":{"self":[{"href":"https:\/\/www.europesays.com\/se\/wp-json\/wp\/v2\/posts\/102924","targetHints":{"allow":["GET"]}}],"collection":[{"href":"https:\/\/www.europesays.com\/se\/wp-json\/wp\/v2\/posts"}],"about":[{"href":"https:\/\/www.europesays.com\/se\/wp-json\/wp\/v2\/types\/post"}],"author":[{"embeddable":true,"href":"https:\/\/www.europesays.com\/se\/wp-json\/wp\/v2\/users\/2"}],"replies":[{"embeddable":true,"href":"https:\/\/www.europesays.com\/se\/wp-json\/wp\/v2\/comments?post=102924"}],"version-history":[{"count":0,"href":"https:\/\/www.europesays.com\/se\/wp-json\/wp\/v2\/posts\/102924\/revisions"}],"wp:featuredmedia":[{"embeddable":true,"href":"https:\/\/www.europesays.com\/se\/wp-json\/wp\/v2\/media\/102925"}],"wp:attachment":[{"href":"https:\/\/www.europesays.com\/se\/wp-json\/wp\/v2\/media?parent=102924"}],"wp:term":[{"taxonomy":"category","embeddable":true,"href":"https:\/\/www.europesays.com\/se\/wp-json\/wp\/v2\/categories?post=102924"},{"taxonomy":"post_tag","embeddable":true,"href":"https:\/\/www.europesays.com\/se\/wp-json\/wp\/v2\/tags?post=102924"}],"curies":[{"name":"wp","href":"https:\/\/api.w.org\/{rel}","templated":true}]}}