{"id":102930,"date":"2025-12-11T14:24:24","date_gmt":"2025-12-11T14:24:24","guid":{"rendered":"https:\/\/www.europesays.com\/se\/102930\/"},"modified":"2025-12-11T14:24:24","modified_gmt":"2025-12-11T14:24:24","slug":"embracers-avknoppning-coffee-stain-handlas-i-premiarhandeln-pa-first-north","status":"publish","type":"post","link":"https:\/\/www.europesays.com\/se\/102930\/","title":{"rendered":"Embracers avknoppning Coffee Stain handlas i premi\u00e4rhandeln p\u00e5 First North"},"content":{"rendered":"<p>&#13;<br \/>\n                        Det handlar om en avknoppning fr\u00e5n gamingbolaget Embracer som i m\u00e5ndags handlades exklusive r\u00e4tt till aktier i Coffee Stain. En aktie i Embracer gav en aktie i Coffee Stain.<\/p>\n<p>Embracers aktie sj\u00f6nk med 25,49 kronor i m\u00e5ndags.<\/p>\n<p>Coffee Stains aktie har hittills i dag handlas till 27 kronor som h\u00f6gst betalt och 25,20 kronor som l\u00e4gst betalt. Klockan 09.30 var senast betalt 25,50 kronor. Aktier f\u00f6r 21 miljoner kronor har bytt \u00e4gare hittills i dag. Bolaget har 214,20 miljoner aktier utest\u00e5ende och b\u00f6rsv\u00e4rdet \u00e4r 5,5 miljarder kronor r\u00e4knat p\u00e5 senast betalt.<\/p>\n<p>Bland analyshusen som har kommenterat v\u00e4rderingen har Pareto gett en v\u00e4rdering p\u00e5 31,50 kronor och Danske Bank p\u00e5 29 kronor. Redeye \u00e4r mer optimistiska och s\u00e4tter en v\u00e4rdering i intervallet 43 till 57 kronor per aktie.&#13;\n                    <\/p>\n","protected":false},"excerpt":{"rendered":"&#13; Det handlar om en avknoppning fr\u00e5n gamingbolaget Embracer som i m\u00e5ndags handlades exklusive r\u00e4tt till aktier i&hellip;\n","protected":false},"author":2,"featured_media":102931,"comment_status":"","ping_status":"","sticky":false,"template":"","format":"standard","meta":{"footnotes":""},"categories":[65],"tags":[72,70,71,454,453,451,452,34,31,33,32,30,455],"class_list":{"0":"post-102930","1":"post","2":"type-post","3":"status-publish","4":"format-standard","5":"has-post-thumbnail","7":"category-ekonomi","8":"tag-business","9":"tag-economy","10":"tag-ekonomi","11":"tag-ekonomisk-analys","12":"tag-finans","13":"tag-finansiella-nyheter","14":"tag-investera","15":"tag-se","16":"tag-svenska","17":"tag-sverige","18":"tag-sweden","19":"tag-swedish","20":"tag-trading"},"share_on_mastodon":{"url":"https:\/\/pubeurope.com\/@se\/115701393894936163","error":""},"_links":{"self":[{"href":"https:\/\/www.europesays.com\/se\/wp-json\/wp\/v2\/posts\/102930","targetHints":{"allow":["GET"]}}],"collection":[{"href":"https:\/\/www.europesays.com\/se\/wp-json\/wp\/v2\/posts"}],"about":[{"href":"https:\/\/www.europesays.com\/se\/wp-json\/wp\/v2\/types\/post"}],"author":[{"embeddable":true,"href":"https:\/\/www.europesays.com\/se\/wp-json\/wp\/v2\/users\/2"}],"replies":[{"embeddable":true,"href":"https:\/\/www.europesays.com\/se\/wp-json\/wp\/v2\/comments?post=102930"}],"version-history":[{"count":0,"href":"https:\/\/www.europesays.com\/se\/wp-json\/wp\/v2\/posts\/102930\/revisions"}],"wp:featuredmedia":[{"embeddable":true,"href":"https:\/\/www.europesays.com\/se\/wp-json\/wp\/v2\/media\/102931"}],"wp:attachment":[{"href":"https:\/\/www.europesays.com\/se\/wp-json\/wp\/v2\/media?parent=102930"}],"wp:term":[{"taxonomy":"category","embeddable":true,"href":"https:\/\/www.europesays.com\/se\/wp-json\/wp\/v2\/categories?post=102930"},{"taxonomy":"post_tag","embeddable":true,"href":"https:\/\/www.europesays.com\/se\/wp-json\/wp\/v2\/tags?post=102930"}],"curies":[{"name":"wp","href":"https:\/\/api.w.org\/{rel}","templated":true}]}}