{"id":102943,"date":"2025-12-11T14:40:17","date_gmt":"2025-12-11T14:40:17","guid":{"rendered":"https:\/\/www.europesays.com\/se\/102943\/"},"modified":"2025-12-11T14:40:17","modified_gmt":"2025-12-11T14:40:17","slug":"nya-storningar-hos-telia-unt","status":"publish","type":"post","link":"https:\/\/www.europesays.com\/se\/102943\/","title":{"rendered":"Nya st\u00f6rningar hos Telia &#8211; UNT"},"content":{"rendered":"<ol>\n<li><a href=\"https:\/\/news.google.com\/rss\/articles\/CBMid0FVX3lxTE1CY3RqMTljcVVRT3dLc0FETDFUZm1RSm9zZFBJWkhoanY0cjh3M3p4N0Q3ckZERmN3VVFpZ0dyQmNDQk1CVkFHRGFNR3Y2VTVhLV9rZXpNSEdMYmZmODNQYzFGdzZQODFCT1MyeXNneGl2akMxT3Fz?oc=5\" target=\"_blank\" rel=\"nofollow noopener\">Nya st\u00f6rningar hos Telia<\/a>&nbsp;&nbsp;UNT<\/li>\n<li><a href=\"https:\/\/news.google.com\/rss\/articles\/CBMiigFBVV95cUxQdl95Q1pFMHFILTFPekRheHBsb2owaWtFNm1lU255VFR2X3gybXJvQVIydXMtQW5CZVowekdrdFVvMHZHSGpRQ1k4ZmkzMU9rY0ZHWHFxQ3loZWt4VURHVmh1Z0Q5eXQ2LUdfQlR0UlFyMi1Wa1FPS3hub0tSV2xoaGx1Y2otQThNNWc?oc=5\" target=\"_blank\" rel=\"nofollow noopener\">Strul f\u00f6r Telia-kunder \u2013 sjukhus g\u00e5r upp i stabsl\u00e4ge<\/a>&nbsp;&nbsp;Aftonbladet<\/li>\n<li><a href=\"https:\/\/news.google.com\/rss\/articles\/CBMirwFBVV95cUxPNkFBSDMzd3lwNjNfakxFRnNzalcwVVp6VUltVFJVRHZwYnR1ZnhLa016R3J3OHJNd3V2XzBVNzM3dk5sWmU3LVJIbm92OG1uN0lJUTVOMzEtcGFkeGdoMlk1TDlzMjZ1R2ZxaENES19NZGpfN2YtNmZ5Ml84U3pSOGFjOGQ2SkJTVXFQaktxd3p6eU5aWkVOS09rS3EwaHZORmlZZ3ZZQzFDdW5NOTN3?oc=5\" target=\"_blank\" rel=\"nofollow noopener\">SVT synar telefonstrulet hos kommunerna: \u201dUrs\u00e4kta, du f\u00e5r dr\u00f6ja h\u00e4r\u201d<\/a>&nbsp;&nbsp;SVT Nyheter<\/li>\n<li><a href=\"https:\/\/news.google.com\/rss\/articles\/CBMiigFBVV95cUxPem1PQlpBM1BVRzFzaHc4QmdyZWNDRUJNWmdiTk5QYkhvazlqQXNtOEwxUkJlcmktdzBNMjhvQnlCVnRlM1Q1c0M4cVB0VVdPRlBnOWxGelZETlJJXzM2dDZ0V1JTUlZLRHo2YzJ4OUhmcWxIY3l1czNFTjRSUzBWWlpUSUlVNWdIdFE?oc=5\" target=\"_blank\" rel=\"nofollow noopener\">Region G\u00e4vleborg gick upp i stabsl\u00e4ge \u2013 problemen \u00e5tg\u00e4rdade<\/a>&nbsp;&nbsp;Gefle Dagblad<\/li>\n<li><a href=\"https:\/\/news.google.com\/rss\/articles\/CBMiqAFBVV95cUxOWVBDaFZ5QVV3LURlaVdaQ3JUUlQ1Uk83YVdsSU45Ri1CODZ2b253SGhlbUZ3SzViRktCUTg1Y3VxYnc2R3BCaEk2WTNZUE8zNENOcWhTMGhWOTlCeDF2ZjdjNkRDWmxDQjBTQ1YtbldXYlRSaG1Uakg0bGlUTVNIM19pM2NlRGZaZWlLUC1sZTMyTzFfR19KbEZTWFRYNGVfeHBkUlFOUUg?oc=5\" target=\"_blank\" rel=\"nofollow noopener\">Detaljen som f\u00f6rsv\u00e5rade telefonkaoset: \u201dExtra st\u00f6kigt\u201d<\/a>&nbsp;&nbsp;NWT<\/li>\n<\/ol>\n","protected":false},"excerpt":{"rendered":"Nya st\u00f6rningar hos Telia&nbsp;&nbsp;UNT Strul f\u00f6r Telia-kunder \u2013 sjukhus g\u00e5r upp i stabsl\u00e4ge&nbsp;&nbsp;Aftonbladet SVT synar telefonstrulet hos kommunerna:&hellip;\n","protected":false},"author":2,"featured_media":102944,"comment_status":"","ping_status":"","sticky":false,"template":"","format":"standard","meta":{"footnotes":""},"categories":[65],"tags":[72,70,71,34,31,33,32,30],"class_list":{"0":"post-102943","1":"post","2":"type-post","3":"status-publish","4":"format-standard","5":"has-post-thumbnail","7":"category-ekonomi","8":"tag-business","9":"tag-economy","10":"tag-ekonomi","11":"tag-se","12":"tag-svenska","13":"tag-sverige","14":"tag-sweden","15":"tag-swedish"},"share_on_mastodon":{"url":"https:\/\/pubeurope.com\/@se\/115701456762576491","error":""},"_links":{"self":[{"href":"https:\/\/www.europesays.com\/se\/wp-json\/wp\/v2\/posts\/102943","targetHints":{"allow":["GET"]}}],"collection":[{"href":"https:\/\/www.europesays.com\/se\/wp-json\/wp\/v2\/posts"}],"about":[{"href":"https:\/\/www.europesays.com\/se\/wp-json\/wp\/v2\/types\/post"}],"author":[{"embeddable":true,"href":"https:\/\/www.europesays.com\/se\/wp-json\/wp\/v2\/users\/2"}],"replies":[{"embeddable":true,"href":"https:\/\/www.europesays.com\/se\/wp-json\/wp\/v2\/comments?post=102943"}],"version-history":[{"count":0,"href":"https:\/\/www.europesays.com\/se\/wp-json\/wp\/v2\/posts\/102943\/revisions"}],"wp:featuredmedia":[{"embeddable":true,"href":"https:\/\/www.europesays.com\/se\/wp-json\/wp\/v2\/media\/102944"}],"wp:attachment":[{"href":"https:\/\/www.europesays.com\/se\/wp-json\/wp\/v2\/media?parent=102943"}],"wp:term":[{"taxonomy":"category","embeddable":true,"href":"https:\/\/www.europesays.com\/se\/wp-json\/wp\/v2\/categories?post=102943"},{"taxonomy":"post_tag","embeddable":true,"href":"https:\/\/www.europesays.com\/se\/wp-json\/wp\/v2\/tags?post=102943"}],"curies":[{"name":"wp","href":"https:\/\/api.w.org\/{rel}","templated":true}]}}