{"id":102949,"date":"2025-12-11T14:48:20","date_gmt":"2025-12-11T14:48:20","guid":{"rendered":"https:\/\/www.europesays.com\/se\/102949\/"},"modified":"2025-12-11T14:48:20","modified_gmt":"2025-12-11T14:48:20","slug":"geopolitisk-oro-men-dampade-marknadsreaktioner","status":"publish","type":"post","link":"https:\/\/www.europesays.com\/se\/102949\/","title":{"rendered":"Geopolitisk oro men d\u00e4mpade marknadsreaktioner"},"content":{"rendered":"<p>Det och mer kan du l\u00e4sa\u00a0om\u00a0i\u00a0Energimyndighetens \u00e5rskr\u00f6nika f\u00f6r de olika energimarknaderna.<\/p>\n<p style=\"padding-left: 40px;\">\u2013 Nyhetsfl\u00f6det 2025\u00a0har\u00a0pr\u00e4glats av geopolitisk turbulens men energimarknaderna har\u00a0varit\u00a0ganska op\u00e5verkade. En viktig faktor \u00e4r att\u00a0det globalt \u00e4r\u00a0god tillg\u00e5ng p\u00e5 b\u00e5de olja\u00a0och flytande naturgas, s\u00e5 kallad\u00a0LNG,\u00a0s\u00e4ger\u00a0Olle Olsson, analytiker\u00a0p\u00e5\u00a0Energimyndigheten.\u00a0<\/p>\n<p>Oljepriserna f\u00f6ll\u00a0under \u00e5ret\u00a0till den l\u00e4gsta niv\u00e5n p\u00e5 fyra \u00e5r, trots ett fortsatt s\u00e4kerhetspolitiskt oroligt l\u00e4ge och h\u00e5rdare sanktioner mot rysk och iransk olja.\u00a0Gasmarknaden har blivit alltmer global med rekordstor\u00a0LNG-produktion fr\u00e5n USA och Qatar, vilket pressat\u00a0priserna. Samtidigt har EU tagit beslut om att helt stoppa importen av rysk gas senast 2027.\u00a0<\/p>\n<p style=\"padding-left: 40px;\">\u2013 Nu slutf\u00f6rs omst\u00e4llningen av Europas gasf\u00f6rs\u00f6rjning\u00a0fr\u00e5n ett beroende av Ryssland,\u00a0till ett\u00a0beroende av den globala LNG-marknaden,\u00a0s\u00e4ger\u00a0Olle Olsson.<\/p>\n<p>Elpriserna har sjunkit kraftigt j\u00e4mf\u00f6rt med rekordniv\u00e5erna under 2022, som intr\u00e4ffade i samband med Rysslands invasion av Ukraina. Samtidigt s\u00e5\u202fser\u202fvi\u202fstora\u202fprisskillnader mellan norra och s\u00f6dra Sverige, d\u00e4r\u202fnorra Sverige\u202fhar\u202fhaft\u202fmycket l\u00e5ga genomsnittspriser. Diskussionen om nya marknadsmodeller och effektavgifter har intensifierats, vilket visar att omst\u00e4llningen inte bara handlar om produktion utan ocks\u00e5 om hur marknaden beh\u00f6ver utvecklas i takt med att energisystemet f\u00f6r\u00e4ndras.\u00a0<\/p>\n<p>L\u00e4s g\u00e4rna v\u00e5r \u00e5rskr\u00f6nika och prenumerera l\u00f6pande p\u00e5 v\u00e5ra marknadsrapporter.<\/p>\n<p><a title=\"\u00c5rskr\u00f6nika Energimarknaderna 2025.pdf\" href=\"https:\/\/www.energimyndigheten.se\/4ae9b3\/contentassets\/c5fc0f4fa79248dfa54e1d59bd3db2be\/arskronika-energimarknaderna-2025.pdf\" target=\"_top\" rel=\"nofollow noopener\">\u00c5rskr\u00f6nika Energimarknaderna 2025 (pdf)<\/a><\/p>\n<p>Prenumerera p\u00e5 marknadsrapporter<\/p>\n<p><a href=\"https:\/\/www.energimyndigheten.se\/energisystem-och-analys\/nulaget-i-energisystemet\/marknadsrapporter-och-nulagesanalyser\/de-globala-energimarknaderna\/\" rel=\"nofollow noopener\" target=\"_blank\">De globala energimarknaderna<\/a><\/p>\n<p><a href=\"https:\/\/www.energimyndigheten.se\/energisystem-och-analys\/nulaget-i-energisystemet\/marknadsrapporter-och-nulagesanalyser\/nulaget-pa-elmarknaden\/\" rel=\"nofollow noopener\" target=\"_blank\">Nul\u00e4get p\u00e5 elmarknaden<\/a><\/p>\n<p><a href=\"https:\/\/www.energimyndigheten.se\/energisystem-och-analys\/nulaget-i-energisystemet\/marknadsrapporter-och-nulagesanalyser\/biobranslemarknaderna\/\" rel=\"nofollow noopener\" target=\"_blank\">Biodrivmedel och fasta biobr\u00e4nslen<\/a><\/p>\n<p><a href=\"https:\/\/www.energimyndigheten.se\/om-oss\/press-och-kanaler\/prenumerera\/laget-pa-energimarknaderna\/sveriges-energilage\/\" rel=\"nofollow noopener\" target=\"_blank\">Sveriges energil\u00e4ge<\/a><\/p>\n","protected":false},"excerpt":{"rendered":"Det och mer kan du l\u00e4sa\u00a0om\u00a0i\u00a0Energimyndighetens \u00e5rskr\u00f6nika f\u00f6r de olika energimarknaderna. \u2013 Nyhetsfl\u00f6det 2025\u00a0har\u00a0pr\u00e4glats av geopolitisk turbulens men&hellip;\n","protected":false},"author":2,"featured_media":4653,"comment_status":"","ping_status":"","sticky":false,"template":"","format":"standard","meta":{"footnotes":""},"categories":[65],"tags":[72,70,71,34,31,33,32,30],"class_list":{"0":"post-102949","1":"post","2":"type-post","3":"status-publish","4":"format-standard","5":"has-post-thumbnail","7":"category-ekonomi","8":"tag-business","9":"tag-economy","10":"tag-ekonomi","11":"tag-se","12":"tag-svenska","13":"tag-sverige","14":"tag-sweden","15":"tag-swedish"},"share_on_mastodon":{"url":"https:\/\/pubeurope.com\/@se\/115701488266080167","error":""},"_links":{"self":[{"href":"https:\/\/www.europesays.com\/se\/wp-json\/wp\/v2\/posts\/102949","targetHints":{"allow":["GET"]}}],"collection":[{"href":"https:\/\/www.europesays.com\/se\/wp-json\/wp\/v2\/posts"}],"about":[{"href":"https:\/\/www.europesays.com\/se\/wp-json\/wp\/v2\/types\/post"}],"author":[{"embeddable":true,"href":"https:\/\/www.europesays.com\/se\/wp-json\/wp\/v2\/users\/2"}],"replies":[{"embeddable":true,"href":"https:\/\/www.europesays.com\/se\/wp-json\/wp\/v2\/comments?post=102949"}],"version-history":[{"count":0,"href":"https:\/\/www.europesays.com\/se\/wp-json\/wp\/v2\/posts\/102949\/revisions"}],"wp:featuredmedia":[{"embeddable":true,"href":"https:\/\/www.europesays.com\/se\/wp-json\/wp\/v2\/media\/4653"}],"wp:attachment":[{"href":"https:\/\/www.europesays.com\/se\/wp-json\/wp\/v2\/media?parent=102949"}],"wp:term":[{"taxonomy":"category","embeddable":true,"href":"https:\/\/www.europesays.com\/se\/wp-json\/wp\/v2\/categories?post=102949"},{"taxonomy":"post_tag","embeddable":true,"href":"https:\/\/www.europesays.com\/se\/wp-json\/wp\/v2\/tags?post=102949"}],"curies":[{"name":"wp","href":"https:\/\/api.w.org\/{rel}","templated":true}]}}