{"id":102960,"date":"2025-12-11T15:01:32","date_gmt":"2025-12-11T15:01:32","guid":{"rendered":"https:\/\/www.europesays.com\/se\/102960\/"},"modified":"2025-12-11T15:01:32","modified_gmt":"2025-12-11T15:01:32","slug":"agenten-dementerar-uppgifterna-pagar-inga-forhandlingar","status":"publish","type":"post","link":"https:\/\/www.europesays.com\/se\/102960\/","title":{"rendered":"Agenten dementerar uppgifterna: &#8221;P\u00e5g\u00e5r inga f\u00f6rhandlingar&#8221;"},"content":{"rendered":"<p><strong>Det var tidigare under dagen som <a href=\"https:\/\/www.aftonbladet.se\/sportbladet\/hockey\/a\/Pd3nJ6\/avslojar-calle-jarnkrok-och-brynas-overens-atervander?utm_medium=rss\" rel=\"nofollow noopener\" target=\"_blank\">Sportbladet<\/a> rapporterade att <a href=\"https:\/\/hockeysverige.se\/spelare\/calle-jarnkrok\/\" rel=\"nofollow noopener\" target=\"_blank\">Calle J\u00e4rnkrok<\/a> \u00e4r muntligt \u00f6verens med Bryn\u00e4s till n\u00e4sta s\u00e4song.<\/strong><br \/><strong>N\u00e5got som spelarens agent nu g\u00e5r ut och dementerar.<\/strong><\/p>\n<p><img loading=\"lazy\" decoding=\"async\" width=\"1024\" height=\"658\" src=\"https:\/\/www.europesays.com\/se\/wp-content\/uploads\/2025\/12\/Calle-J-1024x658.webp.webp\" alt=\"\" class=\"wp-image-335230\"  \/>Calle J\u00e4rnkrok \u00e4r inte \u00f6verens med Bryn\u00e4s, enligt spelarens agent.<br \/><strong>Foto: <\/strong>Jesper Zerman \/ Bildbyr\u00e5n.<\/p>\n<p>Calle J\u00e4rnkrok rapporteras <a href=\"https:\/\/hockeysverige.se\/shl\/uppgifter-calle-jarnkrok-overens-med-brynas\/\" rel=\"nofollow noopener\" target=\"_blank\">vara n\u00e4sta hemv\u00e4ndare f\u00f6r Bryn\u00e4s<\/a>. Jakob Silfverberg, Oskar Lindblom, Nicklas B\u00e4ckstr\u00f6m med flera har samtliga valt att v\u00e4nda hem till G\u00e4vleklubbben. Enligt Sportbladet \u00e4r nu allts\u00e5 \u00e4nnu en NHL-svensk \u00f6verens med Bryn\u00e4s.<\/p>\n<p>J\u00e4rnkrok \u00e4r inne p\u00e5 sista s\u00e4songen av sitt kontrakt med Toronto Maple Leafs. 34-\u00e5ringen har gjort fyra m\u00e5l p\u00e5 19 matcher i NHL den h\u00e4r s\u00e4songen och rapporteras vara p\u00e5 v\u00e4g att v\u00e4nda hem\u00e5t. Men det \u00e4r n\u00e5got som spelarens agent dementerar.<\/p>\n<p>Via <a href=\"https:\/\/x.com\/Filipandreason1\/status\/1998791903857487890\" rel=\"nofollow\">plattformen X<\/a> skriver Filip Andreason: \u201dMed anledning av Aftonbladets artikel kan Newport Sports dementera att Calle J\u00e4rnkrok \u00e4r muntligt \u00f6verens med Bryn\u00e4s inf\u00f6r n\u00e4sta s\u00e4song. Uppgifterna \u00e4r felaktiga och saknar grund och det p\u00e5g\u00e5r inga f\u00f6rhandlingar med Bryn\u00e4s eller n\u00e5gon annan klubb inf\u00f6r kommande s\u00e4song.\u201d<\/p>\n<p>Calle J\u00e4rnkrok har gjort 737 NHL-matcher. I Sverige vann han SM-guld med Bryn\u00e4s och det finns \u00e4ven ett VM-guld p\u00e5 meritlistan.<\/p>\n","protected":false},"excerpt":{"rendered":"Det var tidigare under dagen som Sportbladet rapporterade att Calle J\u00e4rnkrok \u00e4r muntligt \u00f6verens med Bryn\u00e4s till n\u00e4sta&hellip;\n","protected":false},"author":2,"featured_media":102961,"comment_status":"","ping_status":"","sticky":false,"template":"","format":"standard","meta":{"footnotes":""},"categories":[68],"tags":[247,34,133,134,111,110,31,33,32,30],"class_list":{"0":"post-102960","1":"post","2":"type-post","3":"status-publish","4":"format-standard","5":"has-post-thumbnail","7":"category-sport","8":"tag-nhl","9":"tag-se","10":"tag-second-news","11":"tag-shl","12":"tag-sport","13":"tag-sports","14":"tag-svenska","15":"tag-sverige","16":"tag-sweden","17":"tag-swedish"},"share_on_mastodon":{"url":"https:\/\/pubeurope.com\/@se\/115701539625076385","error":""},"_links":{"self":[{"href":"https:\/\/www.europesays.com\/se\/wp-json\/wp\/v2\/posts\/102960","targetHints":{"allow":["GET"]}}],"collection":[{"href":"https:\/\/www.europesays.com\/se\/wp-json\/wp\/v2\/posts"}],"about":[{"href":"https:\/\/www.europesays.com\/se\/wp-json\/wp\/v2\/types\/post"}],"author":[{"embeddable":true,"href":"https:\/\/www.europesays.com\/se\/wp-json\/wp\/v2\/users\/2"}],"replies":[{"embeddable":true,"href":"https:\/\/www.europesays.com\/se\/wp-json\/wp\/v2\/comments?post=102960"}],"version-history":[{"count":0,"href":"https:\/\/www.europesays.com\/se\/wp-json\/wp\/v2\/posts\/102960\/revisions"}],"wp:featuredmedia":[{"embeddable":true,"href":"https:\/\/www.europesays.com\/se\/wp-json\/wp\/v2\/media\/102961"}],"wp:attachment":[{"href":"https:\/\/www.europesays.com\/se\/wp-json\/wp\/v2\/media?parent=102960"}],"wp:term":[{"taxonomy":"category","embeddable":true,"href":"https:\/\/www.europesays.com\/se\/wp-json\/wp\/v2\/categories?post=102960"},{"taxonomy":"post_tag","embeddable":true,"href":"https:\/\/www.europesays.com\/se\/wp-json\/wp\/v2\/tags?post=102960"}],"curies":[{"name":"wp","href":"https:\/\/api.w.org\/{rel}","templated":true}]}}