{"id":102966,"date":"2025-12-11T15:14:08","date_gmt":"2025-12-11T15:14:08","guid":{"rendered":"https:\/\/www.europesays.com\/se\/102966\/"},"modified":"2025-12-11T15:14:08","modified_gmt":"2025-12-11T15:14:08","slug":"kvinnorna-fran-falkenberg-reste-runt-for-valdsdad-straffet-sanks","status":"publish","type":"post","link":"https:\/\/www.europesays.com\/se\/102966\/","title":{"rendered":"Kvinnorna fr\u00e5n Falkenberg reste runt f\u00f6r v\u00e5ldsd\u00e5d \u2013 straffet s\u00e4nks"},"content":{"rendered":"<p>Publicerad 11 dec 2025 kl 14.27<\/p>\n<p>Kvinnorna reste runt i Sverige och utf\u00f6rde grova v\u00e5ldsd\u00e5d.<\/p>\n<p>Yasmin Lejmi, Magdaline Jomaa och en 17-\u00e5rig flicka d\u00f6mdes till sammanlagt 44 \u00e5r i f\u00e4ngelse.<\/p>\n<p>Hovr\u00e4tten s\u00e4nker straffen f\u00f6r samtliga.<\/p>\n<p>Nyheter, reportage och analyser i Sverige och i \u00f6vriga v\u00e4rlden.<img   alt=\"\"\/><\/p>\n<p>Ett filmklipp i en av de d\u00f6mdas telefoner visar skottlossningen i Angered.<\/p>\n<p>Foto: Polisen<\/p>\n<p>\u00d6ppna bild i helsk\u00e4rm<img loading=\"lazy\"   alt=\"\"\/><\/p>\n<p>Yasmin Lejmi, 34, f\u00e5r s\u00e4nkt straff i hovr\u00e4tten.<\/p>\n<p>Foto: Polisens f\u00f6runders\u00f6kningsprotokoll<\/p>\n<p>\u00d6ppna bild i helsk\u00e4rm<img loading=\"lazy\"   alt=\"\"\/><\/p>\n<p>Magdaline Jomaa, 31, f\u00e5r s\u00e4nkt straff.<\/p>\n<p>Foto: Polisens f\u00f6runders\u00f6kningsprotokoll<\/p>\n<p>\u00d6ppna bild i helsk\u00e4rm<img loading=\"lazy\"   alt=\"\"\/><\/p>\n<p>18-\u00e5ringen f\u00e5r s\u00e4nkt straff efter v\u00e5ldsd\u00e5den.<\/p>\n<p>\u00d6ppna bild i helsk\u00e4rm<\/p>\n<p>Fyra kvinnor fr\u00e5n <a href=\"https:\/\/www.expressen.se\/tagg\/location\/falkenberg\/\" class=\"\" rel=\"nofollow noopener\" target=\"_blank\">Falkenberg<\/a> d\u00f6mdes i somras i en h\u00e4rva med flera hot och skjutningar mot bost\u00e4der p\u00e5 olika st\u00e4llen i Sverige.<\/p>\n<p>I oktober f\u00f6rra \u00e5ret besk\u00f6ts ett radhus i Angered. En familj befann sig i huset n\u00e4r skotten gick genom ett f\u00f6nster in i k\u00f6ket och genom en v\u00e4gg till vardagsrummet. Utanf\u00f6r stod den d\u00e5 17-\u00e5rig flickan och Yasmin Lejmi, 34, som erk\u00e4nt att de var d\u00e4r f\u00f6r att hota en person som tidigare var skriven p\u00e5 adressen.<\/p>\n<p>I november samma \u00e5r var 17-\u00e5ringen, Lejmi och Magdaline Jomaa, 31, p\u00e5 plats vid ytterligare en skjutning mot en l\u00e4genhet i Norsborg s\u00f6der om Stockholm. I l\u00e4genheten befann sig tv\u00e5 kvinnor och en bebis n\u00e4r skotten tr\u00e4ffade huset.<\/p>\n<p>Tingsr\u00e4tten d\u00f6mde 17-\u00e5ringen, som nu fyllt 18, till 14 \u00e5r i f\u00e4ngelse f\u00f6r bland annat mordf\u00f6rs\u00f6k vid de tv\u00e5 skjutningarna och grovt olaga vid en skottlossning mot ett hus i Halmstad. Nu s\u00e4nker hovr\u00e4tten straffet till sex \u00e5r och sex m\u00e5nader. Domen h\u00e4nvisar till hennes l\u00e5ga \u00e5lder och att hon suttit h\u00e4ktad i sex m\u00e5nader med restriktioner.<\/p>\n<p>Straffen s\u00e4nks<\/p>\n<p>Yasmin Lejmi d\u00f6mdes f\u00f6r bland annat tv\u00e5 mordf\u00f6rs\u00f6k och involverande av en under\u00e5rig i brottslighet till 18 \u00e5r i f\u00e4ngelse. Hovr\u00e4tten s\u00e4nker domen till 15 \u00e5r och menar att det ska r\u00e4knas in att hon suttit h\u00e4ktad med restriktioner.<\/p>\n<p>Magdaline Jomaa d\u00f6mdes f\u00f6r ett mordf\u00f6rs\u00f6k och ringa narkotikabrott till 12 \u00e5r i f\u00e4ngelse, vilket nu s\u00e4nks till 10 \u00e5r.<\/p>\n<p>\u00c4ven en nu 20-\u00e5rig kvinna d\u00f6mdes till fyra \u00e5rs f\u00e4ngelse f\u00f6r grovt brott mot lagen om brandfarliga och explosiva varor. Hennes straff fastst\u00e4lls av hovr\u00e4tten.<\/p>\n<p>Polisens utredare var f\u00f6rv\u00e5nade \u00f6ver kvinnornas brottslighet.<\/p>\n<p>\u2013 Jag har aldrig varit med om det innan, det k\u00e4nns v\u00e4ldigt ovanligt. Det har uppm\u00e4rksammats p\u00e5 senare tid att kvinnor \u00e4r mer engagerade i den h\u00e4r typen av v\u00e5ldsd\u00e5d, s\u00e4ger utredare Lars-Gunnar Perlinger till <a href=\"https:\/\/www.svt.se\/nyheter\/lokalt\/halland\/flera-kvinnor-fran-falkenberg-doms-for-grova-valdsbrott\" rel=\"nofollow noopener\" target=\"_blank\">SVT Nyheter Halland<\/a>.<\/p>\n<p>Domen i hovr\u00e4tten<\/p>\n<p><strong>18-\u00e5ringen f\u00e5r f\u00e4ngelse i 6 \u00e5r och 6 m\u00e5nader \u2013 s\u00e4nks fr\u00e5n 14<\/strong><\/p>\n<p>\uffed Brott mot lagen om brandfarliga och explosiva varor, grovt brott<\/p>\n<p>\uffed F\u00f6rs\u00f6k till mord (vid tv\u00e5 tillf\u00e4llen)<\/p>\n<p>\uffed Grovt olaga hot<\/p>\n<p>\uffed Tv\u00e5 fall av grovt vapenbrott<\/p>\n<p>\uffed Narkotikabrott<\/p>\n<p><strong>Yasmin Lejmi, 34, f\u00e5r 15 \u00e5r i f\u00e4ngelse \u2013 s\u00e4nks fr\u00e5n 18<\/strong><\/p>\n<p>\uffed F\u00f6rs\u00f6k till mord (2 tillf\u00e4llen)<\/p>\n<p>\uffed Grovt narkotikabrott<\/p>\n<p>\uffed Grovt vapenbrott<\/p>\n<p>\uffed Involverande av en under\u00e5rig i brottslighet<\/p>\n<p><strong>Magdaline Jomaa, 31, f\u00e5r 10 \u00e5r i f\u00e4ngelse \u2013 s\u00e4nks fr\u00e5n 12<\/strong><\/p>\n<p>\uffed F\u00f6rs\u00f6k till mord<\/p>\n<p>\uffed Ringa narkotikabrott<\/p>\n<p><strong>20-\u00e5ringen f\u00e5r fyra \u00e5r i f\u00e4ngelse \u2013 straffet fastst\u00e4llt<\/strong><\/p>\n<p>\uffed Brott mot lagen om brandfarliga och explosiva varor, grovt brott<\/p>\n<p>Visa mer<strong>L\u00c4S MER: <\/strong><a href=\"https:\/\/www.expressen.se\/nyheter\/sverige\/kvinnorna-reste-runt-och-utforde-valdsdad-far-44-ars-fangelse\/\" class=\"\" rel=\"nofollow noopener\" target=\"_blank\">Kvinnorna reste runt och utf\u00f6rde v\u00e5ldsd\u00e5d\u2013 f\u00e5r 44 \u00e5rs f\u00e4ngelse<\/a><\/p>\n","protected":false},"excerpt":{"rendered":"Publicerad 11 dec 2025 kl 14.27 Kvinnorna reste runt i Sverige och utf\u00f6rde grova v\u00e5ldsd\u00e5d. Yasmin Lejmi, Magdaline&hellip;\n","protected":false},"author":2,"featured_media":102967,"comment_status":"","ping_status":"","sticky":false,"template":"","format":"standard","meta":{"footnotes":""},"categories":[12],"tags":[22,23,26,27,17,21,24,25,4078,783,1880,150,28,29,15,16,18,34,666,31,33,32,30,19,136,436,20],"class_list":{"0":"post-102966","1":"post","2":"type-post","3":"status-publish","4":"format-standard","5":"has-post-thumbnail","7":"category-sverige","8":"tag-breaking-news","9":"tag-breakingnews","10":"tag-featured-news","11":"tag-featurednews","12":"tag-headlines","13":"tag-huvudnyheter","14":"tag-latest-news","15":"tag-latestnews","16":"tag-location-angered","17":"tag-location-falkenberg","18":"tag-location-halmstad","19":"tag-location-norsborg","20":"tag-main-news","21":"tag-mainnews","22":"tag-news","23":"tag-nyheter","24":"tag-rubriker","25":"tag-se","26":"tag-sections-krim","27":"tag-svenska","28":"tag-sverige","29":"tag-sweden","30":"tag-swedish","31":"tag-top-stories","32":"tag-topic-rattegangar-domar","33":"tag-topic-valdsbrott-mord","34":"tag-topstories"},"share_on_mastodon":{"url":"https:\/\/pubeurope.com\/@se\/115701590546526145","error":""},"_links":{"self":[{"href":"https:\/\/www.europesays.com\/se\/wp-json\/wp\/v2\/posts\/102966","targetHints":{"allow":["GET"]}}],"collection":[{"href":"https:\/\/www.europesays.com\/se\/wp-json\/wp\/v2\/posts"}],"about":[{"href":"https:\/\/www.europesays.com\/se\/wp-json\/wp\/v2\/types\/post"}],"author":[{"embeddable":true,"href":"https:\/\/www.europesays.com\/se\/wp-json\/wp\/v2\/users\/2"}],"replies":[{"embeddable":true,"href":"https:\/\/www.europesays.com\/se\/wp-json\/wp\/v2\/comments?post=102966"}],"version-history":[{"count":0,"href":"https:\/\/www.europesays.com\/se\/wp-json\/wp\/v2\/posts\/102966\/revisions"}],"wp:featuredmedia":[{"embeddable":true,"href":"https:\/\/www.europesays.com\/se\/wp-json\/wp\/v2\/media\/102967"}],"wp:attachment":[{"href":"https:\/\/www.europesays.com\/se\/wp-json\/wp\/v2\/media?parent=102966"}],"wp:term":[{"taxonomy":"category","embeddable":true,"href":"https:\/\/www.europesays.com\/se\/wp-json\/wp\/v2\/categories?post=102966"},{"taxonomy":"post_tag","embeddable":true,"href":"https:\/\/www.europesays.com\/se\/wp-json\/wp\/v2\/tags?post=102966"}],"curies":[{"name":"wp","href":"https:\/\/api.w.org\/{rel}","templated":true}]}}