{"id":102978,"date":"2025-12-11T15:25:07","date_gmt":"2025-12-11T15:25:07","guid":{"rendered":"https:\/\/www.europesays.com\/se\/102978\/"},"modified":"2025-12-11T15:25:07","modified_gmt":"2025-12-11T15:25:07","slug":"svenska-fotbollforbundet-kritiserar-priset-till-donald-trump","status":"publish","type":"post","link":"https:\/\/www.europesays.com\/se\/102978\/","title":{"rendered":"Svenska fotbollf\u00f6rbundet kritiserar priset till Donald Trump"},"content":{"rendered":"<p>Publicerad 11 dec 2025 kl 15.05<\/p>\n<p>Kontroverserna avl\u00f6ser varandra runt Fifa.<\/p>\n<p>I fredags tog Donald Trump emot ett nyinstiftat fredspris fr\u00e5n Gianni Infantino.<\/p>\n<p>H\u00e4ndelsen har m\u00f6tt h\u00e5rd kritik.<\/p>\n<p>\u2013 Det \u00e4r m\u00e5nga delar i bakgrunden till priset som inte har klargjorts, s\u00e4ger SvFF:s ordf\u00f6rande Simon \u00c5str\u00f6m.<\/p>\n<p><img   alt=\"\"\/> <\/p>\n<p>Foto: DANIEL TOROK \/ AVALON \/ STELLA PICTURES\/DANIEL TOROK \/ AVALON AVALON<\/p>\n<p>\u00d6ppna bild i helsk\u00e4rmArtikeln i korthet<\/p>\n<p> Donald Trump fick Fifa:s nya fredspris \u2013 ett beslut som v\u00e4ckt stark kritik.\u00a0<\/p>\n<p> Svenska fotbollf\u00f6rbundets ordf\u00f6rande Simon \u00c5str\u00f6m \u00e4r \u201dstarkt tveksam\u201d till priset.<\/p>\n<p> Fifa:s processer ifr\u00e5gas\u00e4tts efter flera kontroversiella beslut.<\/p>\n<p>Visa mer<\/p>\n<p>N\u00e4r VM-slutspelet i USA, Kanada och Mexiko lottades i Washington f\u00f6rra veckan var det inget snack om vad som stod i fokus.<\/p>\n<p>Fifa:s president Gianni Infantino hade \u00e4gnat h\u00f6sten \u00e5t att propagera f\u00f6r att <a href=\"https:\/\/www.expressen.se\/tagg\/person\/donald-trump\/\" class=\"\" rel=\"nofollow noopener\" target=\"_blank\">Donald Trump<\/a> gjort sig f\u00f6rtj\u00e4nt av Nobels fredspris.\u00a0<\/p>\n<p>N\u00e4r det inte blev s\u00e5 tog han saken i egna h\u00e4nder.<\/p>\n<p>Huvudnumret under en och en halv timmes scenprogram inf\u00f6r sj\u00e4lva lottningen var utdelningen av Fifa:s nyinstiftade fredspris.\u00a0<\/p>\n<p>Vinnaren \u2013 Trump \u2013 kunde alla lista ut p\u00e5 f\u00f6rhand.<\/p>\n<p>Beslutet har v\u00e4ckt mycket kritik, speciellt i Europa. Infantino har enligt samst\u00e4mmiga medieuppgifter varit personligt drivande bakom priset och inte f\u00f6rankrat det hos resten av organisationens beslutande r\u00e5d.\u00a0<\/p>\n<p><img loading=\"lazy\"   alt=\"\"\/> <\/p>\n<p>Foto: MARC SCH\u00dcLER \/ STELLA PICTURES DDP<\/p>\n<p>\u00d6ppna bild i helsk\u00e4rm<\/p>\n<p>H\u00e4ndelsen kommer ocks\u00e5 efter en l\u00e5ng period av t\u00e4t kontakt mellan Infantino, som ber\u00f6mt Trumps politik vid \u00e5tskilliga tillf\u00e4llen, och den amerikanske presidenten. Han anl\u00e4nde \u00e4ven sent till Fifa-kongressen i Paraguay efter att ha f\u00f6ljt med Trump p\u00e5 statsbes\u00f6k i Qatar och Saudiarabien.<\/p>\n<p>\u00c5str\u00f6m: \u201dIngen naturlig fotbollskoppling\u201d<\/p>\n<p>Svenska fotbollf\u00f6rbundets ordf\u00f6rande Simon \u00c5str\u00f6m \u00e4r of\u00f6rst\u00e5ende till varf\u00f6r priset delades ut.<\/p>\n<p>\u2013 Som jag har n\u00e4mnt tidigare st\u00e5r det i Fifas stadgar att det \u00e4r en organisation som inte ska ge sig in i politiska fr\u00e5gor, s\u00e4ger han.<\/p>\n<p>\u2013 Jag vet naturligtvis att fotboll och politik \u00e4r fr\u00e5gor som l\u00e4tt glider samman. Men f\u00f6r mig och Svenska fotbollf\u00f6rbundet \u00e4r det viktigt att det finns en tydlig fotbollskoppling till de fr\u00e5gor som Fifa aktivt engagerar sig i. Jag har sv\u00e5rt att se det i det h\u00e4r fredspriset och framtagandet av det. D\u00e4rf\u00f6r st\u00e4ller vi oss fr\u00e5gande till det.<\/p>\n<p><img loading=\"lazy\"   alt=\"\"\/><\/p>\n<p>Simon \u00c5str\u00f6m, ordf\u00f6rande i SvFF.<\/p>\n<p>Foto: LUDVIG THUNMAN \/ BILDBYR\u00c5N<\/p>\n<p>\u00d6ppna bild i helsk\u00e4rm<\/p>\n<p><strong>Infantino har ju ut\u00f6ver priset lyft fram och v\u00e4rderat Trumps politiska insatser vid flera tillf\u00e4llen. Finns det n\u00e5gon svensk eller europeisk avsikt att markera mot det?<\/strong><\/p>\n<p>\u2013 Jag har inte pratat ihop mig med mina europeiska kolleger efter lottningen. Jag har d\u00e4remot f\u00f6rt fram till personer i Fifa vad jag tycker, i linje med det jag just n\u00e4mnde. Tittar man p\u00e5 att priset delas ut, d\u00e5 handlar det om ren politik. Det finns ingen naturlig fotbollskoppling. Det \u00e4r m\u00e5nga delar i bakgrunden till priset som inte har klargjorts, inte f\u00f6r mig i alla fall. Jag \u00e4r starkt tveksam till det.<\/p>\n<p>SvFF svarar om Trumps fredspris\u00a0<\/p>\n<p>Beslutet f\u00f6ljer flera Fifa-processer som skapat fr\u00e5gor.<\/p>\n<p>F\u00f6rra vintern fick Saudiarabien VM efter att Fifa fr\u00e5ng\u00e5tt sitt eget formalia, och nyligen slapp Cristiano Ronaldo avtj\u00e4na tv\u00e5 av de tre matcher han st\u00e4ngts av efter en utvisning mot Irland \u2013 f\u00f6r att kunna spela VM.<\/p>\n<p>\u2013 Jag har inte sett beskrivningen eller f\u00e5tt bakgrunden till avst\u00e4ngningen tillr\u00e4ckligt tydligt f\u00f6rklarad. F\u00f6r sportens integritet \u00e4r det otroligt viktigt att det finns regler som \u00e4r f\u00f6ruts\u00e4gbara och som g\u00e4ller alla. Sker det f\u00f6r\u00e4ndringar i regelverk beh\u00f6ver de tr\u00e4ffa alla, inte uppfattas som att de sker f\u00f6r att hantera en enstaka situation, s\u00e4ger \u00c5str\u00f6m.\u00a0<\/p>\n<p><strong>Finns det gr\u00e4nser Fifa kan passera som g\u00f6r att ni inte har f\u00f6rtroende f\u00f6r ledningen l\u00e4ngre?<\/strong><\/p>\n<p>\u2013 Ja, det \u00e4r klart att det potentiellt s\u00e4tt kan h\u00e4nda. Man ska ha respekt f\u00f6r Fifas roll. Att h\u00e5lla ihop 211 fotbollsnationer. Utifr\u00e5n hur Fifas demokratiska system ser ut, d\u00e4r varje nation har en r\u00f6st och st\u00e4lla sig bakom Fifa. Det finns en komplexitet i det. Alla beslut som fattas lirar inte alltid med det jag och vi i Sverige tycker \u00e4r rimliga f\u00f6rh\u00e5llningss\u00e4tt i demokratifr\u00e5gor, j\u00e4mst\u00e4lldhetsfr\u00e5gor och liknande delar. Det \u00e4r viktigt att vi klarar av att framf\u00f6ra det till Fifa p\u00e5 ett tillr\u00e4ckligt bra s\u00e4tt.<\/p>\n","protected":false},"excerpt":{"rendered":"Publicerad 11 dec 2025 kl 15.05 Kontroverserna avl\u00f6ser varandra runt Fifa. I fredags tog Donald Trump emot ett&hellip;\n","protected":false},"author":2,"featured_media":102979,"comment_status":"","ping_status":"","sticky":false,"template":"","format":"standard","meta":{"footnotes":""},"categories":[68],"tags":[3166,198,34,129,111,110,31,33,32,30],"class_list":{"0":"post-102978","1":"post","2":"type-post","3":"status-publish","4":"format-standard","5":"has-post-thumbnail","7":"category-sport","8":"tag-organization-svenska-fotbollforbundet","9":"tag-person-donald-trump","10":"tag-se","11":"tag-sections-fotboll","12":"tag-sport","13":"tag-sports","14":"tag-svenska","15":"tag-sverige","16":"tag-sweden","17":"tag-swedish"},"share_on_mastodon":{"url":"https:\/\/pubeurope.com\/@se\/115701633854727367","error":""},"_links":{"self":[{"href":"https:\/\/www.europesays.com\/se\/wp-json\/wp\/v2\/posts\/102978","targetHints":{"allow":["GET"]}}],"collection":[{"href":"https:\/\/www.europesays.com\/se\/wp-json\/wp\/v2\/posts"}],"about":[{"href":"https:\/\/www.europesays.com\/se\/wp-json\/wp\/v2\/types\/post"}],"author":[{"embeddable":true,"href":"https:\/\/www.europesays.com\/se\/wp-json\/wp\/v2\/users\/2"}],"replies":[{"embeddable":true,"href":"https:\/\/www.europesays.com\/se\/wp-json\/wp\/v2\/comments?post=102978"}],"version-history":[{"count":0,"href":"https:\/\/www.europesays.com\/se\/wp-json\/wp\/v2\/posts\/102978\/revisions"}],"wp:featuredmedia":[{"embeddable":true,"href":"https:\/\/www.europesays.com\/se\/wp-json\/wp\/v2\/media\/102979"}],"wp:attachment":[{"href":"https:\/\/www.europesays.com\/se\/wp-json\/wp\/v2\/media?parent=102978"}],"wp:term":[{"taxonomy":"category","embeddable":true,"href":"https:\/\/www.europesays.com\/se\/wp-json\/wp\/v2\/categories?post=102978"},{"taxonomy":"post_tag","embeddable":true,"href":"https:\/\/www.europesays.com\/se\/wp-json\/wp\/v2\/tags?post=102978"}],"curies":[{"name":"wp","href":"https:\/\/api.w.org\/{rel}","templated":true}]}}