{"id":102982,"date":"2025-12-11T15:28:13","date_gmt":"2025-12-11T15:28:13","guid":{"rendered":"https:\/\/www.europesays.com\/se\/102982\/"},"modified":"2025-12-11T15:28:13","modified_gmt":"2025-12-11T15:28:13","slug":"sverige-kan-mer-om-vagarna-till-jobb-och-bostad-blir-fler","status":"publish","type":"post","link":"https:\/\/www.europesays.com\/se\/102982\/","title":{"rendered":"Sverige kan mer \u2013 om v\u00e4garna till jobb och bostad blir fler"},"content":{"rendered":"<p>\t\t\t\t\t\t\t\t\t\t\t\t\t\t\t\t\t\t\t<img width=\"960\" height=\"640\" class=\"full-post__image post__image--full wp-post-image lazyload\" alt=\"Sverige kan mer \u2013 om v\u00e4garna till jobb och bostad blir fler\" loading=\"eager\" decoding=\"async\" fetchpriority=\"high\" src=\"https:\/\/www.europesays.com\/se\/wp-content\/uploads\/2025\/12\/Elmsater-Svard-1200x800.jpg\"  data- data-eio-rwidth=\"1200\" data-eio-rheight=\"800\"\/><br \/>\n\t\t\t\t\t\t\t\t\t\tCatharina Elms\u00e4ter-Sv\u00e4rd, vd f\u00f6r Byggf\u00f6retagen. Foto: Byggf\u00f6retagen\t\t\t\t\t\t\t\t\t<\/p>\n<p>\t\t\t\t\t\t\t\t\t\t\tAv:\t\t\t\t\t\t\t\t\t\t\t\tAnna Sj\u00f6str\u00f6m\t\t\t\t\t\t\t\t\t\t\t\t\t\t\t\t\t\t\t\t\t<\/p>\n<p>\t\t\t\t\t\t\t\t\t\t\t11 december 2025\t\t\t\t\t\t\t\t\t\t<\/p>\n<p>Catharina Elms\u00e4ter-Sv\u00e4rd konstaterar att mycket har gjorts sedan man presenterade sin reformagenda f\u00f6r fyra \u00e5r sedan. Men en hel del \u00e5terst\u00e5r och d\u00e4r har infrastrukturen en fortsatt nyckelroll.<\/p>\n<p>N\u00e4r Byggf\u00f6retagen f\u00f6r ganska exakt fyra \u00e5r sedan presenterade v\u00e5r n\u00e4ringspolitiska\u00a0\u00a0reformagenda \u2013 \u201dS\u00e5 bygger vi Sverige b\u00e4ttre\u201d \u2013 lyfte vi fram hur satsningar p\u00e5 infrastruktur \u00e4r en motor f\u00f6r hela samh\u00e4llsbygget.\u00a0<\/p>\n<p>Bland v\u00e5ra reformf\u00f6rslag fanns krav p\u00e5 snabbare tillst\u00e5ndsprocesser, f\u00f6rb\u00e4ttrad kompetensf\u00f6rs\u00f6rjning f\u00f6r anl\u00e4ggningsyrken och \u00f6kad kapacitet p\u00e5 v\u00e4g och j\u00e4rnv\u00e4g. Vi konstaterade ocks\u00e5 att satsningarna p\u00e5 infrastruktur under en period beh\u00f6vde v\u00e4xa snabbare \u00e4n BNP.\u00a0<\/p>\n<p>Den senaste mandatperioden har i h\u00f6g grad p\u00e5verkats av krig, kriser och kostnads\u00f6kningar. Arbetsl\u00f6sheten har bitit sig fast p\u00e5 h\u00f6ga niv\u00e5er. Allt fler ifr\u00e5gas\u00e4tter v\u00e4rdet av r\u00f6rlighet och \u00f6ppenhet p\u00e5 arbetsmarknaden.\u00a0<\/p>\n<p>Men vi ser ocks\u00e5 att mycket har blivit b\u00e4ttre. Och att infraskulden har b\u00f6rjat \u00e5tg\u00e4rdas.\u00a0<\/p>\n<p>Komplicerade tillst\u00e5ndsprocesser<\/p>\n<p>Trafikverket har presenterat sitt f\u00f6rslag till ny nationell plan f\u00f6r transportinfrastrukturen 2026-2037. Ungef\u00e4r h\u00e4lften av de n\u00e4stan 1 200 miljarder kronorna v\u00e4ntas g\u00e5 till underh\u00e5ll av v\u00e4g och j\u00e4rnv\u00e4g.\u00a0<\/p>\n<p>Samtidigt \u00e4r tillst\u00e5ndsprocesserna fortfarande l\u00e5ngsamma och komplicerade.\u00a0<\/p>\n<p>Allt f\u00f6r ofta avg\u00f6rs fr\u00e5gor om samh\u00e4llsutveckling och stadsbyggnad i domstol, allt mer s\u00e4llan f\u00e5r m\u00e4nniskors behov och samh\u00e4llsnytta styra. Lager p\u00e5 lager av lagstiftning skapar utdragna och kostnadsdrivande tillst\u00e5ndsprocesser.<\/p>\n<p>Sveriges konkurrenskraft, produktivitet och tillv\u00e4xt beh\u00f6ver v\u00e4ssas. D\u00e4rf\u00f6r m\u00e5ste till exempel bygg- och anl\u00e4ggningsbranschen, politiken och myndigheter som Trafikverket bli b\u00e4ttre p\u00e5 att samordna sina insatser vid st\u00f6rre infraprojekt.<\/p>\n<p>Byggf\u00f6retagens nya reformagenda<\/p>\n<p>I b\u00f6rjan av val\u00e5ret 2026 kommer Byggf\u00f6retagen att presentera en uppdaterad n\u00e4ringspolitisk reformagenda. F\u00f6rhoppningen \u00e4r att staka ut en ny offensiv riktning f\u00f6r samh\u00e4llsbyggande. <\/p>\n<p>H\u00e4r har satsningar p\u00e5 infrastruktur en fortsatt nyckelroll:\u00a0<\/p>\n<ul class=\"wp-block-list\">\n<li>Ge bygg- och anl\u00e4ggningsbranschen m\u00f6jlighet att bygga bort hela infraskulden genom l\u00e5ngsiktig h\u00e5llbar finansiering.\u00a0<\/li>\n<\/ul>\n<ul class=\"wp-block-list\">\n<li>F\u00e5 till fler samh\u00e4llsnyttiga v\u00e4g och j\u00e4rnv\u00e4gsstr\u00e4ckor med hj\u00e4lp av privat-offentlig samverkan.\u00a0<\/li>\n<\/ul>\n<ul class=\"wp-block-list\">\n<li>Se till att Sverige nyttjar m\u00f6jligheterna till undantag fr\u00e5n r\u00e4nteavdragsbegr\u00e4nsningsreglerna f\u00f6r infrastruktur p\u00e5 samma s\u00e4tt som flera andra EU-l\u00e4nder. Det skulle g\u00f6ra det mer attraktivt f\u00f6r privata investerare att satsa pengar i dessa projekt.<\/li>\n<li>Infrastruktursatsningar \u00e4r en investering f\u00f6r s\u00e5v\u00e4l lokalt bostadsbyggande som nationell beredskap. D\u00e4rf\u00f6r beh\u00f6ver politiska beslutsfattare \u2013 p\u00e5 alla niv\u00e5er och i alla partier \u2013 skapa f\u00f6ruts\u00e4ttningarna som kr\u00e4vs f\u00f6r att vi ska frig\u00f6ra v\u00e5r branschs fulla potential.\u00a0<\/li>\n<\/ul>\n<p>Sverige kan mer.\u00a0<\/p>\n<p><strong>\/Catharina Elms\u00e4ter-Sv\u00e4rd, <\/strong><br \/>vd Byggf\u00f6retagen<\/p>\n","protected":false},"excerpt":{"rendered":"Catharina Elms\u00e4ter-Sv\u00e4rd, vd f\u00f6r Byggf\u00f6retagen. Foto: Byggf\u00f6retagen Av: Anna Sj\u00f6str\u00f6m 11 december 2025 Catharina Elms\u00e4ter-Sv\u00e4rd konstaterar att mycket&hellip;\n","protected":false},"author":2,"featured_media":102983,"comment_status":"","ping_status":"","sticky":false,"template":"","format":"standard","meta":{"footnotes":""},"categories":[65],"tags":[72,2483,11690,445,70,71,34,31,33,32,30],"class_list":{"0":"post-102982","1":"post","2":"type-post","3":"status-publish","4":"format-standard","5":"has-post-thumbnail","7":"category-ekonomi","8":"tag-business","9":"tag-byggforetagen","10":"tag-catharina-elmsater-svard","11":"tag-debatt","12":"tag-economy","13":"tag-ekonomi","14":"tag-se","15":"tag-svenska","16":"tag-sverige","17":"tag-sweden","18":"tag-swedish"},"share_on_mastodon":{"url":"https:\/\/pubeurope.com\/@se\/115701645797457696","error":""},"_links":{"self":[{"href":"https:\/\/www.europesays.com\/se\/wp-json\/wp\/v2\/posts\/102982","targetHints":{"allow":["GET"]}}],"collection":[{"href":"https:\/\/www.europesays.com\/se\/wp-json\/wp\/v2\/posts"}],"about":[{"href":"https:\/\/www.europesays.com\/se\/wp-json\/wp\/v2\/types\/post"}],"author":[{"embeddable":true,"href":"https:\/\/www.europesays.com\/se\/wp-json\/wp\/v2\/users\/2"}],"replies":[{"embeddable":true,"href":"https:\/\/www.europesays.com\/se\/wp-json\/wp\/v2\/comments?post=102982"}],"version-history":[{"count":0,"href":"https:\/\/www.europesays.com\/se\/wp-json\/wp\/v2\/posts\/102982\/revisions"}],"wp:featuredmedia":[{"embeddable":true,"href":"https:\/\/www.europesays.com\/se\/wp-json\/wp\/v2\/media\/102983"}],"wp:attachment":[{"href":"https:\/\/www.europesays.com\/se\/wp-json\/wp\/v2\/media?parent=102982"}],"wp:term":[{"taxonomy":"category","embeddable":true,"href":"https:\/\/www.europesays.com\/se\/wp-json\/wp\/v2\/categories?post=102982"},{"taxonomy":"post_tag","embeddable":true,"href":"https:\/\/www.europesays.com\/se\/wp-json\/wp\/v2\/tags?post=102982"}],"curies":[{"name":"wp","href":"https:\/\/api.w.org\/{rel}","templated":true}]}}