{"id":102984,"date":"2025-12-11T15:29:11","date_gmt":"2025-12-11T15:29:11","guid":{"rendered":"https:\/\/www.europesays.com\/se\/102984\/"},"modified":"2025-12-11T15:29:11","modified_gmt":"2025-12-11T15:29:11","slug":"usas-representanthus-gar-emot-trump-satsar-stort-pa-sakerheten-i-europa","status":"publish","type":"post","link":"https:\/\/www.europesays.com\/se\/102984\/","title":{"rendered":"USA:s representanthus g\u00e5r emot Trump \u2013 satsar stort p\u00e5 s\u00e4kerheten i Europa"},"content":{"rendered":"<p>Det amerikanska representanthuset har r\u00f6stat igenom ett omfattande f\u00f6rsvars- och s\u00e4kerhetspaket som bland annat inneb\u00e4r satsningar p\u00e5 st\u00e4rkt s\u00e4kerhet i Europa, skriver The Guardian. Paketet tycks markera tydligt avst\u00e5nd fr\u00e5n Donald Trumps politik som g\u00e5r ut p\u00e5 att USA ska minska sitt engagemang i Europa. <\/p>\n<p>Paketet inneb\u00e4r att \u00e5tta miljarder dollar mer \u00e4n Trump beg\u00e4rt satsas p\u00e5 Europa. Det inneb\u00e4r ocks\u00e5 att USA alltid ska beh\u00e5lla minst 76\u202f000 soldater p\u00e5 europeisk mark och att det blir sv\u00e5rare f\u00f6r presidenten att kalla hem soldater eller dra bort mer avancerad milit\u00e4r utrustning. <\/p>\n<p>S\u00e4rskilt st\u00e4rks s\u00e4kerheten i Baltikum och utmed Natos \u00f6stra flank. 400 miljoner dollar avs\u00e4tts ocks\u00e5 till st\u00f6d f\u00f6r Ukraina.<\/p>\n<p>F\u00f6rslaget g\u00e5r nu vidare till senaten. <\/p>\n<p>Omni \u00e4r politiskt obundna och oberoende. Vi str\u00e4var efter att ge fler perspektiv p\u00e5 nyheterna. Har du fr\u00e5gor eller synpunkter kring v\u00e5r rapportering? <a href=\"https:\/\/omni.se\/usa-s-representanthus-gar-emot-trump-satsar-stort-pa-sakerheten-i-europa\/a\/mailto:redaktion@omni.se\" class=\"ArticleActions_contactLink__W2F1M\" rel=\"nofollow noopener\" target=\"_blank\">Kontakta redaktionen<\/a><\/p>\n","protected":false},"excerpt":{"rendered":"Det amerikanska representanthuset har r\u00f6stat igenom ett omfattande f\u00f6rsvars- och s\u00e4kerhetspaket som bland annat inneb\u00e4r satsningar p\u00e5 st\u00e4rkt&hellip;\n","protected":false},"author":2,"featured_media":102985,"comment_status":"","ping_status":"","sticky":false,"template":"","format":"standard","meta":{"footnotes":""},"categories":[14],"tags":[387,22,23,385,267,26,27,17,21,24,25,28,29,999,15,268,16,18,34,31,33,32,30,19,20,263,74,51,52,53,54],"class_list":{"0":"post-102984","1":"post","2":"type-post","3":"status-publish","4":"format-standard","5":"has-post-thumbnail","7":"category-varlden","8":"tag-amerikansk-politik","9":"tag-breaking-news","10":"tag-breakingnews","11":"tag-donald-trump","12":"tag-europa","13":"tag-featured-news","14":"tag-featurednews","15":"tag-headlines","16":"tag-huvudnyheter","17":"tag-latest-news","18":"tag-latestnews","19":"tag-main-news","20":"tag-mainnews","21":"tag-nato","22":"tag-news","23":"tag-nordamerika","24":"tag-nyheter","25":"tag-rubriker","26":"tag-se","27":"tag-svenska","28":"tag-sverige","29":"tag-sweden","30":"tag-swedish","31":"tag-top-stories","32":"tag-topstories","33":"tag-ukraina","34":"tag-usa","35":"tag-varlden","36":"tag-world","37":"tag-world-news","38":"tag-worldnews"},"share_on_mastodon":{"url":"https:\/\/pubeurope.com\/@se\/115701649617773577","error":""},"_links":{"self":[{"href":"https:\/\/www.europesays.com\/se\/wp-json\/wp\/v2\/posts\/102984","targetHints":{"allow":["GET"]}}],"collection":[{"href":"https:\/\/www.europesays.com\/se\/wp-json\/wp\/v2\/posts"}],"about":[{"href":"https:\/\/www.europesays.com\/se\/wp-json\/wp\/v2\/types\/post"}],"author":[{"embeddable":true,"href":"https:\/\/www.europesays.com\/se\/wp-json\/wp\/v2\/users\/2"}],"replies":[{"embeddable":true,"href":"https:\/\/www.europesays.com\/se\/wp-json\/wp\/v2\/comments?post=102984"}],"version-history":[{"count":0,"href":"https:\/\/www.europesays.com\/se\/wp-json\/wp\/v2\/posts\/102984\/revisions"}],"wp:featuredmedia":[{"embeddable":true,"href":"https:\/\/www.europesays.com\/se\/wp-json\/wp\/v2\/media\/102985"}],"wp:attachment":[{"href":"https:\/\/www.europesays.com\/se\/wp-json\/wp\/v2\/media?parent=102984"}],"wp:term":[{"taxonomy":"category","embeddable":true,"href":"https:\/\/www.europesays.com\/se\/wp-json\/wp\/v2\/categories?post=102984"},{"taxonomy":"post_tag","embeddable":true,"href":"https:\/\/www.europesays.com\/se\/wp-json\/wp\/v2\/tags?post=102984"}],"curies":[{"name":"wp","href":"https:\/\/api.w.org\/{rel}","templated":true}]}}