{"id":102988,"date":"2025-12-11T15:33:10","date_gmt":"2025-12-11T15:33:10","guid":{"rendered":"https:\/\/www.europesays.com\/se\/102988\/"},"modified":"2025-12-11T15:33:10","modified_gmt":"2025-12-11T15:33:10","slug":"region-kronoberg-battre-beredskap-infor-infektionssasongen","status":"publish","type":"post","link":"https:\/\/www.europesays.com\/se\/102988\/","title":{"rendered":"Region Kronoberg &#8211; B\u00e4ttre beredskap inf\u00f6r infektionss\u00e4songen"},"content":{"rendered":"<p class=\"ingress\">&#13;<br \/>\n            Infektionss\u00e4songen har nu startat i Sverige enligt Folkh\u00e4lsomyndigheten. I Kronoberg \u00e4r l\u00e4get fortfarande relativt lugnt, men smittan v\u00e4ntas \u00f6ka de kommande veckorna och det \u00e4r h\u00f6g tid f\u00f6r riskgrupper att vaccinera sig. H\u00e4lso- och sjukv\u00e5rden har i \u00e5r en b\u00e4ttre beredskap om m\u00e5nga inv\u00e5nare skulle insjukna och beh\u00f6va v\u00e5rd.&#13;\n        <\/p>\n<p>        &#13;<\/p>\n<p>M\u00e5nga av fallen som rapporteras \u00e4r influensa A (H3N2), framf\u00f6r allt undergruppen K. H3N2 \u00e4r k\u00e4nd f\u00f6r att sl\u00e5 h\u00e5rdare mot \u00e4ldre.<\/p>\n<p>\u2013 Vaccination \u00e4r det b\u00e4sta s\u00e4ttet att skydda sig mot allvarlig influensa och det \u00e4r h\u00f6g tid f\u00f6r riskgrupperna att boka in tid f\u00f6r att vaccinera sig, s\u00e4ger Christian Blomkvist, smittskyddsl\u00e4kare i Region Kronoberg.<\/p>\n<p>B\u00e4ttre beredskap i \u00e5r<\/p>\n<p>Inf\u00f6r s\u00e4songen har sjukhusv\u00e5rden och prim\u00e4rv\u00e5rden arbetat tillsammans f\u00f6r att st\u00e5 b\u00e4ttre rustade.<\/p>\n<p>\u2013 Vi har fler disponibla v\u00e5rdplatser, b\u00e4ttre bemanning och ett mer h\u00e5llbart arbetss\u00e4tt j\u00e4mf\u00f6rt med f\u00f6reg\u00e5ende \u00e5r. Vi har ocks\u00e5 testade rutiner och en eskaleringsplan om situationen skulle f\u00f6r\u00e4ndras snabbt, s\u00e4ger Katarina Planhammar H\u00f6rberg, verksamhetschef p\u00e5 onkologkliniken.<\/p>\n<p>F\u00f6r m\u00e5nga patienter finns det ocks\u00e5 goda m\u00f6jligheter att f\u00e5 hj\u00e4lp inom prim\u00e4rv\u00e5rden. Inom den kommunala hemsjukv\u00e5rden och p\u00e5 m\u00e5nga s\u00e4rskilda boenden samarbetar man med prim\u00e4rv\u00e5rden och kan ge extra syrgas och medicinen Tamiflu, som kan lindra influensaf\u00f6rloppet.<\/p>\n<p>S\u00e5 minskar du smittspridningen<\/p>\n<ul>\n<li>Du kan g\u00f6ra stor skillnad genom att:<\/li>\n<li>stanna hemma n\u00e4r du \u00e4r sjuk<\/li>\n<li>undvika att tr\u00e4ffa \u00e4ldre och personer i riskgrupp om du har symtom<\/li>\n<li>tv\u00e4tta h\u00e4nderna ofta<\/li>\n<li>hosta och nys i armvecket.<\/li>\n<\/ul>\n<p>De flesta som f\u00e5r influensa blir friska hemma med vila, v\u00e4tska och feberneds\u00e4ttande l\u00e4kemedel vid behov.<\/p>\n<p>Kontakta v\u00e5rden om du eller ditt barn f\u00e5r sv\u00e5rt att andas, p\u00e5verkat allm\u00e4ntillst\u00e5nd, h\u00f6g feber som inte g\u00e5r ner eller om du tillh\u00f6r en riskgrupp och blir sjuk.<\/p>\n<p>&#13;<\/p>\n","protected":false},"excerpt":{"rendered":"&#13; Infektionss\u00e4songen har nu startat i Sverige enligt Folkh\u00e4lsomyndigheten. I Kronoberg \u00e4r l\u00e4get fortfarande relativt lugnt, men smittan&hellip;\n","protected":false},"author":2,"featured_media":102989,"comment_status":"","ping_status":"","sticky":false,"template":"","format":"standard","meta":{"footnotes":""},"categories":[69],"tags":[113,112,34,31,33,32,30],"class_list":{"0":"post-102988","1":"post","2":"type-post","3":"status-publish","4":"format-standard","5":"has-post-thumbnail","7":"category-halsa","8":"tag-halsa","9":"tag-health","10":"tag-se","11":"tag-svenska","12":"tag-sverige","13":"tag-sweden","14":"tag-swedish"},"share_on_mastodon":{"url":"https:\/\/pubeurope.com\/@se\/115701665242544051","error":""},"_links":{"self":[{"href":"https:\/\/www.europesays.com\/se\/wp-json\/wp\/v2\/posts\/102988","targetHints":{"allow":["GET"]}}],"collection":[{"href":"https:\/\/www.europesays.com\/se\/wp-json\/wp\/v2\/posts"}],"about":[{"href":"https:\/\/www.europesays.com\/se\/wp-json\/wp\/v2\/types\/post"}],"author":[{"embeddable":true,"href":"https:\/\/www.europesays.com\/se\/wp-json\/wp\/v2\/users\/2"}],"replies":[{"embeddable":true,"href":"https:\/\/www.europesays.com\/se\/wp-json\/wp\/v2\/comments?post=102988"}],"version-history":[{"count":0,"href":"https:\/\/www.europesays.com\/se\/wp-json\/wp\/v2\/posts\/102988\/revisions"}],"wp:featuredmedia":[{"embeddable":true,"href":"https:\/\/www.europesays.com\/se\/wp-json\/wp\/v2\/media\/102989"}],"wp:attachment":[{"href":"https:\/\/www.europesays.com\/se\/wp-json\/wp\/v2\/media?parent=102988"}],"wp:term":[{"taxonomy":"category","embeddable":true,"href":"https:\/\/www.europesays.com\/se\/wp-json\/wp\/v2\/categories?post=102988"},{"taxonomy":"post_tag","embeddable":true,"href":"https:\/\/www.europesays.com\/se\/wp-json\/wp\/v2\/tags?post=102988"}],"curies":[{"name":"wp","href":"https:\/\/api.w.org\/{rel}","templated":true}]}}