{"id":103001,"date":"2025-12-11T15:41:17","date_gmt":"2025-12-11T15:41:17","guid":{"rendered":"https:\/\/www.europesays.com\/se\/103001\/"},"modified":"2025-12-11T15:41:17","modified_gmt":"2025-12-11T15:41:17","slug":"nanna-svartz-stipendium-2025-lakartidningen","status":"publish","type":"post","link":"https:\/\/www.europesays.com\/se\/103001\/","title":{"rendered":"Nanna Svartz stipendium 2025 \u2013 L\u00e4kartidningen"},"content":{"rendered":"<p>\t\t\t\t\t<img alt=\"\" class=\"MediaWrapper-content BodyImage-imageObject\" src=\"https:\/\/www.europesays.com\/se\/wp-content\/uploads\/2025\/12\/carlturesson-foto-jan-torbjornsson-1.jpg\" data-lazy-load-target=\"content\" width=\"400\" height=\"500\" loading=\"lazy\" decoding=\"async\" fetchpriority=\"auto\"\/><\/p>\n<p>\t\t\t\t\t\t\tFoto: Jan Torbj\u00f6rnsson\n\t\t\t\t\t\t\t\t\t<\/p>\n<p>Motiveringen lyder: \u00bbProfessor <strong>Carl Turessons<\/strong> forskning fokuserar p\u00e5 tv\u00e5 vanliga reumatiska sjukdomar, reumatoid artrit och temporalisarterit. Carl har gjort uppm\u00e4rksammade studier om uppkomstmekanismer till dessa sjukdomar samt prognostiska studier. P\u00e5 senare tid har han \u00e4ven genomf\u00f6rt studier om betydelsen av kost och metabola faktorer, vilket \u00e4r ett omr\u00e5de m\u00e5nga patienter har fr\u00e5gor kring. Forskningen har hela tiden varit kliniskt f\u00f6rankrad och patientn\u00e4ra. Carl har kombinerat sin framg\u00e5ngsrika forskningskarri\u00e4r med en omfattande klinisk verksamhet. Han har gjort stort avtryck i svensk reumatologi bland annat genom sitt engagemang som vetenskaplig sekreterare i Svensk Reumatologisk F\u00f6rening och genom sitt ledande bidrag i framtagandet av behandlingsriktlinjer f\u00f6r s\u00e5v\u00e4l reumatoid artrit som temporalisarterit.<\/p>\n<p>\n\t\tAnnons\t\t\t<\/p>\n<p>\t\t<a href=\"https:\/\/pro.novonordisk.se\/lakemedel\/ozempic.html?cid=paid3-nvqirmfzx7\" data-ad-target=\"link\" class=\"Ad-content\" rel=\"sponsored nofollow noopener\" target=\"_blank\"><\/p>\n<p>\t\t\t\t<img alt=\"Annons\" class=\"MediaWrapper-content Ad-image\" src=\"https:\/\/www.europesays.com\/se\/wp-content\/uploads\/2025\/12\/1765467677_64_ozempic-1404x720-lt-1.gif\" data-lazy-load-target=\"content\" width=\"468\" height=\"240\" loading=\"lazy\" decoding=\"async\" fetchpriority=\"auto\"\/><\/p>\n<p>\t\t<\/a><\/p>\n<p>Sammanfattningsvis bedriver Carl viktig och patientn\u00e4ra forskning samt bidrar till att ny kunskap ska komma patienter till gagn p\u00e5 lokal och nationell niv\u00e5.\u00ab<\/p>\n<p>Det \u00e4r Reumatikerf\u00f6rbundet och Pfizer som delar ut stipendiet till minne av Nanna Svartz, Sveriges f\u00f6rsta kvinnliga professor i medicin.\u00a0<\/p>\n","protected":false},"excerpt":{"rendered":"Foto: Jan Torbj\u00f6rnsson Motiveringen lyder: \u00bbProfessor Carl Turessons forskning fokuserar p\u00e5 tv\u00e5 vanliga reumatiska sjukdomar, reumatoid artrit och&hellip;\n","protected":false},"author":2,"featured_media":103002,"comment_status":"","ping_status":"","sticky":false,"template":"","format":"standard","meta":{"footnotes":""},"categories":[69],"tags":[113,112,34,31,33,32,30],"class_list":{"0":"post-103001","1":"post","2":"type-post","3":"status-publish","4":"format-standard","5":"has-post-thumbnail","7":"category-halsa","8":"tag-halsa","9":"tag-health","10":"tag-se","11":"tag-svenska","12":"tag-sverige","13":"tag-sweden","14":"tag-swedish"},"share_on_mastodon":{"url":"https:\/\/pubeurope.com\/@se\/115701696856873134","error":""},"_links":{"self":[{"href":"https:\/\/www.europesays.com\/se\/wp-json\/wp\/v2\/posts\/103001","targetHints":{"allow":["GET"]}}],"collection":[{"href":"https:\/\/www.europesays.com\/se\/wp-json\/wp\/v2\/posts"}],"about":[{"href":"https:\/\/www.europesays.com\/se\/wp-json\/wp\/v2\/types\/post"}],"author":[{"embeddable":true,"href":"https:\/\/www.europesays.com\/se\/wp-json\/wp\/v2\/users\/2"}],"replies":[{"embeddable":true,"href":"https:\/\/www.europesays.com\/se\/wp-json\/wp\/v2\/comments?post=103001"}],"version-history":[{"count":0,"href":"https:\/\/www.europesays.com\/se\/wp-json\/wp\/v2\/posts\/103001\/revisions"}],"wp:featuredmedia":[{"embeddable":true,"href":"https:\/\/www.europesays.com\/se\/wp-json\/wp\/v2\/media\/103002"}],"wp:attachment":[{"href":"https:\/\/www.europesays.com\/se\/wp-json\/wp\/v2\/media?parent=103001"}],"wp:term":[{"taxonomy":"category","embeddable":true,"href":"https:\/\/www.europesays.com\/se\/wp-json\/wp\/v2\/categories?post=103001"},{"taxonomy":"post_tag","embeddable":true,"href":"https:\/\/www.europesays.com\/se\/wp-json\/wp\/v2\/tags?post=103001"}],"curies":[{"name":"wp","href":"https:\/\/api.w.org\/{rel}","templated":true}]}}