{"id":103007,"date":"2025-12-11T15:47:14","date_gmt":"2025-12-11T15:47:14","guid":{"rendered":"https:\/\/www.europesays.com\/se\/103007\/"},"modified":"2025-12-11T15:47:14","modified_gmt":"2025-12-11T15:47:14","slug":"vargkritik-mot-sverige-laggs-ner","status":"publish","type":"post","link":"https:\/\/www.europesays.com\/se\/103007\/","title":{"rendered":"Vargkritik mot Sverige l\u00e4ggs ner"},"content":{"rendered":"<p class=\"boxtextgrotesk-root_baa6 hyperion-css-7pajle\">Uppdaterad 14.14 | Publicerad 11.09<\/p>\n<p>share-arrowDela<\/p>\n<p>unsaveSpara<\/p>\n<p>expand-left<\/p>\n<p>helsk\u00e4rm<img decoding=\"async\" class=\"image-asset hyperion-css-u06ts1\" data-test-tag=\"image-asset\" src=\"https:\/\/www.europesays.com\/se\/wp-content\/uploads\/2025\/12\/3a75772a-6a83-4b99-9914-047883a34a2c\"  alt=\"Landsbygdsminister Peter Kullgren (KD) p\u00e5 v\u00e4g in till torsdagens EU-m\u00f6te i Bryssel.\"  loading=\"eager\" fetchpriority=\"high\" style=\"aspect-ratio:1900 \/ 1245\"\/>Landsbygdsminister Peter Kullgren (KD) p\u00e5 v\u00e4g in till torsdagens EU-m\u00f6te i Bryssel. Foto: Wiktor Nummelin\/TT<\/p>\n<p class=\"hyperion-css-1shl3oz\" data-test-tag=\"lead-text\">Efter 15 \u00e5r av domstolshot l\u00e4gger EU-kommissionen ner sitt gamla \u00e4rende mot Sveriges vargjakt.<\/p>\n<p class=\"hyperion-css-1shl3oz\" data-test-tag=\"lead-text\">Men kanske kommer nya processer i st\u00e4llet.<\/p>\n<p class=\"hyperion-css-1v9qo5x\">Redan 2011 drog EU-kommissionen ig\u00e5ng sin formella process mot Sveriges vargpolitik. S\u00e4rskilt mycket har dock inte h\u00e4nt de senaste \u00e5ren och sedan vargens skyddsstatus i Europa i \u00e5r \u00e4ndrats fr\u00e5n \u201dstrikt skyddad\u201d till bara \u201dskyddad\u201d i EU:s art- och habitatdirektiv l\u00e4ggs det gamla \u00e4rendet nu ner.<\/p>\n<p class=\"hyperion-css-1v9qo5x\">\u2013 Det k\u00e4nns v\u00e4ldigt bra, s\u00e4ger landsbygdsminister Peter Kullgren (KD) i Bryssel.<\/p>\n<p class=\"hyperion-css-1v9qo5x\">Avslutningen av processen bekr\u00e4ftas av kommissionstalesmannen Maciej Berestecki. Fler detaljer utlovas senare. Enligt Kullgren \u00e4r EU-kommissionens besked en f\u00f6ljd bland annat av att regeringen tryckt p\u00e5 f\u00f6r att art- och haibtatdirektivet ska \u00e4ndras.<\/p>\n<p class=\"hyperion-css-1v9qo5x\">\u2013 Sk\u00f6nt att det \u00e4r avklarat nu, s\u00e4ger ministern.<\/p>\n<p>\u201d\u00c4r tr\u00e5kigt\u201d<\/p>\n<p class=\"hyperion-css-1v9qo5x\">Rebecka Le Moine, milj\u00f6partistisk riksdagsledamot h\u00e5ller inte med.<\/p>\n<p class=\"hyperion-css-1v9qo5x\">\u2013 Det \u00e4r tr\u00e5kigt och jag beklagar att Sverige faktiskt kom undan med att bedriva licensjakt under alla de \u00e5r vargen var strikt skyddad inom hela EU. Men jag \u00e4r inte \u00f6verraskad, s\u00e4ger hon.<\/p>\n<p class=\"hyperion-css-1v9qo5x\">EU kan fortfarande komma att s\u00e4tta k\u00e4ppar i hjulen f\u00f6r regeringens ambition att \u00f6ka licensjakten p\u00e5 varg f\u00f6r att komma ned till en vargstam kring 170 individer.<\/p>\n<p class=\"hyperion-css-1v9qo5x\">Det gamla referensv\u00e4rdet var 300, men det s\u00e4nktes till 170 i somras. Det kritiserades av EU-kommissionen f\u00f6r att vara ett politiskt beslut, som strider mot EU:s krav p\u00e5 att naturv\u00e5rd ska vara vetenskapligt underbyggt.<\/p>\n<p class=\"hyperion-css-1v9qo5x\">\u2013 Det \u00e4r h\u00f6gst os\u00e4kert kring hur jakten som b\u00f6rjar 2 januari \u00e4r i linje med art- och habitatdirektivet, s\u00e4ger Le Moine.<\/p>\n<p>Har koll<\/p>\n<p class=\"hyperion-css-1v9qo5x\">Enligt henne \u00e4r 170 individer \u201ddefinitivt\u201d inte tillr\u00e4ckligt f\u00f6r att uppn\u00e5 en gynnsam bevarandestatus f\u00f6r vargen och kanske \u00e4r inte ens 300, som det var tidigare, tillr\u00e4ckligt.<\/p>\n<p class=\"hyperion-css-1v9qo5x\">Kullgren \u00e4r hoppfull om att den svenska regeringens position ska f\u00e5 f\u00f6rst\u00e5else hos kommissionen. Ett svenskt brevsvar h\u00e5ller nu p\u00e5 att tas fram.<\/p>\n<p class=\"hyperion-css-1v9qo5x\">\u2013 Jag tror det \u00e4r f\u00e5 l\u00e4nder som har s\u00e5 bra koll p\u00e5 sina vargar som Sverige har och det tror jag ocks\u00e5 att kommissionen vet, s\u00e4ger Kullgren i Bryssel.<\/p>\n<p class=\"hyperion-css-1v9qo5x\">L\u00e4nsstyrelserna har, utifr\u00e5n det nya referensv\u00e4rdet, beslutat om licensjakt, som startar 2 januari, p\u00e5 48 vargar, j\u00e4mf\u00f6rt med 30 f\u00f6rra vintern. Planen \u00e4r att vargstammen i ett f\u00f6rsta steg ska ned till 270 individer.<\/p>\n<p class=\"hyperion-css-1v9qo5x\">Bland andra Naturskyddsf\u00f6reningen har \u00f6verklagat l\u00e4nsstyrelsernas beslut och vill att domstolen stoppar licensjakten tills vidare.<\/p>\n","protected":false},"excerpt":{"rendered":"Uppdaterad 14.14 | Publicerad 11.09 share-arrowDela unsaveSpara expand-left helsk\u00e4rmLandsbygdsminister Peter Kullgren (KD) p\u00e5 v\u00e4g in till torsdagens EU-m\u00f6te&hellip;\n","protected":false},"author":2,"featured_media":103008,"comment_status":"","ping_status":"","sticky":false,"template":"","format":"standard","meta":{"footnotes":""},"categories":[12],"tags":[22,23,26,27,17,21,24,25,28,29,15,16,18,34,31,33,32,30,19,20],"class_list":{"0":"post-103007","1":"post","2":"type-post","3":"status-publish","4":"format-standard","5":"has-post-thumbnail","7":"category-sverige","8":"tag-breaking-news","9":"tag-breakingnews","10":"tag-featured-news","11":"tag-featurednews","12":"tag-headlines","13":"tag-huvudnyheter","14":"tag-latest-news","15":"tag-latestnews","16":"tag-main-news","17":"tag-mainnews","18":"tag-news","19":"tag-nyheter","20":"tag-rubriker","21":"tag-se","22":"tag-svenska","23":"tag-sverige","24":"tag-sweden","25":"tag-swedish","26":"tag-top-stories","27":"tag-topstories"},"share_on_mastodon":{"url":"https:\/\/pubeurope.com\/@se\/115701720650882258","error":""},"_links":{"self":[{"href":"https:\/\/www.europesays.com\/se\/wp-json\/wp\/v2\/posts\/103007","targetHints":{"allow":["GET"]}}],"collection":[{"href":"https:\/\/www.europesays.com\/se\/wp-json\/wp\/v2\/posts"}],"about":[{"href":"https:\/\/www.europesays.com\/se\/wp-json\/wp\/v2\/types\/post"}],"author":[{"embeddable":true,"href":"https:\/\/www.europesays.com\/se\/wp-json\/wp\/v2\/users\/2"}],"replies":[{"embeddable":true,"href":"https:\/\/www.europesays.com\/se\/wp-json\/wp\/v2\/comments?post=103007"}],"version-history":[{"count":0,"href":"https:\/\/www.europesays.com\/se\/wp-json\/wp\/v2\/posts\/103007\/revisions"}],"wp:featuredmedia":[{"embeddable":true,"href":"https:\/\/www.europesays.com\/se\/wp-json\/wp\/v2\/media\/103008"}],"wp:attachment":[{"href":"https:\/\/www.europesays.com\/se\/wp-json\/wp\/v2\/media?parent=103007"}],"wp:term":[{"taxonomy":"category","embeddable":true,"href":"https:\/\/www.europesays.com\/se\/wp-json\/wp\/v2\/categories?post=103007"},{"taxonomy":"post_tag","embeddable":true,"href":"https:\/\/www.europesays.com\/se\/wp-json\/wp\/v2\/tags?post=103007"}],"curies":[{"name":"wp","href":"https:\/\/api.w.org\/{rel}","templated":true}]}}