{"id":103021,"date":"2025-12-11T16:08:31","date_gmt":"2025-12-11T16:08:31","guid":{"rendered":"https:\/\/www.europesays.com\/se\/103021\/"},"modified":"2025-12-11T16:08:31","modified_gmt":"2025-12-11T16:08:31","slug":"uppgifter-calle-jarnkrok-muntligt-overens-med-brynas-shl","status":"publish","type":"post","link":"https:\/\/www.europesays.com\/se\/103021\/","title":{"rendered":"Uppgifter: Calle J\u00e4rnkrok muntligt \u00f6verens med Bryn\u00e4s | SHL"},"content":{"rendered":"<p>Publicerad 10 dec 2025 kl 10.34Uppdaterad kl 11.39<\/p>\n<p>Bryn\u00e4s \u00e4r p\u00e5 v\u00e4g att g\u00f6ra \u00e4nnu en stj\u00e4rnv\u00e4rvning.<\/p>\n<p>Enligt <a href=\"https:\/\/www.aftonbladet.se\/sportbladet\/hockey\/a\/Pd3nJ6\/avslojar-calle-jarnkrok-och-brynas-overens-atervander\" rel=\"nofollow noopener\" target=\"_blank\">Aftonbladet<\/a> \u00e4r klubben muntligt \u00f6verens med Calle J\u00e4rnkrok, 34, till n\u00e4sta s\u00e4song.<\/p>\n<p><img   alt=\"\"\/> <\/p>\n<p>Foto: DAN HAMILTON \/ USA TODAY Sports \/ BILDBYR\u00c5N<\/p>\n<p>\u00d6ppna bild i helsk\u00e4rm<\/p>\n<p>Sommarens mest omtalade \u00f6verg\u00e5ng i SHL var Nicklas B\u00e4ckstr\u00f6ms comeback till Bryn\u00e4s. Efter flytten <a href=\"https:\/\/www.expressen.se\/sport\/hockey\/shl\/nicklas-backstroms-forslag-det-finns-lage\/\" rel=\"nofollow noopener\" target=\"_blank\">fick \u201dB\u00e4ckis\u201d fr\u00e5gan av Expressen<\/a> om hur han bed\u00f6mde sannolikheten, p\u00e5 en skala ett till fem, att fler stj\u00e4rnor ansluter efter honom.<\/p>\n<p>N\u00e4r <a href=\"https:\/\/www.expressen.se\/tagg\/person\/calle-jarnkrok\/\" class=\"\" rel=\"nofollow noopener\" target=\"_blank\">Calle J\u00e4rnkroks<\/a> namn n\u00e4mndes svarade B\u00e4ckstr\u00f6m en femma, allts\u00e5 h\u00f6gst sannolikt.<\/p>\n<p>S\u00e5 ser det ocks\u00e5 ut att bli. Enligt uppgifter till <a href=\"https:\/\/www.aftonbladet.se\/sportbladet\/hockey\/a\/Pd3nJ6\/avslojar-calle-jarnkrok-och-brynas-overens-atervander\" rel=\"nofollow noopener\" target=\"_blank\">Aftonbladet<\/a> \u00e4r Bryn\u00e4s och J\u00e4rnkrok muntligt \u00f6verens om en comeback till n\u00e4sta s\u00e4song s\u00e5 l\u00e4nge J\u00e4rnkroks kropp h\u00e5ller.<\/p>\n<p>34-\u00e5rige Calle J\u00e4rnkrok har utg\u00e5ende kontrakt med Toronto Maple Leafs. Han har hittills gjort fyra po\u00e4ng p\u00e5 19 matcher i NHL den h\u00e4r s\u00e4songen.<\/p>\n<p>J\u00e4rnkrok var med och vann SM-guld med Bryn\u00e4s 2012. Han l\u00e4mnade klubben \u00e5ret efter.<\/p>\n","protected":false},"excerpt":{"rendered":"Publicerad 10 dec 2025 kl 10.34Uppdaterad kl 11.39 Bryn\u00e4s \u00e4r p\u00e5 v\u00e4g att g\u00f6ra \u00e4nnu en stj\u00e4rnv\u00e4rvning. Enligt&hellip;\n","protected":false},"author":2,"featured_media":103022,"comment_status":"","ping_status":"","sticky":false,"template":"","format":"standard","meta":{"footnotes":""},"categories":[68],"tags":[824,421,1166,11701,34,255,823,111,110,31,33,32,30],"class_list":{"0":"post-103021","1":"post","2":"type-post","3":"status-publish","4":"format-standard","5":"has-post-thumbnail","7":"category-sport","8":"tag-organization-brynas-if","9":"tag-organization-nhl","10":"tag-organization-toronto-maple-leafs","11":"tag-person-calle-jarnkrok","12":"tag-se","13":"tag-sections-ishockey","14":"tag-sections-shl","15":"tag-sport","16":"tag-sports","17":"tag-svenska","18":"tag-sverige","19":"tag-sweden","20":"tag-swedish"},"share_on_mastodon":{"url":"https:\/\/pubeurope.com\/@se\/115701802816171058","error":""},"_links":{"self":[{"href":"https:\/\/www.europesays.com\/se\/wp-json\/wp\/v2\/posts\/103021","targetHints":{"allow":["GET"]}}],"collection":[{"href":"https:\/\/www.europesays.com\/se\/wp-json\/wp\/v2\/posts"}],"about":[{"href":"https:\/\/www.europesays.com\/se\/wp-json\/wp\/v2\/types\/post"}],"author":[{"embeddable":true,"href":"https:\/\/www.europesays.com\/se\/wp-json\/wp\/v2\/users\/2"}],"replies":[{"embeddable":true,"href":"https:\/\/www.europesays.com\/se\/wp-json\/wp\/v2\/comments?post=103021"}],"version-history":[{"count":0,"href":"https:\/\/www.europesays.com\/se\/wp-json\/wp\/v2\/posts\/103021\/revisions"}],"wp:featuredmedia":[{"embeddable":true,"href":"https:\/\/www.europesays.com\/se\/wp-json\/wp\/v2\/media\/103022"}],"wp:attachment":[{"href":"https:\/\/www.europesays.com\/se\/wp-json\/wp\/v2\/media?parent=103021"}],"wp:term":[{"taxonomy":"category","embeddable":true,"href":"https:\/\/www.europesays.com\/se\/wp-json\/wp\/v2\/categories?post=103021"},{"taxonomy":"post_tag","embeddable":true,"href":"https:\/\/www.europesays.com\/se\/wp-json\/wp\/v2\/tags?post=103021"}],"curies":[{"name":"wp","href":"https:\/\/api.w.org\/{rel}","templated":true}]}}