{"id":103023,"date":"2025-12-11T16:09:07","date_gmt":"2025-12-11T16:09:07","guid":{"rendered":"https:\/\/www.europesays.com\/se\/103023\/"},"modified":"2025-12-11T16:09:07","modified_gmt":"2025-12-11T16:09:07","slug":"klart-pitea-ar-arets-kulturkommun-2026","status":"publish","type":"post","link":"https:\/\/www.europesays.com\/se\/103023\/","title":{"rendered":"Klart &#8211; Pite\u00e5 \u00e4r \u00c5rets kulturkommun 2026!"},"content":{"rendered":"<p class=\"normal\">I \u00e5r kom det in m\u00e5nga nomineringar fr\u00e5n Visions medlemmar och f\u00f6rtroendevalda och juryn hade ett tufft arbete, men nominerade till slut tre finalister: G\u00e4vle, Pite\u00e5 och V\u00e4stervik.<\/p>\n<p class=\"normal\">Alla tre \u00e4r kommuner som g\u00f6r ett h\u00e5rt arbete f\u00f6r att kulturen ska vara en viktig och integrerad del av inv\u00e5narnas och medarbetarnas vardag. Dessutom v\u00e5gar de satsa \u00e4ven n\u00e4r det \u00e4r sv\u00e5rare tider.<\/p>\n<p class=\"normal\">Endast en kommun kan dock st\u00e5 som vinnare och Pite\u00e5 valdes slutligen till \u00c5rets kulturkommun 2026.<\/p>\n<p class=\"normal\">&#8211; Pite\u00e5 har avgiftsfri kulturskola, ger starkt st\u00f6d till f\u00f6reningslivet och \u00e4r fristad f\u00f6r f\u00f6rfattare och konstn\u00e4rer som hotas i sitt hemland. De jobbar omsorgsfullt med barn och unga och deras kulturskapande samt har ett stort utbud av festivaler, konst och musik, s\u00e4ger Veronica Magnusson, f\u00f6rbundsordf\u00f6rande i Vision.<\/p>\n<p class=\"normal\">&#8211; Det ska bli v\u00e4ldigt roligt att f\u00f6lja Pite\u00e5s utveckling under 2026 som \u00c5rets kulturkommun!<\/p>\n<p class=\"normal\">\u00c5rets kulturkommun f\u00e5r ett diplom med motiveringen, ett vandringspris i form av ett vackert glas\u00e4pple av konstn\u00e4ren Rune Strand samt ett konstverk som kommunen f\u00e5r beh\u00e5lla.<\/p>\n<p class=\"normal\">Pristagaren offentliggjordes torsdagen 11 december vid en ceremoni hos fjol\u00e5rets vinnare Tranemo. F\u00f6r ytterligare information kontakta Annica Skoglund, kulturansvarig i Vision, tfn 072-546 31 43.<\/p>\n<p class=\"normal\">F\u00f6r intervjuer med f\u00f6rbundsordf\u00f6rande Veronica Magnusson, kontakta Behrang Behdjou, strategisk r\u00e5dgivare i Vision, tfn 076-112 19 90.<\/p>\n<p class=\"normal\">Juryns motivering i sin helhet:<\/p>\n<p class=\"normal\">\u201dPite\u00e5 \u00e4r en kommun d\u00e4r kulturen genomsyrar hela samh\u00e4llsbygget \u2013 fr\u00e5n avgiftsfri kulturskola och feriejobb inom kultur till ett brett utbud av festivaler, konst och musik. H\u00e4r f\u00e5r barn och unga v\u00e4xa genom skapande, och kommunen \u00e4r en fristad f\u00f6r f\u00f6rf\u00f6ljda konstn\u00e4rer. Med starkt st\u00f6d till f\u00f6reningslivet, innovativa satsningar och ett inkluderande syns\u00e4tt visar Pite\u00e5 hur kultur kan vara b\u00e5de vardag och framtidstro. Pite\u00e5 \u00e4r en plats d\u00e4r kreativitet, delaktighet och m\u00e5ngfald f\u00e5r blomstra.\u201d<\/p>\n","protected":false},"excerpt":{"rendered":"I \u00e5r kom det in m\u00e5nga nomineringar fr\u00e5n Visions medlemmar och f\u00f6rtroendevalda och juryn hade ett tufft arbete,&hellip;\n","protected":false},"author":2,"featured_media":103024,"comment_status":"","ping_status":"","sticky":false,"template":"","format":"standard","meta":{"footnotes":""},"categories":[67],"tags":[104,34,31,33,32,30,105],"class_list":{"0":"post-103023","1":"post","2":"type-post","3":"status-publish","4":"format-standard","5":"has-post-thumbnail","7":"category-underhallning","8":"tag-entertainment","9":"tag-se","10":"tag-svenska","11":"tag-sverige","12":"tag-sweden","13":"tag-swedish","14":"tag-underhallning"},"share_on_mastodon":{"url":"https:\/\/pubeurope.com\/@se\/115701806725069558","error":""},"_links":{"self":[{"href":"https:\/\/www.europesays.com\/se\/wp-json\/wp\/v2\/posts\/103023","targetHints":{"allow":["GET"]}}],"collection":[{"href":"https:\/\/www.europesays.com\/se\/wp-json\/wp\/v2\/posts"}],"about":[{"href":"https:\/\/www.europesays.com\/se\/wp-json\/wp\/v2\/types\/post"}],"author":[{"embeddable":true,"href":"https:\/\/www.europesays.com\/se\/wp-json\/wp\/v2\/users\/2"}],"replies":[{"embeddable":true,"href":"https:\/\/www.europesays.com\/se\/wp-json\/wp\/v2\/comments?post=103023"}],"version-history":[{"count":0,"href":"https:\/\/www.europesays.com\/se\/wp-json\/wp\/v2\/posts\/103023\/revisions"}],"wp:featuredmedia":[{"embeddable":true,"href":"https:\/\/www.europesays.com\/se\/wp-json\/wp\/v2\/media\/103024"}],"wp:attachment":[{"href":"https:\/\/www.europesays.com\/se\/wp-json\/wp\/v2\/media?parent=103023"}],"wp:term":[{"taxonomy":"category","embeddable":true,"href":"https:\/\/www.europesays.com\/se\/wp-json\/wp\/v2\/categories?post=103023"},{"taxonomy":"post_tag","embeddable":true,"href":"https:\/\/www.europesays.com\/se\/wp-json\/wp\/v2\/tags?post=103023"}],"curies":[{"name":"wp","href":"https:\/\/api.w.org\/{rel}","templated":true}]}}