{"id":103027,"date":"2025-12-11T16:12:07","date_gmt":"2025-12-11T16:12:07","guid":{"rendered":"https:\/\/www.europesays.com\/se\/103027\/"},"modified":"2025-12-11T16:12:07","modified_gmt":"2025-12-11T16:12:07","slug":"nato-ar-rysslands-nasta-mal","status":"publish","type":"post","link":"https:\/\/www.europesays.com\/se\/103027\/","title":{"rendered":"Nato \u00e4r Rysslands n\u00e4sta m\u00e5l"},"content":{"rendered":"<p class=\"sc-c25743f0-0 sc-e37c0145-2 hObFds DQgPn\"><strong>Rysslands krigsbudget har exploderat.<br \/>Nato varnar f\u00f6r att alliansen \u00e4r i fara och uppmanar alla medlemmar att agera \u2013 nu.<br \/><\/strong><strong>\u2013 Alltf\u00f6r m\u00e5nga tror att tiden \u00e4r p\u00e5 v\u00e5r sida. Det \u00e4r den inte, s\u00e4ger Mark Rutte.<\/strong><\/p>\n<p class=\"sc-c25743f0-0 sc-e37c0145-2 hObFds DQgPn\">P\u00e5 torsdagen talade Natochefen Mark Rutte vid en konferens i Berlin och hans budskap gick inte att ta miste p\u00e5: Europa m\u00e5ste f\u00f6rbereda sig f\u00f6r att f\u00f6rhindra ett krig som skulle kunna vara \u201di samma omfattning som det krig som v\u00e5ra mor- och farf\u00f6r\u00e4ldrar och gammelf\u00f6r\u00e4ldrar utstod\u201d.<\/p>\n<p class=\"sc-c25743f0-0 sc-e37c0145-2 hObFds DQgPn\">Striderna rasar fortsatt i Ukraina. Samtidigt har Putin redan siktet l\u00e4ngre fram \u00e4n s\u00e5, menar Rutte.<\/p>\n<p class=\"sc-c25743f0-0 sc-e37c0145-2 hObFds DQgPn\">\u2013 Vi \u00e4r Rysslands n\u00e4sta m\u00e5l och Nato redan \u00e4r i fara. Jag \u00e4r r\u00e4dd att alltf\u00f6r m\u00e5nga k\u00e4nner att det inte \u00e4r br\u00e5dskande och alltf\u00f6r m\u00e5nga tror att tiden \u00e4r p\u00e5 v\u00e5r sida. Det \u00e4r den inte. Tiden f\u00f6r handling \u00e4r nu, s\u00e4ger Natochefen.<\/p>\n<p class=\"sc-c25743f0-0 sc-e37c0145-2 hObFds DQgPn\">\u2013 Natos eget f\u00f6rsvar kan h\u00e5lla f\u00f6r tillf\u00e4llet men med sin ekonomi dedikerad till krig skulle Ryssland kunna vara redo att anv\u00e4nda milit\u00e4r makt mot Nato inom fem \u00e5r.<\/p>\n<p>Uppmaningen: \u00d6ka<\/p>\n<p class=\"sc-c25743f0-0 sc-e37c0145-2 hObFds DQgPn\">Natochefen uppmanar alla alliansens medlemmar att \u00f6ka den milit\u00e4ra satsningen.<\/p>\n<p class=\"sc-c25743f0-0 sc-e37c0145-2 hObFds DQgPn\">\u2013 De allierades f\u00f6rsvarsutgifter och produktion m\u00e5ste \u00f6ka snabbt. V\u00e5ra v\u00e4pnade styrkor m\u00e5ste ha vad de beh\u00f6ver f\u00f6r att h\u00e5lla oss s\u00e4kra.<\/p>\n<p class=\"sc-c25743f0-0 sc-e37c0145-2 hObFds DQgPn\">De dramatiska orden kommer i ett l\u00e4ge d\u00e4r den ryska krigsbudgeten har \u00f6kat \u2013 rej\u00e4lt.<\/p>\n<p>Ryska rekordsiffrorna<\/p>\n<p class=\"sc-c25743f0-0 sc-e37c0145-2 hObFds DQgPn\">Under perioden januari till september sattes ett nytt rekord g\u00e4llande Rysslands utgifter f\u00f6r milit\u00e4ra varor, rapporterar oberoende Moscow Times, och h\u00e4nvisar till tysk forskning.<\/p>\n<p class=\"sc-c25743f0-0 sc-e37c0145-2 hObFds DQgPn\">Det handlar om drygt 1,3 biljoner svenska kronor.<\/p>\n<p class=\"sc-c25743f0-0 sc-e37c0145-2 hObFds DQgPn\">J\u00e4mf\u00f6rt med samma period f\u00f6rra \u00e5ret \u00f6kade utgifterna med 30 procent. J\u00e4mf\u00f6rt samma period 2023 \u00e4r det en \u00f6kning med 95 procent och j\u00e4mf\u00f6rt med 2022 \u2013 d\u00e5 Ryssland inledde sin fullskaliga invasion av Ukraina \u2013 med 173 procent.<\/p>\n<p class=\"sc-c25743f0-0 sc-e37c0145-2 hObFds DQgPn\">Siffrorna visar att Ryssland ocks\u00e5 sl\u00e5r rekord i andel av den totala budgeten som g\u00e5r till krigsproduktion.<\/p>\n","protected":false},"excerpt":{"rendered":"Rysslands krigsbudget har exploderat.Nato varnar f\u00f6r att alliansen \u00e4r i fara och uppmanar alla medlemmar att agera \u2013&hellip;\n","protected":false},"author":2,"featured_media":77179,"comment_status":"","ping_status":"","sticky":false,"template":"","format":"standard","meta":{"footnotes":""},"categories":[14],"tags":[22,23,26,27,17,21,24,25,28,29,15,16,18,34,31,33,32,30,19,20,51,52,53,54],"class_list":{"0":"post-103027","1":"post","2":"type-post","3":"status-publish","4":"format-standard","5":"has-post-thumbnail","7":"category-varlden","8":"tag-breaking-news","9":"tag-breakingnews","10":"tag-featured-news","11":"tag-featurednews","12":"tag-headlines","13":"tag-huvudnyheter","14":"tag-latest-news","15":"tag-latestnews","16":"tag-main-news","17":"tag-mainnews","18":"tag-news","19":"tag-nyheter","20":"tag-rubriker","21":"tag-se","22":"tag-svenska","23":"tag-sverige","24":"tag-sweden","25":"tag-swedish","26":"tag-top-stories","27":"tag-topstories","28":"tag-varlden","29":"tag-world","30":"tag-world-news","31":"tag-worldnews"},"share_on_mastodon":{"url":"https:\/\/pubeurope.com\/@se\/115701818666612902","error":""},"_links":{"self":[{"href":"https:\/\/www.europesays.com\/se\/wp-json\/wp\/v2\/posts\/103027","targetHints":{"allow":["GET"]}}],"collection":[{"href":"https:\/\/www.europesays.com\/se\/wp-json\/wp\/v2\/posts"}],"about":[{"href":"https:\/\/www.europesays.com\/se\/wp-json\/wp\/v2\/types\/post"}],"author":[{"embeddable":true,"href":"https:\/\/www.europesays.com\/se\/wp-json\/wp\/v2\/users\/2"}],"replies":[{"embeddable":true,"href":"https:\/\/www.europesays.com\/se\/wp-json\/wp\/v2\/comments?post=103027"}],"version-history":[{"count":0,"href":"https:\/\/www.europesays.com\/se\/wp-json\/wp\/v2\/posts\/103027\/revisions"}],"wp:featuredmedia":[{"embeddable":true,"href":"https:\/\/www.europesays.com\/se\/wp-json\/wp\/v2\/media\/77179"}],"wp:attachment":[{"href":"https:\/\/www.europesays.com\/se\/wp-json\/wp\/v2\/media?parent=103027"}],"wp:term":[{"taxonomy":"category","embeddable":true,"href":"https:\/\/www.europesays.com\/se\/wp-json\/wp\/v2\/categories?post=103027"},{"taxonomy":"post_tag","embeddable":true,"href":"https:\/\/www.europesays.com\/se\/wp-json\/wp\/v2\/tags?post=103027"}],"curies":[{"name":"wp","href":"https:\/\/api.w.org\/{rel}","templated":true}]}}