{"id":103028,"date":"2025-12-11T16:13:08","date_gmt":"2025-12-11T16:13:08","guid":{"rendered":"https:\/\/www.europesays.com\/se\/103028\/"},"modified":"2025-12-11T16:13:08","modified_gmt":"2025-12-11T16:13:08","slug":"cyklist-pakord-en-till-sjukhus-expressen","status":"publish","type":"post","link":"https:\/\/www.europesays.com\/se\/103028\/","title":{"rendered":"Cyklist p\u00e5k\u00f6rd \u2013 en till sjukhus &#8211; Expressen"},"content":{"rendered":"<ol>\n<li><a href=\"https:\/\/news.google.com\/rss\/articles\/CBMilwFBVV95cUxQdUtQaDhXenIyVTFoYWJtNTVrTkFCQXlfOUxKbl8zdDJ3RGVsbFI1V2R6QzUzMWlXS09rQnFnajJScXZIa2dSWjc3N1JfVjBUa1p5ZU9xdTMzRUM3VFg4dzdrZmxWNGpWcEo2Ulp6M2dwSlEydXpZMHlTRk9waFdRMW8ydnNjcjBUcVoyUWZ1dk1ZaHBadlZV?oc=5\" target=\"_blank\" rel=\"nofollow noopener\">Cyklist p\u00e5k\u00f6rd \u2013 en till sjukhus<\/a>&nbsp;&nbsp;Expressen<\/li>\n<li><a href=\"https:\/\/news.google.com\/rss\/articles\/CBMilgFBVV95cUxQY1A2QnFKTGlRY3JYZW5reDdrMndhcVFSVTVrbFYxUE9BTm95VU9aYXlrSHltM0FVdWNYMU45STF4eW9jVHgzSHlsRzNxd3p1TUR5Y21keDlUS1JlYXpBUWNOLWxKbkdudHFKSk53UFB6R1NWZmZRZlV4MTRSZTM3VWFBS1EteFA4R051SF9ERmNCNXRHV3c?oc=5\" target=\"_blank\" rel=\"nofollow noopener\">Riksdagspartierna bjuds in f\u00f6r samtal om g\u00e4ngen<\/a>&nbsp;&nbsp;Aftonbladet<\/li>\n<li><a href=\"https:\/\/news.google.com\/rss\/articles\/CBMiogFBVV95cUxNemRtTWlWN09KMkpLM0NwcHM2YzJrWExMdVBZMnM5UFZUVGFacmIwT3lELWs4TUFJbXNoUTZlZndkXzViaXVfMUZVbnZmTHZMbklkdnkxdVpLTE9fNXRnaHlwd3VRWXlOZDBrdE16Z3RPQWVUeW5pQm9PbW9JajlMLVFiMmRxV0Y3dU4xTmtfSkdyTUp3UTVEdkQzV0Y3b3pLRGc?oc=5\" target=\"_blank\" rel=\"nofollow noopener\">Tid\u00f6partiernas f\u00f6rslag: Medborgarskap ska fr\u00e5ntas vid grova brott<\/a>&nbsp;&nbsp;SVT Nyheter<\/li>\n<li><a href=\"https:\/\/news.google.com\/rss\/articles\/CBMiogFBVV95cUxOZko0M2NHLWdueFFSUWpOa0dpMFNiQnZfSjc2ZGh1cVAtRmI3X2NHSjJrWVpqcVA4Yi1tQUlHNkY5d1RKOThIaDNPQXFua3ZKQXo1dnVHTnBYTFJzd1A4WTFvVXkyZGUyTEhRWTU5QVhGMkd4X05Rcjc2dXZkZXVyVUoyQUV1aHJMemNEQXctNXhZb1NOelgyODJKLWoxSWFBdUE?oc=5\" target=\"_blank\" rel=\"nofollow noopener\">Klart: Str\u00f6mmer tr\u00e4ffar partierna f\u00f6r samtal om g\u00e4ngbrottslighet &#8211; Ekot<\/a>&nbsp;&nbsp;Sveriges Radio<\/li>\n<li><a href=\"https:\/\/news.google.com\/rss\/articles\/CBMi2AFBVV95cUxPakllLUZNcHI5TGdxZDE0dkRITWJRdjFBTkkxNDJNM2VBMGVtcFFNbEp4eXFKdHNEY2QwdjJQc2N1b3JRQVIzRU9EOG51R084TXFScUhmTzRMWXYyS3Z1WGFTTTQ1a0cyYkhINjIyT2lHWERHb1JXRThieTZpNTdSTlJWMDNpTkFxUi0zNE1jUTF2NjdYcWF3bjF6RE9wUFUzMFEtUl9lVTNIb1hENHpGWXo3RUY0amZsekZyekowLS15YWNJTUFMM0M5ZE1Qc2ZuNUNkOHVYQXE?oc=5\" target=\"_blank\" rel=\"nofollow noopener\">INS\u00c4NDARE: SD: Driver i samarbete med regeringen en av de viktigaste reformerna<\/a>&nbsp;&nbsp;TTELA<\/li>\n<\/ol>\n","protected":false},"excerpt":{"rendered":"Cyklist p\u00e5k\u00f6rd \u2013 en till sjukhus&nbsp;&nbsp;Expressen Riksdagspartierna bjuds in f\u00f6r samtal om g\u00e4ngen&nbsp;&nbsp;Aftonbladet Tid\u00f6partiernas f\u00f6rslag: Medborgarskap ska fr\u00e5ntas&hellip;\n","protected":false},"author":2,"featured_media":39,"comment_status":"","ping_status":"","sticky":false,"template":"","format":"standard","meta":{"footnotes":""},"categories":[12],"tags":[22,23,26,27,35,17,21,24,25,28,29,15,16,18,34,31,33,32,30,19,20],"class_list":{"0":"post-103028","1":"post","2":"type-post","3":"status-publish","4":"format-standard","5":"has-post-thumbnail","7":"category-sverige","8":"tag-breaking-news","9":"tag-breakingnews","10":"tag-featured-news","11":"tag-featurednews","12":"tag-function-ta-bort-ai-rost","13":"tag-headlines","14":"tag-huvudnyheter","15":"tag-latest-news","16":"tag-latestnews","17":"tag-main-news","18":"tag-mainnews","19":"tag-news","20":"tag-nyheter","21":"tag-rubriker","22":"tag-se","23":"tag-svenska","24":"tag-sverige","25":"tag-sweden","26":"tag-swedish","27":"tag-top-stories","28":"tag-topstories"},"share_on_mastodon":{"url":"https:\/\/pubeurope.com\/@se\/115701822504651958","error":""},"_links":{"self":[{"href":"https:\/\/www.europesays.com\/se\/wp-json\/wp\/v2\/posts\/103028","targetHints":{"allow":["GET"]}}],"collection":[{"href":"https:\/\/www.europesays.com\/se\/wp-json\/wp\/v2\/posts"}],"about":[{"href":"https:\/\/www.europesays.com\/se\/wp-json\/wp\/v2\/types\/post"}],"author":[{"embeddable":true,"href":"https:\/\/www.europesays.com\/se\/wp-json\/wp\/v2\/users\/2"}],"replies":[{"embeddable":true,"href":"https:\/\/www.europesays.com\/se\/wp-json\/wp\/v2\/comments?post=103028"}],"version-history":[{"count":0,"href":"https:\/\/www.europesays.com\/se\/wp-json\/wp\/v2\/posts\/103028\/revisions"}],"wp:featuredmedia":[{"embeddable":true,"href":"https:\/\/www.europesays.com\/se\/wp-json\/wp\/v2\/media\/39"}],"wp:attachment":[{"href":"https:\/\/www.europesays.com\/se\/wp-json\/wp\/v2\/media?parent=103028"}],"wp:term":[{"taxonomy":"category","embeddable":true,"href":"https:\/\/www.europesays.com\/se\/wp-json\/wp\/v2\/categories?post=103028"},{"taxonomy":"post_tag","embeddable":true,"href":"https:\/\/www.europesays.com\/se\/wp-json\/wp\/v2\/tags?post=103028"}],"curies":[{"name":"wp","href":"https:\/\/api.w.org\/{rel}","templated":true}]}}