{"id":103031,"date":"2025-12-11T16:17:07","date_gmt":"2025-12-11T16:17:07","guid":{"rendered":"https:\/\/www.europesays.com\/se\/103031\/"},"modified":"2025-12-11T16:17:07","modified_gmt":"2025-12-11T16:17:07","slug":"filip-dikmens-ilska-efter-hanet-i-propaganda","status":"publish","type":"post","link":"https:\/\/www.europesays.com\/se\/103031\/","title":{"rendered":"Filip Dikmens ilska efter h\u00e5net i\n \u201dPropaganda\u201d"},"content":{"rendered":"<p>Publicerad 11 dec 2025 kl 17.00<\/p>\n<p>I SVT:s \u201dSvenska nyheter\u201d h\u00e5nade Messiah Hallberg tv-profilen Filip Dikmen f\u00f6r hans tankar om dokument\u00e4ren \u201dHatet\u201d.\u00a0<\/p>\n<p>Dikmen svarar nu med en ordentlig k\u00e4nga d\u00e4r han bland annat kallar Hallberg f\u00f6r SVT:s \u201dprivathund\u201d och anklagar programmet f\u00f6r propaganda.<\/p>\n<p><img   alt=\"\"\/><\/p>\n<p>I \u201dSvenska nyheter\u201d spelades Filip Dikmens klipp om \u201dDokument inifr\u00e5n: Hatet\u201d upp.<\/p>\n<p>Foto: SVT<\/p>\n<p>\u00d6ppna bild i helsk\u00e4rm<img loading=\"lazy\"   alt=\"\"\/><\/p>\n<p>I ett klipp p\u00e5 Instagram kallar Dikmen \u201dSvenska nyheter\u201d f\u00f6r \u201dpropaganda\u201d.<\/p>\n<p>Foto: Instagram<\/p>\n<p>\u00d6ppna bild i helsk\u00e4rm<\/p>\n<p>SVT-dokument\u00e4ren \u201dDokument inifr\u00e5n: Hatet\u201d som granskar Joakim Lundell och youtubedramat kring hans bror Christofer \u201dChrippa\u201d Lundstr\u00f6m har v\u00e4ckt starka reaktioner p\u00e5 sociala medier.\u00a0<\/p>\n<p>En av m\u00e5nga som st\u00e4llt sig kritisk till dokument\u00e4ren \u00e4r tv-profilen <a href=\"https:\/\/www.expressen.se\/tagg\/person\/filip-dikmen\/\" class=\"\" rel=\"nofollow noopener\" target=\"_blank\">Filip Dikmen<\/a>. Efter dokument\u00e4rens f\u00f6rsta avsnitt som sl\u00e4pptes f\u00f6rra veckan publicerade han en 10 minuter l\u00e5ng video p\u00e5 Instagram d\u00e4r han ifr\u00e5gasatte den gr\u00e4vande journalisten bakom programmet, Bo-G\u00f6ran Bodin.\u00a0<\/p>\n<p>\u2013 Aldrig n\u00e5gonsin b\u00f6r man ifr\u00e5gas\u00e4tta denna mannens trauma, sa Dikmen bland annat i sin video.\u00a0<\/p>\n<p>\u2013 H\u00f6r du det, Bo-j\u00e4vel?, sa han ocks\u00e5 efter en l\u00e5ng utl\u00e4ggning om hur han uppfattar att trauma hos barn fungerar.<\/p>\n<p>Hallbergs h\u00e5n i \u201dSvenska nyheter\u201d<\/p>\n<p>Dokument\u00e4ren och kritiken uppm\u00e4rksammades ocks\u00e5 i det senaste avsnittet av \u201dSvenska nyheter\u201d i SVT. Programledaren Messiah Hallberg p\u00e5pekar att \u201dde som befinner sig i den h\u00e4r nya mediev\u00e4rlden\u201d inte ser dokument\u00e4ren som en granskning, utan som att \u201dSVT och Bodin gett sig in i en beef\u201d.\u00a0<\/p>\n<p>\u2013 Och sociala medier-profilerna, de har backat Lundell, s\u00e4ger han.<\/p>\n<p>D\u00e4refter spelades en del av Dikmens l\u00e5nga videoklipp upp och d\u00e4r s\u00e4ger Dikmen just att han och Bo-G\u00f6ran Bodin \u201dhar beef\u201d, allts\u00e5 att de nu \u00e4r osams.<\/p>\n<p>\u2013 Allts\u00e5 ibland&#8230; Det h\u00e4r \u00e4r inget sk\u00e4mt. Men ibland n\u00e4r s\u00e5na som han d\u00e4r ses som v\u00e5r tids \u201df\u00f6rnuftets r\u00f6st\u201d \u2013 d\u00e5 vill man inte vara med l\u00e4ngre, sa Messiah Hallberg om Dikmens tankar.\u00a0<\/p>\n<p>Dikmen: \u201dPropaganda\u201d<\/p>\n<p>Nu svarar Dikmen, i sin tur, p\u00e5 Hallbergs h\u00e5n i en ny video p\u00e5 Instagram med texten \u201dH\u00f6rde jag propaganda?\u201d.\u00a0<\/p>\n<p>Profilen kallar programledarens ord f\u00f6r just propaganda och menar att Hallberg \u201ds\u00e5lt sig sj\u00e4lv\u201d.\u00a0<\/p>\n<p>\u2013 Jag hoppas att du \u00e5tminstone fick f\u00f6rh\u00f6jd l\u00f6n av SVT f\u00f6r att du agerade som deras fucking privathund, s\u00e4ger han bland annat.\u00a0<\/p>\n<p>Expressen har s\u00f6kt Messiah Hallberg och SVT som avb\u00f6jer att kommentera saken.\u00a0<\/p>\n","protected":false},"excerpt":{"rendered":"Publicerad 11 dec 2025 kl 17.00 I SVT:s \u201dSvenska nyheter\u201d h\u00e5nade Messiah Hallberg tv-profilen Filip Dikmen f\u00f6r hans&hellip;\n","protected":false},"author":2,"featured_media":103032,"comment_status":"","ping_status":"","sticky":false,"template":"","format":"standard","meta":{"footnotes":""},"categories":[67],"tags":[104,361,11529,2470,7447,34,31,33,32,30,310,105],"class_list":{"0":"post-103031","1":"post","2":"type-post","3":"status-publish","4":"format-standard","5":"has-post-thumbnail","7":"category-underhallning","8":"tag-entertainment","9":"tag-organization-svt","10":"tag-person-filip-dikmen","11":"tag-person-joakim-lundell","12":"tag-person-messiah-hallberg","13":"tag-se","14":"tag-svenska","15":"tag-sverige","16":"tag-sweden","17":"tag-swedish","18":"tag-topic-kandisar","19":"tag-underhallning"},"share_on_mastodon":{"url":"https:\/\/pubeurope.com\/@se\/115701838170393761","error":""},"_links":{"self":[{"href":"https:\/\/www.europesays.com\/se\/wp-json\/wp\/v2\/posts\/103031","targetHints":{"allow":["GET"]}}],"collection":[{"href":"https:\/\/www.europesays.com\/se\/wp-json\/wp\/v2\/posts"}],"about":[{"href":"https:\/\/www.europesays.com\/se\/wp-json\/wp\/v2\/types\/post"}],"author":[{"embeddable":true,"href":"https:\/\/www.europesays.com\/se\/wp-json\/wp\/v2\/users\/2"}],"replies":[{"embeddable":true,"href":"https:\/\/www.europesays.com\/se\/wp-json\/wp\/v2\/comments?post=103031"}],"version-history":[{"count":0,"href":"https:\/\/www.europesays.com\/se\/wp-json\/wp\/v2\/posts\/103031\/revisions"}],"wp:featuredmedia":[{"embeddable":true,"href":"https:\/\/www.europesays.com\/se\/wp-json\/wp\/v2\/media\/103032"}],"wp:attachment":[{"href":"https:\/\/www.europesays.com\/se\/wp-json\/wp\/v2\/media?parent=103031"}],"wp:term":[{"taxonomy":"category","embeddable":true,"href":"https:\/\/www.europesays.com\/se\/wp-json\/wp\/v2\/categories?post=103031"},{"taxonomy":"post_tag","embeddable":true,"href":"https:\/\/www.europesays.com\/se\/wp-json\/wp\/v2\/tags?post=103031"}],"curies":[{"name":"wp","href":"https:\/\/api.w.org\/{rel}","templated":true}]}}