{"id":103033,"date":"2025-12-11T16:20:13","date_gmt":"2025-12-11T16:20:13","guid":{"rendered":"https:\/\/www.europesays.com\/se\/103033\/"},"modified":"2025-12-11T16:20:13","modified_gmt":"2025-12-11T16:20:13","slug":"fetaosten-ar-i-fara-men-det-finns-annu-storre-problem","status":"publish","type":"post","link":"https:\/\/www.europesays.com\/se\/103033\/","title":{"rendered":"Fetaosten \u00e4r i fara \u2013 men det finns \u00e4nnu st\u00f6rre problem"},"content":{"rendered":"<p>share-arrowDela<\/p>\n<p>unsaveSpara<\/p>\n<p>expand-left<\/p>\n<p>helsk\u00e4rm<img decoding=\"async\" class=\"image-asset hyperion-css-bawsqj\" data-test-tag=\"image-asset\" src=\"https:\/\/www.europesays.com\/se\/wp-content\/uploads\/2025\/12\/f94c9dc9-5bc9-4996-b80e-57c36c327780\"  alt=\"Fetaost.\"  loading=\"eager\" fetchpriority=\"high\" style=\"aspect-ratio:1900 \/ 1264\"\/>Fetaost. Foto: Johan Nilsson\/TT<\/p>\n<p class=\"hyperion-css-1shl3oz\" data-test-tag=\"lead-text\">Grekiska b\u00f6nder har sammandrabbat med polis \u2013 och deras djur n\u00f6dslaktas.  <\/p>\n<p class=\"hyperion-css-1shl3oz\" data-test-tag=\"lead-text\">Nu l\u00f6per den grekiska salladen risken att f\u00f6rlora sin viktigaste ingrediens. <\/p>\n<p class=\"hyperion-css-1shl3oz\" data-test-tag=\"lead-text\">Men till sommaren l\u00e4r allt vara l\u00f6st.<\/p>\n<p class=\"hyperion-css-1v9qo5x\"><a data-test-tag=\"internal-link\" href=\"https:\/\/www.aftonbladet.se\/tagg\/grekland\" class=\"hyperion-css-15jkft9\" rel=\"nofollow noopener\" target=\"\" aria-label=\"Grekland\">Grekland<\/a> \u00e4r i dessa dagar l\u00e5ngt ifr\u00e5n ett soligt vykort i Mamma Mias pittoreska v\u00e4rld.<\/p>\n<p class=\"hyperion-css-1v9qo5x\">Sedan veckor har stora och viktiga motorv\u00e4gar blockerats. L\u00e5nga rader med traktorer i gr\u00e4lla f\u00e4rger stoppar effektivt all trafik fr\u00e5n att passera. <\/p>\n<p class=\"hyperion-css-1v9qo5x\">Gr\u00e4ns\u00f6verg\u00e5ngar och hamnar har tillf\u00e4lligt st\u00e4ngts \u2013 och p\u00e5 <a data-test-tag=\"internal-link\" href=\"https:\/\/www.aftonbladet.se\/tagg\/kreta\" class=\"hyperion-css-15jkft9\" rel=\"nofollow noopener\" target=\"\" aria-label=\"Kreta\">Kreta<\/a> tog sig arga lantbrukare in p\u00e5 landningsbanan p\u00e5 en av flygplatserna och stoppade flygen. <\/p>\n<p class=\"hyperion-css-1v9qo5x\">Tusentals lantbrukare har \u00f6ver hela Grekland f\u00f6rberett sig f\u00f6r en l\u00e5ng konflikt. V\u00e4rmande eldar har t\u00e4nts, provisoriska f\u00e4ltk\u00f6k erbjuder f\u00f6rt\u00e4ring och popup-t\u00e4lt skyddar mot v\u00e4dret.<\/p>\n<p class=\"hyperion-css-1v9qo5x\"><strong>Det finns en omfattande historia av<\/strong> protester av grekiska lantbrukare. <\/p>\n<p class=\"hyperion-css-1v9qo5x\">Den h\u00e4r g\u00e5ngen g\u00e4ller protesterna uteblivna eller f\u00f6rsenade bidrag p\u00e5 sammanlagt dryg 600 miljoner euro.<\/p>\n<p class=\"hyperion-css-1v9qo5x\">En omfattande h\u00e4rva med bidragsfusk bland lantbrukare har f\u00e5tt b\u00e5de grekiska myndigheter och <a data-test-tag=\"internal-link\" href=\"https:\/\/www.aftonbladet.se\/tagg\/eu\" class=\"hyperion-css-15jkft9\" rel=\"nofollow noopener\" target=\"\" aria-label=\"EU\">EU<\/a> att genomf\u00f6ra noggranna granskningar innan n\u00e5gra utbetalningar kan ske.<\/p>\n<p class=\"hyperion-css-1v9qo5x\">Det \u00e4r ett antal grekiska lantbrukare som har visat sig fuska med b\u00e5de ytan p\u00e5 sin odlingsmark och antalet djur de har i sin \u00e4go, f\u00f6r att f\u00e5 st\u00f6rre EU-bidrag. Till sin hj\u00e4lp i fusket har de haft mindre nogr\u00e4knade men mer korrupta grekiska tj\u00e4nstem\u00e4n.<\/p>\n<p class=\"hyperion-css-1v9qo5x\">N\u00e4r fusket uppdagades drog b\u00e5de EU och grekiska myndigheter i handbromsen. Allt fusk och all korruption ska noggrant utredas innan det kan bli tal om utbetalningar igen.<\/p>\n<p class=\"hyperion-css-1v9qo5x\">Nu menar lantbrukarna att de blir kollektivt bestraffade och att hederliga b\u00f6nder kan tvingas l\u00e4gga ner sin verksamhet om inte bidragen betalas ut snabbt.<\/p>\n<p class=\"hyperion-css-1v9qo5x\">P\u00e5 l\u00f6rdag ska f\u00f6retr\u00e4dare f\u00f6r de olika lantbrukar-blockaderna tr\u00e4ffas f\u00f6r att best\u00e4mma om de fortsatta protesterna.<\/p>\n<p class=\"hyperion-css-1v9qo5x\">Som om inte de sena bidragen var nog har grekiska lamm- och f\u00e5ruppf\u00f6dare ocks\u00e5 drabbats av ett omfattande utbrott av lammkoppor.<\/p>\n<p>expand-left<\/p>\n<p>helsk\u00e4rm<img decoding=\"async\" class=\"image-asset hyperion-css-1m0pfvt\" data-test-tag=\"image-asset\" src=\"https:\/\/www.europesays.com\/se\/wp-content\/uploads\/2025\/12\/0dc94175-007e-4ec2-8308-6ac030f9f60a\"  alt=\"Kravallpolis stoppar b\u00f6nder som f\u00f6rs\u00f6ker blockera huvudv\u00e4gen till Thessalonikis flygplats i norra Grekland den 5 december.\"  loading=\"eager\" fetchpriority=\"high\" style=\"aspect-ratio:1900 \/ 1266\"\/>Kravallpolis stoppar b\u00f6nder som f\u00f6rs\u00f6ker blockera huvudv\u00e4gen till Thessalonikis flygplats i norra Grekland den 5 december. Foto: Giannis Papanikos \/ AP<\/p>\n<p class=\"hyperion-css-1v9qo5x\"><strong>Hundratusentals f\u00e5r och getter<\/strong> har n\u00f6dslaktats och uppf\u00f6dare varnar f\u00f6r en omfattande brist p\u00e5 fetaost under f\u00f6rsta halv\u00e5ret n\u00e4sta \u00e5r.<\/p>\n<p class=\"hyperion-css-1v9qo5x\">Bristen p\u00e5 Greklands \u201dvita guld\u201d som det kallas inneb\u00e4r omfattande ekonomiska f\u00f6rluster f\u00f6r uppf\u00f6darna. F\u00f6rra \u00e5ret exporterades fetaost f\u00f6r 785 miljoner euro. F\u00f6r m\u00e5nga \u00e4r det ocks\u00e5 en k\u00e4nslom\u00e4ssig sm\u00e4rta n\u00e4r djuren man vigt sitt liv \u00e5t att f\u00f6da upp pl\u00f6tsligt m\u00e5ste n\u00f6dslaktas.<\/p>\n<p class=\"hyperion-css-1v9qo5x\">Grekland och dess lantbrukare g\u00e5r mot en k\u00e4mpig jul. <\/p>\n<p class=\"hyperion-css-1v9qo5x\">Men svenska Greklandsfantaster, soldyrkare och de som intalar sig att de nog egentligen \u00e4r halvgreker kan andas ut. \u00c4ven om det blir en l\u00e5ngdragen konflikt l\u00e4r den vara l\u00f6st innan sommaren. Varken lantbrukarna eller myndigheterna har r\u00e5d att f\u00f6rlora den guldgruva turisterna inneb\u00e4r.<\/p>\n<p class=\"hyperion-css-1v9qo5x\">F\u00f6r b\u00e5de turister och greker kan det dock finnas annan fog f\u00f6r oro. Som inte kan stoppas med traktorer.<\/p>\n<p class=\"hyperion-css-1v9qo5x\">Klimatf\u00f6r\u00e4ndringen.<\/p>\n<p class=\"hyperion-css-1v9qo5x\">Men vem vill t\u00e4nka p\u00e5 den mellan salta dopp, solkyssar och sippande p\u00e5 drinkar.<\/p>\n<p>expand-left<\/p>\n<p>helsk\u00e4rm<img decoding=\"async\" class=\"image-asset hyperion-css-qfn29a\" data-test-tag=\"image-asset\" src=\"https:\/\/www.europesays.com\/se\/wp-content\/uploads\/2025\/12\/910ba47f-90e8-48cc-b1a6-0871b0b6786c\"  alt=\"Lantbrukare som f\u00f6rs\u00f6ker blockera v\u00e4gen till Thessalonikis flygplats. \"  loading=\"eager\" fetchpriority=\"high\" style=\"aspect-ratio:1900 \/ 1267\"\/>Lantbrukare som f\u00f6rs\u00f6ker blockera v\u00e4gen till Thessalonikis flygplats. Foto: Giannis Papanikos \/ AP<\/p>\n","protected":false},"excerpt":{"rendered":"share-arrowDela unsaveSpara expand-left helsk\u00e4rmFetaost. Foto: Johan Nilsson\/TT Grekiska b\u00f6nder har sammandrabbat med polis \u2013 och deras djur n\u00f6dslaktas.&hellip;\n","protected":false},"author":2,"featured_media":103034,"comment_status":"","ping_status":"","sticky":false,"template":"","format":"standard","meta":{"footnotes":""},"categories":[14],"tags":[22,23,26,27,17,21,24,25,28,29,15,16,18,34,31,33,32,30,19,20,51,52,53,54],"class_list":{"0":"post-103033","1":"post","2":"type-post","3":"status-publish","4":"format-standard","5":"has-post-thumbnail","7":"category-varlden","8":"tag-breaking-news","9":"tag-breakingnews","10":"tag-featured-news","11":"tag-featurednews","12":"tag-headlines","13":"tag-huvudnyheter","14":"tag-latest-news","15":"tag-latestnews","16":"tag-main-news","17":"tag-mainnews","18":"tag-news","19":"tag-nyheter","20":"tag-rubriker","21":"tag-se","22":"tag-svenska","23":"tag-sverige","24":"tag-sweden","25":"tag-swedish","26":"tag-top-stories","27":"tag-topstories","28":"tag-varlden","29":"tag-world","30":"tag-world-news","31":"tag-worldnews"},"share_on_mastodon":{"url":"https:\/\/pubeurope.com\/@se\/115701850356491499","error":""},"_links":{"self":[{"href":"https:\/\/www.europesays.com\/se\/wp-json\/wp\/v2\/posts\/103033","targetHints":{"allow":["GET"]}}],"collection":[{"href":"https:\/\/www.europesays.com\/se\/wp-json\/wp\/v2\/posts"}],"about":[{"href":"https:\/\/www.europesays.com\/se\/wp-json\/wp\/v2\/types\/post"}],"author":[{"embeddable":true,"href":"https:\/\/www.europesays.com\/se\/wp-json\/wp\/v2\/users\/2"}],"replies":[{"embeddable":true,"href":"https:\/\/www.europesays.com\/se\/wp-json\/wp\/v2\/comments?post=103033"}],"version-history":[{"count":0,"href":"https:\/\/www.europesays.com\/se\/wp-json\/wp\/v2\/posts\/103033\/revisions"}],"wp:featuredmedia":[{"embeddable":true,"href":"https:\/\/www.europesays.com\/se\/wp-json\/wp\/v2\/media\/103034"}],"wp:attachment":[{"href":"https:\/\/www.europesays.com\/se\/wp-json\/wp\/v2\/media?parent=103033"}],"wp:term":[{"taxonomy":"category","embeddable":true,"href":"https:\/\/www.europesays.com\/se\/wp-json\/wp\/v2\/categories?post=103033"},{"taxonomy":"post_tag","embeddable":true,"href":"https:\/\/www.europesays.com\/se\/wp-json\/wp\/v2\/tags?post=103033"}],"curies":[{"name":"wp","href":"https:\/\/api.w.org\/{rel}","templated":true}]}}