{"id":103035,"date":"2025-12-11T16:21:09","date_gmt":"2025-12-11T16:21:09","guid":{"rendered":"https:\/\/www.europesays.com\/se\/103035\/"},"modified":"2025-12-11T16:21:09","modified_gmt":"2025-12-11T16:21:09","slug":"en-gripen-efter-avslojande-om-arla-djurplageri-expressen","status":"publish","type":"post","link":"https:\/\/www.europesays.com\/se\/103035\/","title":{"rendered":"En gripen efter avsl\u00f6jande om Arla-djurpl\u00e5geri &#8211; Expressen"},"content":{"rendered":"<ol>\n<li><a href=\"https:\/\/news.google.com\/rss\/articles\/CBMilwFBVV95cUxOYlYwYTY4SUN0MVRjeXVHM1J0eExsa1UtelRBZ2pxNHhhOE04MGpRMkxvUUdjVmZIekNkME9FVXZGQUl3azE2VmRRSl9xQWd6bGtCNURpU19Qek9GaEEzWlZZSHZTM0gtZjBPcEdObWhPdERIZTZhd1cyWlZ6WUtQVE5aLXB5VXZxdVkwazZOcTV1eVpucjE4?oc=5\" target=\"_blank\" rel=\"nofollow noopener\">En gripen efter avsl\u00f6jande om Arla-djurpl\u00e5geri<\/a>&nbsp;&nbsp;Expressen<\/li>\n<li><a href=\"https:\/\/news.google.com\/rss\/articles\/CBMiigFBVV95cUxPMklpWlBYTm1PdnVvT1FLX1g0TDZ1YVRSa0gyZnYzVTNSdGdZbnczSFdsX2dRNDd6VHRicjRMNjlNOVQyakI4X2VvMmw2NzdNZHV3TG1oX0N1dUhLal9SOU91OTBVWlhhTFI3YVY4OTV4cVp3MEZRcmJxWHVLaGNpRENoV2RZeWRuVFE?oc=5\" target=\"_blank\" rel=\"nofollow noopener\">En gripen efter insats p\u00e5 mj\u00f6lkg\u00e5rd<\/a>&nbsp;&nbsp;Aftonbladet<\/li>\n<li><a href=\"https:\/\/news.google.com\/rss\/articles\/CBMipwFBVV95cUxQbWdaenpUSkJlWVZGUlR0THFBNGJNZldvUUo1NEhXZEVIekMxRnA0MThoOUJfX1FtbkZQRXEyUHM1b0ZUaVJPUnYtNE9EdkVLRi1IX2h6NnBwcGFTT0Vwd1V2dGtSUHh6WEJrS1lhOVY4WTBZcDJ3bjU2Q0xDSUhEMzBvZUZGTVY5bmtJSV93b1IzMnB0VHNKSTByVXpZQ1NPSnhPUTJvcw?oc=5\" target=\"_blank\" rel=\"nofollow noopener\">Stor insats p\u00e5 g\u00e5rd p\u00e5 \u00d6land efter film p\u00e5 kor som blir slagna<\/a>&nbsp;&nbsp;SVT Nyheter<\/li>\n<li><a href=\"https:\/\/news.google.com\/rss\/articles\/CBMipwFBVV95cUxNd1pSWDlmbTJjS0ZsYXc0c05XTUZzcFdUaEstTkFQbmNWQ2tSOVpWT0h5aldYMTBHcnplb19tR3RTR3ZMUDc5VFJRZm1jR2h6Y245Q1lLQVFNbWh2b283ZW5BRVpYRDRWYUdMcnZuTG1LZVpicllVby1XQ1hlQWVnZnVrX3ZUallTS2FCWDdubTNKZDJuaGI5V3AzT1FGbjRmRC1QOGNWcw?oc=5\" target=\"_blank\" rel=\"nofollow noopener\">H\u00e4r sl\u00e5r Arlabonden mj\u00f6lkkorna: \u201dDet \u00e4r fruktansv\u00e4rt\u201d<\/a>&nbsp;&nbsp;TV4 Nyheterna<\/li>\n<li><a href=\"https:\/\/news.google.com\/rss\/articles\/CBMinwFBVV95cUxNWF9EbXpwc0JSQjZ4TzJ5eS1Yb0RaSEg3S0U4blZULWdlNWcyUUlyMmVTOWRQSy1Mc2djRkRnV3g2UjBKQ2E0bXA4TjhBLVhlZDRVdVp3bkJrWlpwRTZHTjdNV0JhT2NrMjNoeGlzU3g5VE5TMXVOT3lKZDFaN0FuU3dmaWpZYzVFMFg4RXBxQ0dndjBKdVNNZzJibkFnTlU?oc=5\" target=\"_blank\" rel=\"nofollow noopener\">Nya uppgifterna: D\u00e4rf\u00f6r transporterades djur fr\u00e5n \u00d6landsg\u00e5rden &#8211; P4 Kalmar<\/a>&nbsp;&nbsp;Sveriges Radio<\/li>\n<\/ol>\n","protected":false},"excerpt":{"rendered":"En gripen efter avsl\u00f6jande om Arla-djurpl\u00e5geri&nbsp;&nbsp;Expressen En gripen efter insats p\u00e5 mj\u00f6lkg\u00e5rd&nbsp;&nbsp;Aftonbladet Stor insats p\u00e5 g\u00e5rd p\u00e5 \u00d6land&hellip;\n","protected":false},"author":2,"featured_media":62410,"comment_status":"","ping_status":"","sticky":false,"template":"","format":"standard","meta":{"footnotes":""},"categories":[12],"tags":[22,23,26,27,35,17,21,24,25,28,29,15,16,18,34,31,33,32,30,19,20],"class_list":{"0":"post-103035","1":"post","2":"type-post","3":"status-publish","4":"format-standard","5":"has-post-thumbnail","7":"category-sverige","8":"tag-breaking-news","9":"tag-breakingnews","10":"tag-featured-news","11":"tag-featurednews","12":"tag-function-ta-bort-ai-rost","13":"tag-headlines","14":"tag-huvudnyheter","15":"tag-latest-news","16":"tag-latestnews","17":"tag-main-news","18":"tag-mainnews","19":"tag-news","20":"tag-nyheter","21":"tag-rubriker","22":"tag-se","23":"tag-svenska","24":"tag-sverige","25":"tag-sweden","26":"tag-swedish","27":"tag-top-stories","28":"tag-topstories"},"share_on_mastodon":{"url":"https:\/\/pubeurope.com\/@se\/115701853999653952","error":""},"_links":{"self":[{"href":"https:\/\/www.europesays.com\/se\/wp-json\/wp\/v2\/posts\/103035","targetHints":{"allow":["GET"]}}],"collection":[{"href":"https:\/\/www.europesays.com\/se\/wp-json\/wp\/v2\/posts"}],"about":[{"href":"https:\/\/www.europesays.com\/se\/wp-json\/wp\/v2\/types\/post"}],"author":[{"embeddable":true,"href":"https:\/\/www.europesays.com\/se\/wp-json\/wp\/v2\/users\/2"}],"replies":[{"embeddable":true,"href":"https:\/\/www.europesays.com\/se\/wp-json\/wp\/v2\/comments?post=103035"}],"version-history":[{"count":0,"href":"https:\/\/www.europesays.com\/se\/wp-json\/wp\/v2\/posts\/103035\/revisions"}],"wp:featuredmedia":[{"embeddable":true,"href":"https:\/\/www.europesays.com\/se\/wp-json\/wp\/v2\/media\/62410"}],"wp:attachment":[{"href":"https:\/\/www.europesays.com\/se\/wp-json\/wp\/v2\/media?parent=103035"}],"wp:term":[{"taxonomy":"category","embeddable":true,"href":"https:\/\/www.europesays.com\/se\/wp-json\/wp\/v2\/categories?post=103035"},{"taxonomy":"post_tag","embeddable":true,"href":"https:\/\/www.europesays.com\/se\/wp-json\/wp\/v2\/tags?post=103035"}],"curies":[{"name":"wp","href":"https:\/\/api.w.org\/{rel}","templated":true}]}}