{"id":103036,"date":"2025-12-11T16:22:09","date_gmt":"2025-12-11T16:22:09","guid":{"rendered":"https:\/\/www.europesays.com\/se\/103036\/"},"modified":"2025-12-11T16:22:09","modified_gmt":"2025-12-11T16:22:09","slug":"varsta-raset-sedan-it-kraschen-for-ai-jatten","status":"publish","type":"post","link":"https:\/\/www.europesays.com\/se\/103036\/","title":{"rendered":"V\u00e4rsta raset sedan it-kraschen f\u00f6r AI-j\u00e4tten"},"content":{"rendered":"<p>Datacenterbolaget Oracle har sin s\u00e4msta b\u00f6rsdag sedan 2001 efter att bolagets rapport visat p\u00e5 \u00f6kade AI-kostnader.<\/p>\n<p>De \u00f6kande utgifter skr\u00e4mmer kreditgivare, och kostnaden att f\u00f6rs\u00e4kra sig mot fallissemang i bolagets obligationsl\u00e5n har skjutit i h\u00f6jden, rapporterar Bloomberg. \u201dDet drar ned hela AI-sentimentet\u201d, s\u00e4ger Herman Ohlsson, halvledarexpert p\u00e5 kapitalf\u00f6rvaltaren Brock Milton.<\/p>\n<p><strong class=\"global-xxs-bold\">Uppdaterad:<\/strong> 11 december 2025, 16:54<strong class=\"global-xxs-bold\">Publicerad:<\/strong> 11 december 2025, 16:22<\/p>\n<p>Spara<\/p>\n","protected":false},"excerpt":{"rendered":"Datacenterbolaget Oracle har sin s\u00e4msta b\u00f6rsdag sedan 2001 efter att bolagets rapport visat p\u00e5 \u00f6kade AI-kostnader. De \u00f6kande&hellip;\n","protected":false},"author":2,"featured_media":103037,"comment_status":"","ping_status":"","sticky":false,"template":"","format":"standard","meta":{"footnotes":""},"categories":[5],"tags":[22,23,26,27,17,21,24,25,28,29,15,16,18,34,31,33,32,30,19,20],"class_list":{"0":"post-103036","1":"post","2":"type-post","3":"status-publish","4":"format-standard","5":"has-post-thumbnail","7":"category-rubriker","8":"tag-breaking-news","9":"tag-breakingnews","10":"tag-featured-news","11":"tag-featurednews","12":"tag-headlines","13":"tag-huvudnyheter","14":"tag-latest-news","15":"tag-latestnews","16":"tag-main-news","17":"tag-mainnews","18":"tag-news","19":"tag-nyheter","20":"tag-rubriker","21":"tag-se","22":"tag-svenska","23":"tag-sverige","24":"tag-sweden","25":"tag-swedish","26":"tag-top-stories","27":"tag-topstories"},"share_on_mastodon":{"url":"https:\/\/pubeurope.com\/@se\/115701857860063281","error":""},"_links":{"self":[{"href":"https:\/\/www.europesays.com\/se\/wp-json\/wp\/v2\/posts\/103036","targetHints":{"allow":["GET"]}}],"collection":[{"href":"https:\/\/www.europesays.com\/se\/wp-json\/wp\/v2\/posts"}],"about":[{"href":"https:\/\/www.europesays.com\/se\/wp-json\/wp\/v2\/types\/post"}],"author":[{"embeddable":true,"href":"https:\/\/www.europesays.com\/se\/wp-json\/wp\/v2\/users\/2"}],"replies":[{"embeddable":true,"href":"https:\/\/www.europesays.com\/se\/wp-json\/wp\/v2\/comments?post=103036"}],"version-history":[{"count":0,"href":"https:\/\/www.europesays.com\/se\/wp-json\/wp\/v2\/posts\/103036\/revisions"}],"wp:featuredmedia":[{"embeddable":true,"href":"https:\/\/www.europesays.com\/se\/wp-json\/wp\/v2\/media\/103037"}],"wp:attachment":[{"href":"https:\/\/www.europesays.com\/se\/wp-json\/wp\/v2\/media?parent=103036"}],"wp:term":[{"taxonomy":"category","embeddable":true,"href":"https:\/\/www.europesays.com\/se\/wp-json\/wp\/v2\/categories?post=103036"},{"taxonomy":"post_tag","embeddable":true,"href":"https:\/\/www.europesays.com\/se\/wp-json\/wp\/v2\/tags?post=103036"}],"curies":[{"name":"wp","href":"https:\/\/api.w.org\/{rel}","templated":true}]}}