{"id":103040,"date":"2025-12-11T16:25:14","date_gmt":"2025-12-11T16:25:14","guid":{"rendered":"https:\/\/www.europesays.com\/se\/103040\/"},"modified":"2025-12-11T16:25:14","modified_gmt":"2025-12-11T16:25:14","slug":"kommun-vill-stoppa-punk-och-hardrocksfestival-vacker-anstot-skanska-dagbladet","status":"publish","type":"post","link":"https:\/\/www.europesays.com\/se\/103040\/","title":{"rendered":"Kommun vill stoppa punk- och h\u00e5rdrocksfestival: \u201dV\u00e4cker anst\u00f6t\u201d &#8211; Sk\u00e5nska Dagbladet"},"content":{"rendered":"<ol>\n<li><a href=\"https:\/\/news.google.com\/rss\/articles\/CBMilAFBVV95cUxObnAzcXhTZ1V6eDc5T1RMd0EtMy1nOHI0SXdKNjI0a3FtZUxIU3FCZDFiZ3FzQmtmOGpNd2IxWVBPRzVWNUlkM2szbDU0OW1zY2FHUTF2U0kzeEJ2NXJHOWhvcl9ZSDlTRDd5TVpCdnRJZmlDR2pkdzJxOFZqNlYwQ24xT0xHZ3VFQmxqdFU3NUpoQ0Vp?oc=5\" target=\"_blank\" rel=\"nofollow noopener\">Kommun vill stoppa punk- och h\u00e5rdrocksfestival: \u201dV\u00e4cker anst\u00f6t\u201d<\/a>&nbsp;&nbsp;Sk\u00e5nska Dagbladet<\/li>\n<li><a href=\"https:\/\/news.google.com\/rss\/articles\/CBMizwFBVV95cUxQQk95R0VKcWZJUnhnUy1YMWZTam5VeFZOX3lSUjBCVl9qOVhVV0lxU0lpUW9PNWo1V21ta1F3eGNSYW9waFNuUER4UFl1Y1RKd2xMcTZFNTVBemNxS3FfNk9QX3U3MDFFMEpqeS1FclZfZEo3S1YzdkZGOFlfWW1vSHhIcHJtTGsyYWlPbXZpdVdnUDdRZ1VWOFpILXZ5dFBaRzJUT29rSkV6cTAwbFl0M25OWERrRi01c3o5OE4tVF9jZzlYdWEyV3JqREo5blU?oc=5\" target=\"_blank\" rel=\"nofollow noopener\">Kommunen vill stoppa festivalen \u2013 kallar musiken farlig: \u201dOl\u00e4mpligt f\u00f6r barn\u201d<\/a>&nbsp;&nbsp;NWT<\/li>\n<li><a href=\"https:\/\/news.google.com\/rss\/articles\/CBMimAFBVV95cUxQNlBuNW9uU3RsYlJjOU9xNzQ1MFlKSmtrWWhmZlo1WDFmb0pBa3I0cmwyUjc3eC1mb25GRjloX0d0SkctRmJDV01JWHBXTWpmODJJWWlScE82Y1JDZGw0d1ljSnJZQjZJT1RGN3Y1UG53R0hpUDRVcHkxU0NqN1BhNTBxWXU4cjQtdGkyUG1aV0xQdnBpMzVsNg?oc=5\" target=\"_blank\" rel=\"nofollow noopener\">Kommun vill stoppa punkfestival: \u201dV\u00e4cker anst\u00f6t&#8221;<\/a>&nbsp;&nbsp;Aftonbladet<\/li>\n<li><a href=\"https:\/\/news.google.com\/rss\/articles\/CBMirAFBVV95cUxNbmhPb182eEtTb18ySFpyZlJOTHFXOFR4ekljZWRVTU9pblB6YjN1WHdHV2g3ZGlJdkpFUndnZ1d2TGw3eXNqd1JsM08tMDU1bl81eV9vZkRQQXBpUjBQUV9HWkN4UFBpVnJhY1R4WGx2cjI4anVmTXh3T1dZTkRCOE91eGRldmc0RExPOXp0MnlPekRWbDlLZjEzMDFmWW5IOWwzaFo4eUN6R1Rw?oc=5\" target=\"_blank\" rel=\"nofollow noopener\">Ledare: Tr\u00e5ksossarnas tid \u00e4r \u00f6ver \u2013 nu tar festivalv\u00e4nstern \u00f6ver moshpiten<\/a>&nbsp;&nbsp;KT-Kuriren<\/li>\n<li><a href=\"https:\/\/news.google.com\/rss\/articles\/CBMijgFBVV95cUxOTFkweDJqb0FQQ1lFLUR2bzR3bGNmMnE4YkpIQlFBRjA4M2NSXzVYWWkyVFRtWERpaFhfOHd4WXh3c3hhUV9DNWl6eTJRMmhBcm12UFdCWG5uUlNyTm9kTFUydHNJODhkYVR5eHpmQTlfQXJzRFFtYUpiZGlHNXBrZ01tZ0RmNDU2M3lwUkRB?oc=5\" target=\"_blank\" rel=\"nofollow noopener\">Kommun vill stoppa punkfestival: &#8221;V\u00e4cker anst\u00f6t&#8221;<\/a>&nbsp;&nbsp;GAFFA.se<\/li>\n<\/ol>\n","protected":false},"excerpt":{"rendered":"Kommun vill stoppa punk- och h\u00e5rdrocksfestival: \u201dV\u00e4cker anst\u00f6t\u201d&nbsp;&nbsp;Sk\u00e5nska Dagbladet Kommunen vill stoppa festivalen \u2013 kallar musiken farlig: \u201dOl\u00e4mpligt&hellip;\n","protected":false},"author":2,"featured_media":103041,"comment_status":"","ping_status":"","sticky":false,"template":"","format":"standard","meta":{"footnotes":""},"categories":[67],"tags":[104,34,31,33,32,30,105],"class_list":{"0":"post-103040","1":"post","2":"type-post","3":"status-publish","4":"format-standard","5":"has-post-thumbnail","7":"category-underhallning","8":"tag-entertainment","9":"tag-se","10":"tag-svenska","11":"tag-sverige","12":"tag-sweden","13":"tag-swedish","14":"tag-underhallning"},"share_on_mastodon":{"url":"https:\/\/pubeurope.com\/@se\/115701869695883021","error":""},"_links":{"self":[{"href":"https:\/\/www.europesays.com\/se\/wp-json\/wp\/v2\/posts\/103040","targetHints":{"allow":["GET"]}}],"collection":[{"href":"https:\/\/www.europesays.com\/se\/wp-json\/wp\/v2\/posts"}],"about":[{"href":"https:\/\/www.europesays.com\/se\/wp-json\/wp\/v2\/types\/post"}],"author":[{"embeddable":true,"href":"https:\/\/www.europesays.com\/se\/wp-json\/wp\/v2\/users\/2"}],"replies":[{"embeddable":true,"href":"https:\/\/www.europesays.com\/se\/wp-json\/wp\/v2\/comments?post=103040"}],"version-history":[{"count":0,"href":"https:\/\/www.europesays.com\/se\/wp-json\/wp\/v2\/posts\/103040\/revisions"}],"wp:featuredmedia":[{"embeddable":true,"href":"https:\/\/www.europesays.com\/se\/wp-json\/wp\/v2\/media\/103041"}],"wp:attachment":[{"href":"https:\/\/www.europesays.com\/se\/wp-json\/wp\/v2\/media?parent=103040"}],"wp:term":[{"taxonomy":"category","embeddable":true,"href":"https:\/\/www.europesays.com\/se\/wp-json\/wp\/v2\/categories?post=103040"},{"taxonomy":"post_tag","embeddable":true,"href":"https:\/\/www.europesays.com\/se\/wp-json\/wp\/v2\/tags?post=103040"}],"curies":[{"name":"wp","href":"https:\/\/api.w.org\/{rel}","templated":true}]}}