{"id":103042,"date":"2025-12-11T16:28:12","date_gmt":"2025-12-11T16:28:12","guid":{"rendered":"https:\/\/www.europesays.com\/se\/103042\/"},"modified":"2025-12-11T16:28:12","modified_gmt":"2025-12-11T16:28:12","slug":"skicka-hit-dem-donald-trump-vadjar-till-sverige","status":"publish","type":"post","link":"https:\/\/www.europesays.com\/se\/103042\/","title":{"rendered":"\u201cSkicka hit dem\u201d \u2013 Donald Trump v\u00e4djar till Sverige"},"content":{"rendered":"<p>Gmail-anv\u00e4ndare uppmanas \u2013 kolla inst\u00e4llningarna direkt<\/p>\n<p><strong>Gmail-anv\u00e4ndare uppmanas att kontrollera sina inst\u00e4llningar.<\/strong><\/p>\n<p>Det r\u00e5der m\u00e5nga oklarheter kring Googles riktlinjer och integritetspolicyer, s\u00e4rskilt om vilken data som samlas in och hur den anv\u00e4nds utan anv\u00e4ndares vetskap.<\/p>\n<p>Detta f\u00e5r nu experter att uppmana alla Gmail-anv\u00e4ndare att se \u00f6ver sina konton.<\/p>\n<p><strong>Otydlig information<\/strong><\/p>\n<p>Otydlig information och tekniskt komplicerade villkor g\u00f6r att m\u00e5nga anv\u00e4ndare inte f\u00f6rst\u00e5r vilken data som samlas in eller hur den anv\u00e4nds.<\/p>\n<p>Om du inte g\u00f6r det \u2014 finns det risk att din data eller mejl \u00e4r mer \u201c\u00f6ppen\u201d \u00e4n vad du tror, vilket kan p\u00e5verka din integritet.<\/p>\n<p>\u2013 Trots att flera uppm\u00e4rksammade varningar visat sig bygga p\u00e5 missf\u00f6rst\u00e5nd,\u00a0 avsl\u00f6jar situationen ett st\u00f6rre och mer l\u00e5ngvarigt problem: anv\u00e4ndare har ofta begr\u00e4nsad insyn i hur deras data hanteras, uppger Forbes.<\/p>\n<p data-start=\"1665\" data-end=\"1820\">M\u00e5nga tj\u00e4nster du anv\u00e4nder kan vara kopplade till din Gmail, och om n\u00e5got h\u00e4nder med kontot kan det f\u00e5 st\u00f6rre konsekvenser \u00e4n bara att du f\u00f6rlorar ett mejl.<\/p>\n<p>L\u00c4S MER: <a href=\"https:\/\/ekonomibladet.se\/rusta-overraskar-pangbesked-fran-lagpriskedjan\/\" rel=\"nofollow noopener\" target=\"_blank\">Rusta \u00f6verraskar \u2013 pangbesked fr\u00e5n l\u00e5gpriskedjan<\/a><\/p>\n<p><strong>Ansvar hos anv\u00e4ndaren<\/strong><\/p>\n<p>Oavsett hur tydligt Google formulerar sina riktlinjer hamnar mycket av ansvaret p\u00e5 anv\u00e4ndaren sj\u00e4lv.<\/p>\n<p>Ingen tj\u00e4nst kan garantera att privat information \u00e4r helt skyddad.<\/p>\n<p>Det kr\u00e4vs d\u00e4rf\u00f6r att varje individ g\u00f6r egna bed\u00f6mningar av vilka funktioner som ska f\u00e5 tillg\u00e5ng till personliga uppgifter.<\/p>\n<p>Detta \u00e4r s\u00e4rskilt viktigt n\u00e4r AI-funktioner blir allt vanligare.<\/p>\n<p>Funktionen som exempelvis l\u00e5ter AI-verktyget Gemini analysera inneh\u00e5llet i inkorgen \u00e4r frivillig, men kr\u00e4ver medvetna beslut.<\/p>\n<p>\u2013 Om man aktiverar den b\u00f6r man f\u00f6rst\u00e5 vad det inneb\u00e4r och hur informationen kan komma att anv\u00e4ndas, uppger tidningen.<\/p>\n<p><strong>kontrollera dina inst\u00e4llningar<\/strong><\/p>\n<p>D\u00e4rf\u00f6r uppmanas alla Gmail-anv\u00e4ndare att g\u00e5 igenom sina inst\u00e4llningar f\u00f6r datadelning, s\u00e4kerhet och AI-funktioner f\u00f6r att inte dela data eller personuppgifter utan ens medk\u00e4nnande.<\/p>\n<p>G\u00e5 igenom dina sekretess- och integritetsinst\u00e4llningar i kontot \u2013 kolla vad som \u00e4r aktiverat och om du vill att det ska vara s\u00e5.<\/p>\n<p>Fundera \u00f6ver om du vill ge till\u00e5telse till funktioner som g\u00f6r att mejl och inneh\u00e5ll kan analyseras, s\u00e4rskilt om du inte k\u00e4nner dig bekv\u00e4m med att dela f\u00f6r mycket.<\/p>\n<p>Byt l\u00f6senord, sl\u00e5 p\u00e5 extra skydd, exempelvis tv\u00e5faktors-inloggning eller motsvarande, och t\u00e4nk \u00f6ver vilka data du verkligen beh\u00f6ver lagra p\u00e5 Gmail.<\/p>\n<p>\u2013 Det h\u00e4r \u00e4r ett kritiskt \u00f6gonblick. Den som agerar nu kan skydda sin data, den som ignorerar situationen riskerar att f\u00f6rlora kontrollen, s\u00e4ger s\u00e4kerhetsexperter till Forbes.<\/p>\n<p>L\u00c4S MER: <a href=\"https:\/\/ekonomibladet.se\/fullstandig-katastrof-for-alla-som-vill-salja-bilen\/\" rel=\"nofollow noopener\" target=\"_blank\">\u201dFullst\u00e4ndig katastrof\u201d f\u00f6r alla som vill s\u00e4lja bilen<\/a><\/p>\n<p>Foto: S Feyissa<\/p>\n<p>Text: Redaktionen<\/p>\n","protected":false},"excerpt":{"rendered":"Gmail-anv\u00e4ndare uppmanas \u2013 kolla inst\u00e4llningarna direkt Gmail-anv\u00e4ndare uppmanas att kontrollera sina inst\u00e4llningar. Det r\u00e5der m\u00e5nga oklarheter kring Googles&hellip;\n","protected":false},"author":2,"featured_media":103043,"comment_status":"","ping_status":"","sticky":false,"template":"","format":"standard","meta":{"footnotes":""},"categories":[14],"tags":[22,23,26,27,17,21,24,25,28,29,15,16,18,34,31,33,32,30,19,20,51,52,53,54],"class_list":{"0":"post-103042","1":"post","2":"type-post","3":"status-publish","4":"format-standard","5":"has-post-thumbnail","7":"category-varlden","8":"tag-breaking-news","9":"tag-breakingnews","10":"tag-featured-news","11":"tag-featurednews","12":"tag-headlines","13":"tag-huvudnyheter","14":"tag-latest-news","15":"tag-latestnews","16":"tag-main-news","17":"tag-mainnews","18":"tag-news","19":"tag-nyheter","20":"tag-rubriker","21":"tag-se","22":"tag-svenska","23":"tag-sverige","24":"tag-sweden","25":"tag-swedish","26":"tag-top-stories","27":"tag-topstories","28":"tag-varlden","29":"tag-world","30":"tag-world-news","31":"tag-worldnews"},"share_on_mastodon":{"url":"https:\/\/pubeurope.com\/@se\/115701881500616631","error":""},"_links":{"self":[{"href":"https:\/\/www.europesays.com\/se\/wp-json\/wp\/v2\/posts\/103042","targetHints":{"allow":["GET"]}}],"collection":[{"href":"https:\/\/www.europesays.com\/se\/wp-json\/wp\/v2\/posts"}],"about":[{"href":"https:\/\/www.europesays.com\/se\/wp-json\/wp\/v2\/types\/post"}],"author":[{"embeddable":true,"href":"https:\/\/www.europesays.com\/se\/wp-json\/wp\/v2\/users\/2"}],"replies":[{"embeddable":true,"href":"https:\/\/www.europesays.com\/se\/wp-json\/wp\/v2\/comments?post=103042"}],"version-history":[{"count":0,"href":"https:\/\/www.europesays.com\/se\/wp-json\/wp\/v2\/posts\/103042\/revisions"}],"wp:featuredmedia":[{"embeddable":true,"href":"https:\/\/www.europesays.com\/se\/wp-json\/wp\/v2\/media\/103043"}],"wp:attachment":[{"href":"https:\/\/www.europesays.com\/se\/wp-json\/wp\/v2\/media?parent=103042"}],"wp:term":[{"taxonomy":"category","embeddable":true,"href":"https:\/\/www.europesays.com\/se\/wp-json\/wp\/v2\/categories?post=103042"},{"taxonomy":"post_tag","embeddable":true,"href":"https:\/\/www.europesays.com\/se\/wp-json\/wp\/v2\/tags?post=103042"}],"curies":[{"name":"wp","href":"https:\/\/api.w.org\/{rel}","templated":true}]}}