{"id":103044,"date":"2025-12-11T16:29:56","date_gmt":"2025-12-11T16:29:56","guid":{"rendered":"https:\/\/www.europesays.com\/se\/103044\/"},"modified":"2025-12-11T16:29:56","modified_gmt":"2025-12-11T16:29:56","slug":"sa-blev-domen-mot-lojagarna","status":"publish","type":"post","link":"https:\/\/www.europesays.com\/se\/103044\/","title":{"rendered":"S\u00e5 blev domen mot loj\u00e4garna"},"content":{"rendered":"<p>\n        De tv\u00e5 tilltalade i det uppm\u00e4rksamme lojaktsm\u00e5let frias av Lycksele tingsr\u00e4tt n\u00e4r det g\u00e4ller samtliga \u00e5talspunkter.<br \/>\n        Arkivfoto: Getty Images\n    <\/p>\n<p>    B\u00e5de jaktprofilen och hans jaktkamrat frias p\u00e5 samtliga \u00e5talspunkter<\/p>\n<p>B\u00e5de jaktprofilen Robert Salomonsson och hans 36-\u00e5rige<br \/>\njaktkamrat frias av tingsr\u00e4tten i Lycksele f\u00f6r bland annat grovt jaktbrott i samband<br \/>\nmed lodjursjakt. Domen har svidande kritik mot polis och \u00e5klagare.<\/p>\n<p class=\"font-weight-normal m-font-weight-normal\" data-lab-font_weight=\"font-weight-normal\">De tv\u00e5 j\u00e4garna \u00e5talades f\u00f6r grovt jaktbrott i<br \/>\nsamband med lodjursjakter v\u00e5ren 2022. R\u00e4tteg\u00e5ngen har skjutits upp ett<br \/>\nflertal g\u00e5nger.<\/p>\n<p class=\"font-weight-normal m-font-weight-normal\" data-lab-font_weight=\"font-weight-normal\">Duon hade anlitats av en sameby f\u00f6r att jaga<br \/>\nlodjur p\u00e5 renbetesfj\u00e4llet. De tv\u00e5 j\u00e4garna hade f\u00e5tt dispens av l\u00e4nsstyrelsen f\u00f6r<br \/>\natt s\u00f6ka efter lodjurssp\u00e5r med hj\u00e4lp av skoter inne i jaktomr\u00e5det. Det gavs<br \/>\n\u00e4ven dispens att medf\u00f6ra vapen.<\/p>\n<p>\n            Popul\u00e4r\n        <\/p>\n<p>        Digital<\/p>\n<p class=\"price\" style=\"font-size: 28px; color: #000; margin: 4px 0;\"><strong>39:-<\/strong>  \/ m\u00e5n<\/p>\n<p class=\"sub-text\" style=\"font-size: 13px; color: #666; margin-bottom: 8px;\">Ingen bindningstid, s\u00e4g upp n\u00e4r du vill<\/p>\n<p>        <a href=\"https:\/\/prenumerera.3fmediagroup.com\/3f_marketplace_standard\/jj_marketplace\/jj_digital?utm_source=jaktjournalen&amp;utm_medium=paywall&amp;utm_campaign=standard&amp;source=paywall\" class=\"cta-button\" style=\"display: block; background: linear-gradient(135deg, #f18700, #ff9826); color: #fff; padding: 12px; text-decoration: none; border-radius: 12px; font-weight: 600; transition: transform 0.2s;\" rel=\"nofollow noopener\" target=\"_blank\"><br \/>\n            AKTIVERA<br \/>\n        <\/a><\/p>\n<p>        Total (Digital + Tidning)<\/p>\n<p class=\"price\" style=\"font-size: 28px; color: #000; margin: 4px 0;\"><strong>Fr. 119:-<\/strong> \/Total<\/p>\n<p class=\"sub-text\" style=\"font-size: 13px; color: #666; margin-bottom: 8px;\">V\u00e4lj \u00e5rs- eller m\u00e5nadsprenumeration<\/p>\n<p>        <a href=\"https:\/\/prenumerera.3fmediagroup.com\/3f_marketplace_standard\/jj_marketplace\/jj_total?utm_source=jaktjournalen&amp;utm_medium=paywall&amp;utm_campaign=standard&amp;source=paywall\" class=\"cta-button\" style=\"display: block; background: #6c757d; color: #fff; padding: 12px; text-decoration: none; border-radius: 12px; font-weight: 600; transition: transform 0.2s;\" rel=\"nofollow noopener\" target=\"_blank\"><br \/>\n            K\u00f6p nu<br \/>\n        <\/a><\/p>\n<p>        Detta ing\u00e5r i Digital<br \/>\n        \u25bc<\/p>\n<p>\n                \u2713<br \/>\n                Full tillg\u00e5ng till alla l\u00e5sta artiklar p\u00e5 jaktjournalen.se\n            <\/p>\n<p>\n                \u2713<br \/>\n                L\u00e4s Jaktjournalens tidning online, \u00e4ven tidigare utg\u00e5vor i arkivet\n            <\/p>\n<p>\n                \u2713<br \/>\n                Nyhetsbrev varje vecka med de senaste jaktnyheterna\n            <\/p>\n<p>\n                \u2713<br \/>\n                Prenumerationsf\u00f6rm\u00e5ner som t\u00e4vlingar, exklusiva reportage och unika erbjudanden\n            <\/p>\n","protected":false},"excerpt":{"rendered":"De tv\u00e5 tilltalade i det uppm\u00e4rksamme lojaktsm\u00e5let frias av Lycksele tingsr\u00e4tt n\u00e4r det g\u00e4ller samtliga \u00e5talspunkter. Arkivfoto: Getty&hellip;\n","protected":false},"author":2,"featured_media":103045,"comment_status":"","ping_status":"","sticky":false,"template":"","format":"standard","meta":{"footnotes":""},"categories":[12],"tags":[22,23,26,27,17,21,24,25,28,29,15,16,18,34,31,33,32,30,19,20],"class_list":{"0":"post-103044","1":"post","2":"type-post","3":"status-publish","4":"format-standard","5":"has-post-thumbnail","7":"category-sverige","8":"tag-breaking-news","9":"tag-breakingnews","10":"tag-featured-news","11":"tag-featurednews","12":"tag-headlines","13":"tag-huvudnyheter","14":"tag-latest-news","15":"tag-latestnews","16":"tag-main-news","17":"tag-mainnews","18":"tag-news","19":"tag-nyheter","20":"tag-rubriker","21":"tag-se","22":"tag-svenska","23":"tag-sverige","24":"tag-sweden","25":"tag-swedish","26":"tag-top-stories","27":"tag-topstories"},"share_on_mastodon":{"url":"https:\/\/pubeurope.com\/@se\/115701889436704004","error":""},"_links":{"self":[{"href":"https:\/\/www.europesays.com\/se\/wp-json\/wp\/v2\/posts\/103044","targetHints":{"allow":["GET"]}}],"collection":[{"href":"https:\/\/www.europesays.com\/se\/wp-json\/wp\/v2\/posts"}],"about":[{"href":"https:\/\/www.europesays.com\/se\/wp-json\/wp\/v2\/types\/post"}],"author":[{"embeddable":true,"href":"https:\/\/www.europesays.com\/se\/wp-json\/wp\/v2\/users\/2"}],"replies":[{"embeddable":true,"href":"https:\/\/www.europesays.com\/se\/wp-json\/wp\/v2\/comments?post=103044"}],"version-history":[{"count":0,"href":"https:\/\/www.europesays.com\/se\/wp-json\/wp\/v2\/posts\/103044\/revisions"}],"wp:featuredmedia":[{"embeddable":true,"href":"https:\/\/www.europesays.com\/se\/wp-json\/wp\/v2\/media\/103045"}],"wp:attachment":[{"href":"https:\/\/www.europesays.com\/se\/wp-json\/wp\/v2\/media?parent=103044"}],"wp:term":[{"taxonomy":"category","embeddable":true,"href":"https:\/\/www.europesays.com\/se\/wp-json\/wp\/v2\/categories?post=103044"},{"taxonomy":"post_tag","embeddable":true,"href":"https:\/\/www.europesays.com\/se\/wp-json\/wp\/v2\/tags?post=103044"}],"curies":[{"name":"wp","href":"https:\/\/api.w.org\/{rel}","templated":true}]}}