{"id":103066,"date":"2025-12-11T16:49:15","date_gmt":"2025-12-11T16:49:15","guid":{"rendered":"https:\/\/www.europesays.com\/se\/103066\/"},"modified":"2025-12-11T16:49:15","modified_gmt":"2025-12-11T16:49:15","slug":"invanarna-maste-tycka-till-om-territorium","status":"publish","type":"post","link":"https:\/\/www.europesays.com\/se\/103066\/","title":{"rendered":"Inv\u00e5narna m\u00e5ste tycka till om territorium"},"content":{"rendered":"<p>Zelenskyj \u00f6ppnar f\u00f6r folkomr\u00f6stning om att ge bort ukrainskt territorium, rapporterar AFP. Han s\u00e4ger att alla kompromisser om Ukrainas land m\u00e5ste best\u00e4mmas av folket. <\/p>\n<p>\u2013 Det \u00e4r en fr\u00e5ga f\u00f6r det ukrainska folket. Det m\u00e5ste finnas en st\u00e5ndpunkt fr\u00e5n folket, antingen genom val eller en folkomr\u00f6stning, s\u00e4ger han. <\/p>\n<p>Under torsdagen meddelade presidenten ocks\u00e5 att Ukraina har presenterat sitt uppdaterade fredsf\u00f6rslag f\u00f6r USA. Det \u00e4r en plan p\u00e5 20 punkter och ut\u00f6ver det har Ukraina ocks\u00e5 kr\u00e4vt s\u00e4kerhetsgarantier och ett avtal om att \u00e5teruppbygga landet efter kriget. <\/p>\n<p>Zelenskyj s\u00e4ger ocks\u00e5 att USA har lyft id\u00e9n om en \u201dfri ekonomisk zon\u201d i delar av \u00f6stra Ukraina. Tanken \u00e4r att ukrainska styrkor ska l\u00e4mna och att ryska styrkor inte f\u00e5r avancera i omr\u00e5det, enligt presidenten. Zelenskyj understryker att mycket \u00e4r oklart kring det f\u00f6rslaget. <\/p>\n<p>Omni \u00e4r politiskt obundna och oberoende. Vi str\u00e4var efter att ge fler perspektiv p\u00e5 nyheterna. Har du fr\u00e5gor eller synpunkter kring v\u00e5r rapportering? <a href=\"https:\/\/omni.se\/zelenskyj-oppnar-for-folkomrostning-om-territorium\/a\/mailto:redaktion@omni.se\" class=\"ArticleActions_contactLink__W2F1M\" rel=\"nofollow noopener\" target=\"_blank\">Kontakta redaktionen<\/a><\/p>\n","protected":false},"excerpt":{"rendered":"Zelenskyj \u00f6ppnar f\u00f6r folkomr\u00f6stning om att ge bort ukrainskt territorium, rapporterar AFP. Han s\u00e4ger att alla kompromisser om&hellip;\n","protected":false},"author":2,"featured_media":103067,"comment_status":"","ping_status":"","sticky":false,"template":"","format":"standard","meta":{"footnotes":""},"categories":[5],"tags":[22,23,267,26,27,17,21,24,25,28,29,15,268,16,18,269,264,34,31,33,32,30,19,20,263,74,262],"class_list":{"0":"post-103066","1":"post","2":"type-post","3":"status-publish","4":"format-standard","5":"has-post-thumbnail","7":"category-rubriker","8":"tag-breaking-news","9":"tag-breakingnews","10":"tag-europa","11":"tag-featured-news","12":"tag-featurednews","13":"tag-headlines","14":"tag-huvudnyheter","15":"tag-latest-news","16":"tag-latestnews","17":"tag-main-news","18":"tag-mainnews","19":"tag-news","20":"tag-nordamerika","21":"tag-nyheter","22":"tag-rubriker","23":"tag-ryska-invasionen","24":"tag-ryssland","25":"tag-se","26":"tag-svenska","27":"tag-sverige","28":"tag-sweden","29":"tag-swedish","30":"tag-top-stories","31":"tag-topstories","32":"tag-ukraina","33":"tag-usa","34":"tag-volodymyr-zelenskyj"},"share_on_mastodon":{"url":"https:\/\/pubeurope.com\/@se\/115701963927369786","error":""},"_links":{"self":[{"href":"https:\/\/www.europesays.com\/se\/wp-json\/wp\/v2\/posts\/103066","targetHints":{"allow":["GET"]}}],"collection":[{"href":"https:\/\/www.europesays.com\/se\/wp-json\/wp\/v2\/posts"}],"about":[{"href":"https:\/\/www.europesays.com\/se\/wp-json\/wp\/v2\/types\/post"}],"author":[{"embeddable":true,"href":"https:\/\/www.europesays.com\/se\/wp-json\/wp\/v2\/users\/2"}],"replies":[{"embeddable":true,"href":"https:\/\/www.europesays.com\/se\/wp-json\/wp\/v2\/comments?post=103066"}],"version-history":[{"count":0,"href":"https:\/\/www.europesays.com\/se\/wp-json\/wp\/v2\/posts\/103066\/revisions"}],"wp:featuredmedia":[{"embeddable":true,"href":"https:\/\/www.europesays.com\/se\/wp-json\/wp\/v2\/media\/103067"}],"wp:attachment":[{"href":"https:\/\/www.europesays.com\/se\/wp-json\/wp\/v2\/media?parent=103066"}],"wp:term":[{"taxonomy":"category","embeddable":true,"href":"https:\/\/www.europesays.com\/se\/wp-json\/wp\/v2\/categories?post=103066"},{"taxonomy":"post_tag","embeddable":true,"href":"https:\/\/www.europesays.com\/se\/wp-json\/wp\/v2\/tags?post=103066"}],"curies":[{"name":"wp","href":"https:\/\/api.w.org\/{rel}","templated":true}]}}