{"id":103074,"date":"2025-12-11T16:57:11","date_gmt":"2025-12-11T16:57:11","guid":{"rendered":"https:\/\/www.europesays.com\/se\/103074\/"},"modified":"2025-12-11T16:57:11","modified_gmt":"2025-12-11T16:57:11","slug":"beskedet-kista-folkhogskola-tvingas-stanga","status":"publish","type":"post","link":"https:\/\/www.europesays.com\/se\/103074\/","title":{"rendered":"Beskedet: Kista folkh\u00f6gskola tvingas st\u00e4nga"},"content":{"rendered":"<p class=\"text\">P\u00e5 torsdagsf\u00f6rmiddagen informerade rektorn p\u00e5 Kista folkh\u00f6gskola om att Folkbildningsr\u00e5det valt att dra in statsbidraget till skolan, n\u00e5got som finansierat hela verksamheten. <\/p>\n<p class=\"text\">Det inneb\u00e4r att skolan kommer <a target=\"_blank\" rel=\"noopener nofollow\" href=\"https:\/\/www.mitti.se\/nyheter\/upprord-stamning-pa-skolan-efter-beskedet-6.3.325690.598e8dca4b\">beh\u00f6va st\u00e4nga<\/a> direkt efter \u00e5rsskiftet. <\/p>\n<p class=\"text\">\u2013 Folk \u00e4r nere, ledsna, det \u00e4r v\u00e4ldigt r\u00f6rigt h\u00e4r just nu. M\u00e5nga g\u00e5r runt i korridorerna och ringer andra skolor, f\u00f6rs\u00f6ker f\u00e5 en plats, s\u00e4ger en deltagare. <\/p>\n<p>Allvarliga brister<\/p>\n<p class=\"text\">Beslutet har fattats efter en flera \u00e5r <a target=\"_blank\" rel=\"noopener nofollow\" href=\"https:\/\/www.mitti.se\/nyheter\/beslutet-som-kan-fa-kista-folkhogskola-pa-fall-6.3.325679.7c0f026e55\">l\u00e5ng process<\/a>, d\u00e4r Folkbildningsr\u00e5det genomf\u00f6rt flera granskningar av skolan samt gjort en s\u00e4rskild uppf\u00f6ljning. <\/p>\n<p class=\"text\">B\u00e5de granskningarna och den s\u00e4rskilda uppf\u00f6ljningen har visat p\u00e5 allvarliga brister. Vittnesm\u00e5l och anm\u00e4lningar beskriver bland annat hur deltagare utsatts f\u00f6r rasistiska, sexistiska och homofoba uttalanden.<\/p>\n<p class=\"text\">Efter den f\u00f6rsta granskningen kr\u00e4vde Folkbildningsr\u00e5det att skolan skulle st\u00e4rka styrningen, kontrollen och den demokratiska uppbyggnaden.<\/p>\n<p class=\"text\">Trots t\u00e4t kontakt och flera chanser gjorde skolan dock inte tillr\u00e4ckligt f\u00f6r att uppfylla villkoren, menar man.<\/p>\n<p class=\"text\">\u2013 Beslut om att dra in statsbidrag fattas endast i de allvarligaste fallen n\u00e4r grundl\u00e4ggande villkor inte efterlevs trots upprepade m\u00f6jligheter att r\u00e4tta till bristerna, s\u00e4ger Jan Jonsson, chef f\u00f6r enheten f\u00f6r statsbidrag folkh\u00f6gskola p\u00e5 Folkbildningsr\u00e5det. <\/p>\n<p>Baseras p\u00e5 m\u00e5nga \u00e5r<\/p>\n<p class=\"text\">Flera deltagare p\u00e5 skolan har under de senaste veckorna demonstrerat mot det kommande beslutet, och m\u00e5nga har uttryckt att mycket i underlaget handlat om saker som h\u00e4nt f\u00f6r flera \u00e5r sedan, d\u00e5 det var annan styrelse, rektor och andra elever p\u00e5 skolan.<\/p>\n<p class=\"text\">Det utesluter dock inte att det funnits brister, menar Jan Jonsson.<\/p>\n<p class=\"text\">\u2013\u00a0V\u00e5r bed\u00f6mning baseras p\u00e5 en fler\u00e5rig uppf\u00f6ljning, och individuella upplevelser kan skilja sig mellan deltagare fr\u00e5n olika l\u00e4s\u00e5r. Det st\u00e4mmer att delar av styrelsen bytts ut och att skolan har en annan rektor nu, och m\u00e5nga s\u00e4ger i dag att de \u00e4r n\u00f6jda med skolan. Men faktum kvarst\u00e5r att de inte gjort tillr\u00e4ckligt f\u00f6r att s\u00e4kerst\u00e4lla att villkoren efterlevs.<\/p>\n<p>&#8221;Det \u00e4r kaos&#8221;<\/p>\n<p class=\"text\">Nu m\u00e5ste de 250 deltagare som skulle forts\u00e4tta sina folkh\u00f6gskolestudier p\u00e5 skolan efter \u00e5rsskiftet s\u00f6ka sig till andra folkh\u00f6gskolor. De \u00f6vriga 250 eleverna som l\u00e4st SFI p\u00e5 skolan m\u00e5ste v\u00e4nda sig till sina hemkommuner.<\/p>\n<p class=\"text\">\u2013 Det k\u00e4nns inte ansvarsfullt att de inte tar h\u00e4nsyn till att det \u00e4r mitt i ett l\u00e4s\u00e5r och att vi i princip inte f\u00e5r n\u00e5gon tid alls p\u00e5 oss att hitta nya studieplatser, s\u00e4ger en deltagare.<\/p>\n<p class=\"text\">Under torsdagsf\u00f6rmiddagen delade skolledningen ut en lista p\u00e5 vilka skolor som har lediga platser som ska g\u00e5 att s\u00f6ka.<\/p>\n<p class=\"text\">\u2013 Men n\u00e4r man ringer dit s\u00e4ger de att de har fullt. Det \u00e4r kaos. En del har \u00e5kt fysiskt till Sundbybergs folkh\u00f6gskola, som s\u00e4gs ska ha plats, f\u00f6r att garantera att de kan g\u00e5 d\u00e4r n\u00e4sta \u00e5r, s\u00e4ger en deltagare.<\/p>\n<p class=\"text\">M\u00e5nga ska vara f\u00f6rtvivlade. <\/p>\n<p class=\"text\">\u2013 Det \u00e4r flera som har det h\u00e4r som sin enda syssels\u00e4ttning. En kvinna gr\u00e5ter, hon g\u00e5r p\u00e5 CSN, har barn och vet inte hur hon ska f\u00f6rs\u00f6rja sig n\u00e4sta \u00e5r om hon inte f\u00e5r en ny plats n\u00e5gonstans, s\u00e4ger deltagaren. <\/p>\n<p>Kr\u00e4vs mycket<\/p>\n<p class=\"text\">Folkbildningsr\u00e5det meddelar att de arbetar f\u00f6r att hitta l\u00f6sningar s\u00e5 att deltagarna ska kunna fullf\u00f6lja sina studier. <\/p>\n<p class=\"text\">\u2013 Vi r\u00e4knar med att alla deltagare kommer att ha en plats n\u00e4r v\u00e5rterminen startar. De folkh\u00f6gskolor som tar emot deltagare fr\u00e5n Kista folkh\u00f6gskola kommer att f\u00e5 resurser f\u00f6r det ut\u00f6ver sitt ordinarie statsbidrag under som l\u00e4ngst tre terminer, s\u00e4ger Jan Jonsson.<\/p>\n<p class=\"text\">Mitt i har s\u00f6kt Kista folkh\u00f6gskola, som valt att inte uttala sig i nul\u00e4get. <\/p>\n","protected":false},"excerpt":{"rendered":"P\u00e5 torsdagsf\u00f6rmiddagen informerade rektorn p\u00e5 Kista folkh\u00f6gskola om att Folkbildningsr\u00e5det valt att dra in statsbidraget till skolan, n\u00e5got&hellip;\n","protected":false},"author":2,"featured_media":103075,"comment_status":"","ping_status":"","sticky":false,"template":"","format":"standard","meta":{"footnotes":""},"categories":[5],"tags":[22,23,26,27,17,21,24,25,28,29,15,16,18,34,31,33,32,30,19,20],"class_list":{"0":"post-103074","1":"post","2":"type-post","3":"status-publish","4":"format-standard","5":"has-post-thumbnail","7":"category-rubriker","8":"tag-breaking-news","9":"tag-breakingnews","10":"tag-featured-news","11":"tag-featurednews","12":"tag-headlines","13":"tag-huvudnyheter","14":"tag-latest-news","15":"tag-latestnews","16":"tag-main-news","17":"tag-mainnews","18":"tag-news","19":"tag-nyheter","20":"tag-rubriker","21":"tag-se","22":"tag-svenska","23":"tag-sverige","24":"tag-sweden","25":"tag-swedish","26":"tag-top-stories","27":"tag-topstories"},"share_on_mastodon":{"url":"https:\/\/pubeurope.com\/@se\/115701995489835866","error":""},"_links":{"self":[{"href":"https:\/\/www.europesays.com\/se\/wp-json\/wp\/v2\/posts\/103074","targetHints":{"allow":["GET"]}}],"collection":[{"href":"https:\/\/www.europesays.com\/se\/wp-json\/wp\/v2\/posts"}],"about":[{"href":"https:\/\/www.europesays.com\/se\/wp-json\/wp\/v2\/types\/post"}],"author":[{"embeddable":true,"href":"https:\/\/www.europesays.com\/se\/wp-json\/wp\/v2\/users\/2"}],"replies":[{"embeddable":true,"href":"https:\/\/www.europesays.com\/se\/wp-json\/wp\/v2\/comments?post=103074"}],"version-history":[{"count":0,"href":"https:\/\/www.europesays.com\/se\/wp-json\/wp\/v2\/posts\/103074\/revisions"}],"wp:featuredmedia":[{"embeddable":true,"href":"https:\/\/www.europesays.com\/se\/wp-json\/wp\/v2\/media\/103075"}],"wp:attachment":[{"href":"https:\/\/www.europesays.com\/se\/wp-json\/wp\/v2\/media?parent=103074"}],"wp:term":[{"taxonomy":"category","embeddable":true,"href":"https:\/\/www.europesays.com\/se\/wp-json\/wp\/v2\/categories?post=103074"},{"taxonomy":"post_tag","embeddable":true,"href":"https:\/\/www.europesays.com\/se\/wp-json\/wp\/v2\/tags?post=103074"}],"curies":[{"name":"wp","href":"https:\/\/api.w.org\/{rel}","templated":true}]}}