{"id":103080,"date":"2025-12-11T17:05:23","date_gmt":"2025-12-11T17:05:23","guid":{"rendered":"https:\/\/www.europesays.com\/se\/103080\/"},"modified":"2025-12-11T17:05:23","modified_gmt":"2025-12-11T17:05:23","slug":"sjukdomsfall-lag-bakom-sparvagnsolyckan-i-goteborg-expressen","status":"publish","type":"post","link":"https:\/\/www.europesays.com\/se\/103080\/","title":{"rendered":"Sjukdomsfall l\u00e5g bakom sp\u00e5rvagnsolyckan i G\u00f6teborg &#8211; Expressen"},"content":{"rendered":"<ol>\n<li><a href=\"https:\/\/news.google.com\/rss\/articles\/CBMilwFBVV95cUxQS0hnRUlvclBfYkI4aFpSQWtmWnZhNC0zNzFCa1MtMDF0amlzSzZvcTY0cklIVVpiSktuOVFfV1VDbHl2NExOeWQtZFNBNkhLMEhtbTZpWUg0QVQ5b2dyR0hnbjNhUjdCMkRUMXBhZHNiMXNNcjRoN1Myd09Gc0RzaGltNjlpX1kySmdDVGNiM1VoUmxUZkNZ?oc=5\" target=\"_blank\" rel=\"nofollow noopener\">Sjukdomsfall l\u00e5g bakom sp\u00e5rvagnsolyckan i G\u00f6teborg<\/a>&nbsp;&nbsp;Expressen<\/li>\n<li><a href=\"https:\/\/news.google.com\/rss\/articles\/CBMikwFBVV95cUxNQV9BaEZNbXdTNGFUckthYVRfYWtHTEc1c2h2eGJSckJCZnNtRHBUREJCZHVoMFRHdnROM1ZhWno1b3VyRDBockxSb2piSWJ4b0taaUd4Smo3MW1yYlhrSEUtNF9nV3o1Tl9SYjQwZXRFUVh3MG14ZUtMSXZGSFZOd3RmVlhvRWZNY2xVZkNnZmlwTFE?oc=5\" target=\"_blank\" rel=\"nofollow noopener\">Det orsakade sp\u00e5rvagnsolyckan p\u00e5 Avenyn i G\u00f6teborg<\/a>&nbsp;&nbsp;SVT Nyheter<\/li>\n<li><a href=\"https:\/\/news.google.com\/rss\/articles\/CBMitwFBVV95cUxPOWhienF1dVdhYUlxZXg2WXZkYkhyS05OZ2RqRHpYbEtPbE42SjB5OVpaYmhZSXlWVE85TzJNYllVZ1MzamloVlkwY09CbXRENUUxSlhPN2FMbXRsb0xhLVVfZ3hFMGl6S1pFd2xpVk9PNGEtSHRXSHhNMHFnVFNlVE9UcHNrQTloMXZhZ01ZSHB0ME9TM0lzQWw1c0dnRjVlWmQtZHlrOG50ZFltZnZEN0toNE9fLVk?oc=5\" target=\"_blank\" rel=\"nofollow noopener\">Sjukdomsfall bakom sp\u00e5rvagnsolycka p\u00e5 Avenyn<\/a>&nbsp;&nbsp;GP<\/li>\n<li><a href=\"https:\/\/news.google.com\/rss\/articles\/CBMikwFBVV95cUxQM1ZlY1dNZjZ0cUhsbWN2a1pqbjh3bjNaWFhTTU5sODNsVEs3YUlBa2pnY0hCVi1Fc2Vsb2ZoQVMxbUFfWXJFZmJJQXNsWWFZOWpnWmNicUZqNWc3ZXlmbnJqTmdNUTRfakRkMHoyYU16U3BlMmdJb29nLXRQMGw0YS1lSXVSLUVKRkZhQWg2S0xfZk0?oc=5\" target=\"_blank\" rel=\"nofollow noopener\">\u201dD\u00f6d mans grepp\u201d kan byggas om efter sp\u00e5rvagnskraschen<\/a>&nbsp;&nbsp;Sveriges Radio<\/li>\n<li><a href=\"https:\/\/news.google.com\/rss\/articles\/CBMikwFBVV95cUxORUZWVTZBQjhWUlZYUDdQRDFzcGhscTMwMDc4bnNhb0lYQ0c2YXFEalpmcGFnT0pQVzhhT3dwQnNpcWdtXzFDWHdYTU9rV1Bxa0VTZlpmQlNnVHBucTR4NUxEcVJoaC04SlFubHppQ2tqM2JyRzlHTXAxN095Q1pHNWlQTHBQaElHTXFrcHBYUjJGeFE?oc=5\" target=\"_blank\" rel=\"nofollow noopener\">Sjukdomsfall bakom allvarliga sp\u00e5rvagnsolyckan<\/a>&nbsp;&nbsp;Aftonbladet<\/li>\n<\/ol>\n","protected":false},"excerpt":{"rendered":"Sjukdomsfall l\u00e5g bakom sp\u00e5rvagnsolyckan i G\u00f6teborg&nbsp;&nbsp;Expressen Det orsakade sp\u00e5rvagnsolyckan p\u00e5 Avenyn i G\u00f6teborg&nbsp;&nbsp;SVT Nyheter Sjukdomsfall bakom sp\u00e5rvagnsolycka p\u00e5&hellip;\n","protected":false},"author":2,"featured_media":39,"comment_status":"","ping_status":"","sticky":false,"template":"","format":"standard","meta":{"footnotes":""},"categories":[5],"tags":[22,23,26,27,35,17,21,24,25,28,29,15,16,18,34,31,33,32,30,19,20],"class_list":{"0":"post-103080","1":"post","2":"type-post","3":"status-publish","4":"format-standard","5":"has-post-thumbnail","7":"category-rubriker","8":"tag-breaking-news","9":"tag-breakingnews","10":"tag-featured-news","11":"tag-featurednews","12":"tag-function-ta-bort-ai-rost","13":"tag-headlines","14":"tag-huvudnyheter","15":"tag-latest-news","16":"tag-latestnews","17":"tag-main-news","18":"tag-mainnews","19":"tag-news","20":"tag-nyheter","21":"tag-rubriker","22":"tag-se","23":"tag-svenska","24":"tag-sverige","25":"tag-sweden","26":"tag-swedish","27":"tag-top-stories","28":"tag-topstories"},"share_on_mastodon":{"url":"https:\/\/pubeurope.com\/@se\/115702026973802999","error":""},"_links":{"self":[{"href":"https:\/\/www.europesays.com\/se\/wp-json\/wp\/v2\/posts\/103080","targetHints":{"allow":["GET"]}}],"collection":[{"href":"https:\/\/www.europesays.com\/se\/wp-json\/wp\/v2\/posts"}],"about":[{"href":"https:\/\/www.europesays.com\/se\/wp-json\/wp\/v2\/types\/post"}],"author":[{"embeddable":true,"href":"https:\/\/www.europesays.com\/se\/wp-json\/wp\/v2\/users\/2"}],"replies":[{"embeddable":true,"href":"https:\/\/www.europesays.com\/se\/wp-json\/wp\/v2\/comments?post=103080"}],"version-history":[{"count":0,"href":"https:\/\/www.europesays.com\/se\/wp-json\/wp\/v2\/posts\/103080\/revisions"}],"wp:featuredmedia":[{"embeddable":true,"href":"https:\/\/www.europesays.com\/se\/wp-json\/wp\/v2\/media\/39"}],"wp:attachment":[{"href":"https:\/\/www.europesays.com\/se\/wp-json\/wp\/v2\/media?parent=103080"}],"wp:term":[{"taxonomy":"category","embeddable":true,"href":"https:\/\/www.europesays.com\/se\/wp-json\/wp\/v2\/categories?post=103080"},{"taxonomy":"post_tag","embeddable":true,"href":"https:\/\/www.europesays.com\/se\/wp-json\/wp\/v2\/tags?post=103080"}],"curies":[{"name":"wp","href":"https:\/\/api.w.org\/{rel}","templated":true}]}}