{"id":103081,"date":"2025-12-11T17:16:12","date_gmt":"2025-12-11T17:16:12","guid":{"rendered":"https:\/\/www.europesays.com\/se\/103081\/"},"modified":"2025-12-11T17:16:12","modified_gmt":"2025-12-11T17:16:12","slug":"usa-ar-mer-an-trump-medborgarna-star-pa-europas-sida-mot-putin","status":"publish","type":"post","link":"https:\/\/www.europesays.com\/se\/103081\/","title":{"rendered":"USA \u00e4r mer \u00e4n Trump \u2013 medborgarna st\u00e5r p\u00e5 Europas sida mot Putin"},"content":{"rendered":"<p>Mats Larsson<\/p>\n<p>Publicerad 11 dec 2025 kl 17.12Uppdaterad kl 17.33<\/p>\n<p>Det har varit en k\u00e4mpig vecka f\u00f6r Europa efter publiceringen av USA:s nya s\u00e4kerhetsstrategi.<\/p>\n<p>S\u00e5 h\u00e4r \u00e4r lite goda nyheter.<\/p>\n<p>Det amerikanska folket \u00e4r fortfarande v\u00e5ra allierade.<\/p>\n<p>Trumps toaproblem mitt under intervjun<\/p>\n<p>Detta \u00e4r en kommenterande text. Analys och st\u00e4llningstaganden \u00e4r skribentens.<\/p>\n<p><img   alt=\"\"\/><\/p>\n<p>En amerikansk soldat vid en Nato-\u00f6vning i Polen.<\/p>\n<p>Foto: NURPHOTO\/IBL<\/p>\n<p>\u00d6ppna bild i helsk\u00e4rm<img   alt=\"\"\/>Mats Larsson<\/p>\n<p>Det var l\u00e4nge sedan publiceringen av USA:s nationella s\u00e4kerhetsstrategi f\u00e5tt s\u00e5 mycket uppm\u00e4rksamhet som den som Vita huset offentliggjorde i f\u00f6rra veckan.<\/p>\n<p>Inte s\u00e5 undra p\u00e5. Inte ett ord av f\u00f6rd\u00f6mande av Rysslands invasion av Ukraina, desto fler hotfulla ord om Europas framtid.<\/p>\n<p>Dokumentet s\u00e4ger ocks\u00e5 rakt ut att USA inte l\u00e4ngre \u00e4r intresserat av att spela rollen som Atlas, och b\u00e4ra v\u00e4rlden p\u00e5 sina axlar. Allts\u00e5 inte l\u00e4ngre ha som ambition att vara en global ledare.<\/p>\n<p><strong>Det \u00e4r en ny inriktning som passar amerikanska isolationister. USA:s vicepresident JD Vance \u00e4r en av dem.<\/strong><\/p>\n<p><strong>Men det verkar inte som om Donald Trump &amp; Co har de amerikanska v\u00e4ljarna med sig, inte ens de republikanska v\u00e4ljarna.<\/strong><\/p>\n<p>Varje \u00e5r samlas ledande amerikanska politiker, milit\u00e4rer och experter p\u00e5 s\u00e4kerhetspolitik vid Ronald Reagans presidentbibliotek i Kalifornien. I samband med den genomf\u00f6rs ocks\u00e5 en opinionsunders\u00f6kning bland 2\u00a0500 amerikaner vad de anser om USA:s utrikes- och s\u00e4kerhetspolitik.<\/p>\n<p><img loading=\"lazy\"   alt=\"\"\/><\/p>\n<p>President Donald Trump i m\u00f6te med n\u00e5gra av Europas ledare i Vita huset i augusti.<\/p>\n<p>Foto: POLARIS IMAGES<\/p>\n<p>\u00d6ppna bild i helsk\u00e4rm<\/p>\n<p>Och svaren i den senaste \u2013 genomf\u00f6rd i november \u2013 borde ge oss europ\u00e9er lite hopp. Och ukrainarna ocks\u00e5.<\/p>\n<p>L\u00e5t oss b\u00f6rja med Nato. 68 procent av amerikanerna har en positiv syn p\u00e5 f\u00f6rsvarsalliansen, det \u00e4r faktiskt en uppg\u00e5ng med sex procentenheter fr\u00e5n den m\u00e4tning som gjordes i fjol.<\/p>\n<p>Och \u00e4n fler \u2013 76 procent, tre av fyra \u2013 anser att USA ska anv\u00e4nda milit\u00e4r makt f\u00f6r att f\u00f6rsvara en Nato-allierad som blir attackerad. Siffran \u00e4r ungef\u00e4r lika h\u00f6g bland s\u00e5v\u00e4l republikanska som demokratiska v\u00e4ljare.<\/p>\n<p>Bara 34 procent st\u00f6djer att USA borde l\u00e4mna Nato, och antalet minskar \u00e4n mer n\u00e4r de tillfr\u00e5gade blir informerade om att USA:s Nato-allierade nu \u00f6kar sina milit\u00e4ra utgifter.<\/p>\n<p>President <a href=\"https:\/\/www.expressen.se\/tagg\/person\/donald-trump\/\" class=\"\" rel=\"nofollow noopener\" target=\"_blank\">Donald Trump<\/a> har den senaste tiden \u00e5ter intensifierat pressen p\u00e5 Ukrainas Volodymyr Zelenskyj och tycks \u00e5ter anse honom vara ett st\u00f6rre hinder f\u00f6r fred \u00e4n Vladimir Putin.<\/p>\n<p>I den av USA ledda fredsplan som diskuteras talas det om att Ukraina ska tvingas ge upp territorium som Ryssland inte er\u00f6vrat. Men bara 23 procent av amerikanerna anser att det \u00e4r en bra id\u00e9. 45 procent st\u00f6der i st\u00e4llet att Ukraina \u00e5tertar all mark som ryssarna ockuperar och 22 procent vill ha en vapenvila d\u00e4r fronten nu g\u00e5r.<\/p>\n<blockquote><p>Och nej, amerikanerna litar inte p\u00e5 Putin<\/p><\/blockquote>\n<p>Och ja, 62 procent av amerikanerna vill att Ukraina vinner detta krig (57 procent av republikanerna, 72 procent av demokraterna).<\/p>\n<p>De \u00e4r \u00e4ven beredda att ge mer milit\u00e4r hj\u00e4lp. 65 procent anser exempelvis att Ukraina b\u00f6r f\u00e5 amerikanska kryssningsrobotar av typen Tomahawk.<\/p>\n<p><strong>En nyckelfr\u00e5ga f\u00f6r Ukraina \u00e4r starka s\u00e4kerhetsgarantier s\u00e5 att Ryssland inte g\u00e5r till nytt anfall om n\u00e5gra \u00e5r. Det talas om en l\u00f6sning liknande Natos artikel 5, det vill s\u00e4ga att Ukraina garanteras hj\u00e4lp av v\u00e4st om Putin sviker sitt ord.<\/strong><\/p>\n<p>Annons<\/p>\n<p><strong>Hela 74 procent av amerikanerna st\u00f6der en s\u00e5dan tanke, 73 procent av republikanerna g\u00f6r det, 79 procent av demokraterna.\u00a0<\/strong><\/p>\n<p>Det \u00e4r s\u00e4llan amerikanerna \u00e4r ense om n\u00e5got. Men n\u00e4r det g\u00e4ller Nato och Ukraina s\u00e5 finns en enighet \u00f6ver partigr\u00e4nserna.<\/p>\n<p>Och nej, amerikanerna litar inte p\u00e5 Putin. 70 procent s\u00e4ger att de inte tror att Ryssland kommer att respektera villkoren vid ett fredsavtal.<\/p>\n<p>P\u00e5 fr\u00e5gan vilket land som utg\u00f6r det st\u00f6rsta hotet mot USA s\u00e5 kommer Kina p\u00e5 f\u00f6rsta plats. N\u00e4stan h\u00e4lften placerar Kina d\u00e4r. Men Ryssland och Vladimir Putin ses heller definitivt inte som n\u00e5gon v\u00e4n. 26 procent ser Ryssland som det st\u00f6rsta hotet.<\/p>\n<p>Och de tillfr\u00e5gade gillar inte tanken som genomsyrar den nya s\u00e4kerhetsstrategin att USA inte l\u00e4nge ska ta ledningen och vara engagerad globalt. I st\u00e4llet anser 64 procent att det \u00e4r precis den roll USA ska forts\u00e4tta spela. 33 procent vill ha ett mindre ambiti\u00f6st USA som mer reagerar p\u00e5 h\u00e4ndelser.<\/p>\n<blockquote><p>Republikanerna riskerar ett tungt val n\u00e4sta \u00e5r om inte siffrorna v\u00e4nder<\/p><\/blockquote>\n<p>S\u00e5 nej, n\u00e5got st\u00f6rre st\u00f6d verkar inte Trump ha bland v\u00e4ljarna f\u00f6r sin nya s\u00e4kerhetspolitik. Det \u00e4r dock en fr\u00e5ga som s\u00e4llan ligger i topp n\u00e4r amerikanerna sedan g\u00e5r till val.<\/p>\n<p>Ekonomin trumfar i regel, speciellt om den g\u00e5r d\u00e5ligt eller om inflationen \u00e4r h\u00f6g. Trump har inte mycket att tr\u00f6sta sig \u00f6ver d\u00e4r heller f\u00f6r tillf\u00e4llet.<\/p>\n<p>Nej, Trumps namn kommer inte att finnas p\u00e5 n\u00e5gon ny valsedel, men republikanerna riskerar ett tungt val n\u00e4sta \u00e5r om inte siffrorna v\u00e4nder.<\/p>\n<p>En d\u00e5lig fred f\u00f6r Ukraina, ett \u00f6kat inflytande f\u00f6r Ryssland, l\u00e4r dock \u00f6ka sannolikheten f\u00f6r att Trump ser sin makt begr\u00e4nsad efter kongressvalet i november n\u00e4sta \u00e5r.<\/p>\n<p>Trump borde nog l\u00e4sa m\u00e4tningen.\u00a0<\/p>\n<p><img alt=\"\"\/>Ljudklippet gick inte att spela upp<\/p>\n<p>F\u00f6rs\u00f6k igen senare<\/p>\n","protected":false},"excerpt":{"rendered":"Mats Larsson Publicerad 11 dec 2025 kl 17.12Uppdaterad kl 17.33 Det har varit en k\u00e4mpig vecka f\u00f6r Europa&hellip;\n","protected":false},"author":2,"featured_media":103082,"comment_status":"","ping_status":"","sticky":false,"template":"","format":"standard","meta":{"footnotes":""},"categories":[5],"tags":[22,23,26,27,17,21,24,25,202,45,28,29,15,16,1401,198,18,34,1492,31,33,32,30,19,60,781,20],"class_list":{"0":"post-103081","1":"post","2":"type-post","3":"status-publish","4":"format-standard","5":"has-post-thumbnail","7":"category-rubriker","8":"tag-breaking-news","9":"tag-breakingnews","10":"tag-featured-news","11":"tag-featurednews","12":"tag-headlines","13":"tag-huvudnyheter","14":"tag-latest-news","15":"tag-latestnews","16":"tag-location-ukraina","17":"tag-location-usa","18":"tag-main-news","19":"tag-mainnews","20":"tag-news","21":"tag-nyheter","22":"tag-organization-nato","23":"tag-person-donald-trump","24":"tag-rubriker","25":"tag-se","26":"tag-sections-matslarsson","27":"tag-svenska","28":"tag-sverige","29":"tag-sweden","30":"tag-swedish","31":"tag-top-stories","32":"tag-topic-krig-konflikt","33":"tag-topic-utrikespolitik","34":"tag-topstories"},"share_on_mastodon":{"url":"https:\/\/pubeurope.com\/@se\/115702070266684434","error":""},"_links":{"self":[{"href":"https:\/\/www.europesays.com\/se\/wp-json\/wp\/v2\/posts\/103081","targetHints":{"allow":["GET"]}}],"collection":[{"href":"https:\/\/www.europesays.com\/se\/wp-json\/wp\/v2\/posts"}],"about":[{"href":"https:\/\/www.europesays.com\/se\/wp-json\/wp\/v2\/types\/post"}],"author":[{"embeddable":true,"href":"https:\/\/www.europesays.com\/se\/wp-json\/wp\/v2\/users\/2"}],"replies":[{"embeddable":true,"href":"https:\/\/www.europesays.com\/se\/wp-json\/wp\/v2\/comments?post=103081"}],"version-history":[{"count":0,"href":"https:\/\/www.europesays.com\/se\/wp-json\/wp\/v2\/posts\/103081\/revisions"}],"wp:featuredmedia":[{"embeddable":true,"href":"https:\/\/www.europesays.com\/se\/wp-json\/wp\/v2\/media\/103082"}],"wp:attachment":[{"href":"https:\/\/www.europesays.com\/se\/wp-json\/wp\/v2\/media?parent=103081"}],"wp:term":[{"taxonomy":"category","embeddable":true,"href":"https:\/\/www.europesays.com\/se\/wp-json\/wp\/v2\/categories?post=103081"},{"taxonomy":"post_tag","embeddable":true,"href":"https:\/\/www.europesays.com\/se\/wp-json\/wp\/v2\/tags?post=103081"}],"curies":[{"name":"wp","href":"https:\/\/api.w.org\/{rel}","templated":true}]}}