{"id":103083,"date":"2025-12-11T17:17:08","date_gmt":"2025-12-11T17:17:08","guid":{"rendered":"https:\/\/www.europesays.com\/se\/103083\/"},"modified":"2025-12-11T17:17:08","modified_gmt":"2025-12-11T17:17:08","slug":"att-dolja-autistiska-drag-kan-ge-biologiska-stressreaktioner-2","status":"publish","type":"post","link":"https:\/\/www.europesays.com\/se\/103083\/","title":{"rendered":"Att d\u00f6lja autistiska drag kan ge biologiska stressreaktioner"},"content":{"rendered":"<p>M\u00e5nga autistiska personer beskriver att de f\u00f6rs\u00f6ker d\u00f6lja sina autistiska drag i sociala situationer. Men detta, som ofta kallas kamouflering, kan vara kopplat till l\u00e5ngvarig biologisk stress. Det framg\u00e5r en studie fr\u00e5n Karolinska Institutet.<\/p>\n<p>M\u00e5nga autistiska m\u00e4nniskor beskriver att de f\u00f6rs\u00f6ker att d\u00f6lja sina autistiska drag i sociala sammanhang f\u00f6r att inte verka annorlunda. En del tvingar sig sj\u00e4lva att ha \u00f6gonkontakt med andra, \u00e4ven om \u00f6gonkontakten ger obehag. Andra kan ha en rad strategier i huvudet inf\u00f6r sm\u00e5prat.<\/p>\n<p>\u2013 En del beskriver att de n\u00e4stan har ett manus i hj\u00e4rnan. Om n\u00e5gon s\u00e4ger en sak b\u00f6r jag svara p\u00e5 ett visst s\u00e4tt, om n\u00e5gon fr\u00e5gar si ska jag svara s\u00e5. Upplevelsen blir ibland att man st\u00e4ndigt \u00e4r i ett sk\u00e5despel, s\u00e4ger Karl Lundin Remn\u00e9lius, forskare i psykologi vid bland annat Karolinska Institutet.<\/p>\n<p>L\u00e4gger band p\u00e5 sig<\/p>\n<p>Andra strategier kan vara att f\u00f6rs\u00f6ka imitera andra som man tycker verkar vara socialt framg\u00e5ngsrika, eller att l\u00e4gga band p\u00e5 egna repetitiva r\u00f6relser, \u00e4ven kallat stimmande. En del autister upplever att vissa repetitiva beteenden, till exempel att g\u00f6ra r\u00f6relser med h\u00e4nder eller f\u00f6tter, lugnar nervsystemet vid starka k\u00e4nslor eller starka sensoriska intryck. I sociala sammanhang kan de dock anstr\u00e4nga sig f\u00f6r att h\u00e5lla tillbaka r\u00f6relserna, utifr\u00e5n en \u00f6nskan om att passa in.<\/p>\n<p>\u2013 M\u00e5nga autistiska personer beskriver att det \u00e4r utmattande att f\u00f6rs\u00f6ka d\u00f6lja sin autism, s\u00e4ger Karl Lundin Remn\u00e9lius.<\/p>\n<p>Att d\u00f6lja drag som h\u00e4nger ihop med exempelvis autism eller adhd kallas ibland f\u00f6r kamouflering. I en ny studie har Karl Lundin Remn\u00e9lius och forskarkollegor unders\u00f6kt hur kamouflering av autistiska drag kan h\u00e4nga ihop med stresshormonet kortisol.<\/p>\n<p>Koppling till kortisol<\/p>\n<p>Studien har gjorts vid <a href=\"https:\/\/ki.se\/kind\" rel=\"nofollow noopener\" target=\"_blank\">KIND<\/a>, Center of Neurodevelopmental Disorders at Karolinska Institutet.<\/p>\n<p>Av studien framg\u00e5r att personer som kamouflerar mer har h\u00f6gre niv\u00e5er av stresshormonet kortisol, generellt.<\/p>\n<p>\u2013 Det h\u00e4r \u00e4r den f\u00f6rsta studien som anv\u00e4nder ett biologiskt m\u00e5tt f\u00f6r att unders\u00f6ka potentiella konsekvenser av kamouflering. Det \u00e4r ett viktigt steg mot att f\u00f6rst\u00e5 hur detta h\u00e4nger ihop med psykisk och fysisk h\u00e4lsa, s\u00e4ger Karl Lundin Remn\u00e9lius.<\/p>\n<p>Inga tv\u00e4rs\u00e4kra resultat<\/p>\n<p>Resultaten \u00e4r dock inte entydiga. Det g\u00e5r inte att utesluta att kamouflering \u00e4ven skulle kunna bidra till s\u00e4nkta stressniv\u00e5er hos en del m\u00e4nniskor, s\u00e4ger Karl Lundin Remn\u00e9lius.<\/p>\n<p>\u2013 Man skulle d\u00e5 kunna t\u00e4nka sig att de h\u00e4r strategierna fungerar som ett slags \u201dskydd\u201d mot yttre stressfaktorer, som mobbning.<\/p>\n<p>Dock tycks det vara r\u00e4tt troligt att kamouflering har n\u00e5got slags koppling till l\u00e5ngvarig stress, s\u00e4ger Karl Lundin Remn\u00e9lius.<\/p>\n<p>\u2013 Att vi ser resultat med ett biologiskt m\u00e5tt p\u00e5 stress st\u00e4mmer delvis \u00f6verens med de erfarenheter som autistiska personer har beskrivit. Men vi beh\u00f6ver fler studier f\u00f6r att f\u00f6rst\u00e5 sambandet b\u00e4ttre.<\/p>\n<p>Genetik kan spela in<\/p>\n<p>Det kan ocks\u00e5 finnas hittills ok\u00e4nda genetiska skillnader som avg\u00f6r hur man p\u00e5verkas, enligt forskarna.<\/p>\n<p>\u2013 Det kan finnas gener som g\u00f6r m\u00e4nniskor mer eller mindre k\u00e4nsliga f\u00f6r stress i den h\u00e4r typen av situationer, s\u00e4ger Karl Lundin Remn\u00e9lius.<\/p>\n<p><strong>Om kamouflering kan ge upphov till stress, varf\u00f6r blir det s\u00e5?<\/strong><\/p>\n<p>\u2013 Sannolikt handlar det om att det tar mycket energi och fokus i stunden att f\u00f6rs\u00f6ka uppf\u00f6ra sig p\u00e5 s\u00e4tt som f\u00f6r icke-autistiska personer kommer n\u00e4rmast per automatik. Det blir en h\u00f6g belastning p\u00e5 arbetsminne och andra kognitiva f\u00f6rm\u00e5gor att hela tiden f\u00f6rs\u00f6ka komma ih\u00e5g vad man tror att man b\u00f6r s\u00e4ga eller g\u00f6ra \u2013 samtidigt som man f\u00f6rs\u00f6ker att lyssna p\u00e5 vad andra s\u00e4ger. M\u00e5nga k\u00e4nner sig urlakade efter\u00e5t. Det kostar energi.<\/p>\n<p><strong>Vad \u00e4r n\u00e4sta steg i forskningen?<\/strong><\/p>\n<p>\u2013 F\u00f6r att b\u00e4ttre f\u00f6rst\u00e5 om kamouflering har en p\u00e5verkan p\u00e5 kortisolniv\u00e5er beh\u00f6vs forskning som f\u00f6ljer en grupp \u00f6ver tid. Dessutom beh\u00f6vs mer kunskap om hur liknande beteenden ser ut inom andra tillst\u00e5nd, som adhd och intellektuell funktionsneds\u00e4ttning.<\/p>\n<p>Vetenskaplig artikel:<\/p>\n<p><a href=\"https:\/\/doi.org\/10.1186\/s13229-025-00695-9\" rel=\"nofollow noopener\" target=\"_blank\">The impact of camouflaging autistic traits on psychological and physiological stress: a co-twin control study<\/a>, Molecular Autism.<\/p>\n<p>Text: Lisen Forsberg, forskning.se.<\/p>\n","protected":false},"excerpt":{"rendered":"M\u00e5nga autistiska personer beskriver att de f\u00f6rs\u00f6ker d\u00f6lja sina autistiska drag i sociala situationer. Men detta, som ofta&hellip;\n","protected":false},"author":2,"featured_media":103084,"comment_status":"","ping_status":"","sticky":false,"template":"","format":"standard","meta":{"footnotes":""},"categories":[69],"tags":[113,112,11702,34,31,33,32,30],"class_list":{"0":"post-103083","1":"post","2":"type-post","3":"status-publish","4":"format-standard","5":"has-post-thumbnail","7":"category-halsa","8":"tag-halsa","9":"tag-health","10":"tag-redaktionellt","11":"tag-se","12":"tag-svenska","13":"tag-sverige","14":"tag-sweden","15":"tag-swedish"},"share_on_mastodon":{"url":"https:\/\/pubeurope.com\/@se\/115702074159540651","error":""},"_links":{"self":[{"href":"https:\/\/www.europesays.com\/se\/wp-json\/wp\/v2\/posts\/103083","targetHints":{"allow":["GET"]}}],"collection":[{"href":"https:\/\/www.europesays.com\/se\/wp-json\/wp\/v2\/posts"}],"about":[{"href":"https:\/\/www.europesays.com\/se\/wp-json\/wp\/v2\/types\/post"}],"author":[{"embeddable":true,"href":"https:\/\/www.europesays.com\/se\/wp-json\/wp\/v2\/users\/2"}],"replies":[{"embeddable":true,"href":"https:\/\/www.europesays.com\/se\/wp-json\/wp\/v2\/comments?post=103083"}],"version-history":[{"count":0,"href":"https:\/\/www.europesays.com\/se\/wp-json\/wp\/v2\/posts\/103083\/revisions"}],"wp:featuredmedia":[{"embeddable":true,"href":"https:\/\/www.europesays.com\/se\/wp-json\/wp\/v2\/media\/103084"}],"wp:attachment":[{"href":"https:\/\/www.europesays.com\/se\/wp-json\/wp\/v2\/media?parent=103083"}],"wp:term":[{"taxonomy":"category","embeddable":true,"href":"https:\/\/www.europesays.com\/se\/wp-json\/wp\/v2\/categories?post=103083"},{"taxonomy":"post_tag","embeddable":true,"href":"https:\/\/www.europesays.com\/se\/wp-json\/wp\/v2\/tags?post=103083"}],"curies":[{"name":"wp","href":"https:\/\/api.w.org\/{rel}","templated":true}]}}