{"id":103098,"date":"2025-12-11T17:43:08","date_gmt":"2025-12-11T17:43:08","guid":{"rendered":"https:\/\/www.europesays.com\/se\/103098\/"},"modified":"2025-12-11T17:43:08","modified_gmt":"2025-12-11T17:43:08","slug":"eurovision-vinnare-lamnar-tillbaka-statyetten-i-protest","status":"publish","type":"post","link":"https:\/\/www.europesays.com\/se\/103098\/","title":{"rendered":"Eurovision-vinnare l\u00e4mnar tillbaka statyetten i protest"},"content":{"rendered":"<p>Fjol\u00e5rets Eurovision-vinnare Nemo l\u00e4mnar tillbaka sin statyett i protest mot Israels deltagande n\u00e4sta \u00e5r, skriver hen p\u00e5 Instagram.<\/p>\n<p>Fr\u00e5gan om Israels deltagande har varit omdebatterad under h\u00f6sten.  I december r\u00f6stade Europeiska radio- och tv-unionen (EBU) igenom nya r\u00f6stningsregler och tog samtidigt beslut om att Israel till\u00e5ts delta i n\u00e4sta \u00e5rs t\u00e4vling. <\/p>\n<p>Den schweiziska artisten menar att Israels deltagande strider mot Eurovisions v\u00e4rderingar om \u201denighet\u201d och \u201dinkludering\u201d. Hen anser att EBU:s beslut visar p\u00e5 en \u201dtydlig konflikt mellan dessa ideal\u201d. <\/p>\n<p>\u201dD\u00e4rf\u00f6r har jag beslutat att skicka tillbaka min pokal till EBU:s huvudkontor i Gen\u00e8ve\u201d, skriver hen vidare. <\/p>\n<p>R\u00e4ttelse: I en pushnotis angavs fel pronomen f\u00f6r artisten.<\/p>\n<p>Omni \u00e4r politiskt obundna och oberoende. Vi str\u00e4var efter att ge fler perspektiv p\u00e5 nyheterna. Har du fr\u00e5gor eller synpunkter kring v\u00e5r rapportering? <a href=\"https:\/\/omni.se\/fjolarets-eurovision-vinnare-nemo-lamnar-tillbaka-statyetten\/a\/mailto:redaktion@omni.se\" class=\"ArticleActions_contactLink__W2F1M\" rel=\"nofollow noopener\" target=\"_blank\">Kontakta redaktionen<\/a><\/p>\n","protected":false},"excerpt":{"rendered":"Fjol\u00e5rets Eurovision-vinnare Nemo l\u00e4mnar tillbaka sin statyett i protest mot Israels deltagande n\u00e4sta \u00e5r, skriver hen p\u00e5 Instagram.&hellip;\n","protected":false},"author":2,"featured_media":103099,"comment_status":"","ping_status":"","sticky":false,"template":"","format":"standard","meta":{"footnotes":""},"categories":[67],"tags":[4153,104,3243,342,11703,34,31,33,32,30,105],"class_list":{"0":"post-103098","1":"post","2":"type-post","3":"status-publish","4":"format-standard","5":"has-post-thumbnail","7":"category-underhallning","8":"tag-ebu-europeiska-radio-och-tv-unionen","9":"tag-entertainment","10":"tag-eurovision-song-contest","11":"tag-israel","12":"tag-nemo-artist-fran-schweiz","13":"tag-se","14":"tag-svenska","15":"tag-sverige","16":"tag-sweden","17":"tag-swedish","18":"tag-underhallning"},"share_on_mastodon":{"url":"https:\/\/pubeurope.com\/@se\/115702176326315035","error":""},"_links":{"self":[{"href":"https:\/\/www.europesays.com\/se\/wp-json\/wp\/v2\/posts\/103098","targetHints":{"allow":["GET"]}}],"collection":[{"href":"https:\/\/www.europesays.com\/se\/wp-json\/wp\/v2\/posts"}],"about":[{"href":"https:\/\/www.europesays.com\/se\/wp-json\/wp\/v2\/types\/post"}],"author":[{"embeddable":true,"href":"https:\/\/www.europesays.com\/se\/wp-json\/wp\/v2\/users\/2"}],"replies":[{"embeddable":true,"href":"https:\/\/www.europesays.com\/se\/wp-json\/wp\/v2\/comments?post=103098"}],"version-history":[{"count":0,"href":"https:\/\/www.europesays.com\/se\/wp-json\/wp\/v2\/posts\/103098\/revisions"}],"wp:featuredmedia":[{"embeddable":true,"href":"https:\/\/www.europesays.com\/se\/wp-json\/wp\/v2\/media\/103099"}],"wp:attachment":[{"href":"https:\/\/www.europesays.com\/se\/wp-json\/wp\/v2\/media?parent=103098"}],"wp:term":[{"taxonomy":"category","embeddable":true,"href":"https:\/\/www.europesays.com\/se\/wp-json\/wp\/v2\/categories?post=103098"},{"taxonomy":"post_tag","embeddable":true,"href":"https:\/\/www.europesays.com\/se\/wp-json\/wp\/v2\/tags?post=103098"}],"curies":[{"name":"wp","href":"https:\/\/api.w.org\/{rel}","templated":true}]}}