{"id":103114,"date":"2025-12-11T18:01:07","date_gmt":"2025-12-11T18:01:07","guid":{"rendered":"https:\/\/www.europesays.com\/se\/103114\/"},"modified":"2025-12-11T18:01:07","modified_gmt":"2025-12-11T18:01:07","slug":"minnesbrist-gor-att-datorer-och-telefoner-riskerar-att-bli-dyrare","status":"publish","type":"post","link":"https:\/\/www.europesays.com\/se\/103114\/","title":{"rendered":"Minnesbrist g\u00f6r att\u00a0datorer, och telefoner riskerar att bli dyrare"},"content":{"rendered":"<p>Publicerad 11 dec 2025 kl 18.43<\/p>\n<p>Priserna p\u00e5 ram-minne har skjutit i h\u00f6jden, n\u00e5got som snart kan spilla \u00f6ver p\u00e5 konsumenterna.\u00a0<\/p>\n<p>Senaste avsnittet av B\u00f6rsmorgon.<img loading=\"lazy\"   alt=\"\"\/><\/p>\n<p>Dyrare ram-minne kan inneb\u00e4ra en prissm\u00e4ll f\u00f6r konsumenter.<\/p>\n<p>Foto: David Zalubowski \/ TT NYHETSBYR\u00c5N<\/p>\n<p>\u00d6ppna bild i helsk\u00e4rm<img loading=\"lazy\"   alt=\"\"\/> <\/p>\n<p>Foto: CLEMENS BILAN \/ EPA<\/p>\n<p>\u00d6ppna bild i helsk\u00e4rm<\/p>\n<p>Att RAM-priserna stuckit i v\u00e4g beror prim\u00e4rt p\u00e5 att flera tillverkare har valt att fokusera mer p\u00e5 minnen f\u00f6r datacenter och mindre p\u00e5 minnen f\u00f6r konsumentelektronik, n\u00e5got som i sin tur har en koppling till AI-boomen.\u00a0<\/p>\n<p>Och det h\u00e4r kan komma att f\u00e5 f\u00f6ljder f\u00f6r priset p\u00e5 konsumentelektronik, eftersom tillverkningskostnaderna \u00f6kat rej\u00e4lt. Analysf\u00f6retaget Trendforce uppskattar till exempel att det redan har blivit mellan 8 och 10 procent dyrare att tillverka telefoner till f\u00f6ljd av situationen, skriver <a href=\"https:\/\/edition.cnn.com\/2025\/12\/05\/tech\/memory-shortage-phone-computer-prices\" rel=\"nofollow noopener\" target=\"_blank\">CNN<\/a>.\u00a0<\/p>\n<p>\u00d6kade med 220 procent<\/p>\n<p>I Sverige har priserna p\u00e5 ram-minne \u00f6kat med 220 procent under de tre senaste m\u00e5naderna. Det visar siffror fr\u00e5n <a href=\"https:\/\/www.expressen.se\/tagg\/organization\/prisjakt\/\" class=\"\" rel=\"nofollow noopener\" target=\"_blank\">Prisjakt<\/a>.\u00a0<\/p>\n<p>\u2013 Det \u00e4r ovanligt att en s\u00e5 stor andel av priserna \u00f6kar s\u00e5 kraftigt. Tillverkarna hinner inte m\u00f6ta efterfr\u00e5gan fr\u00e5n b\u00e5de f\u00f6retag och konsumenter, s\u00e4ger Isabella Ahmadi, konsumentexpert p\u00e5 Prisjakt.<\/p>\n<p>Ett konkret exempel \u00e4r det popul\u00e4ra ram-minne Corsair Vengeance DDR5 2x16GB, som s\u00e5 sent som i september kostade 1\u00a0049 kronor. Nu \u00e4r det l\u00e4gsta priset hos Prisjakt 4\u00a0490 kronor, s\u00e5 d\u00e4r ligger \u00f6kningen p\u00e5 hela 328 procent.\u00a0<\/p>\n<p>Priserna forts\u00e4tter \u00f6ka<\/p>\n<p>AI-f\u00f6retagen forts\u00e4tter samtidigt v\u00e4xa, och deras behov av minne l\u00e4r d\u00e4rmed forts\u00e4tta \u00f6ka.\u00a0<\/p>\n<p>\u2013 Forts\u00e4tter minneskrisen kan de \u00f6kade kostnaderna beh\u00f6va f\u00f6ras \u00f6ver p\u00e5 konsumenterna, antingen genom h\u00f6gre priser eller mindre minneskapacitet f\u00f6r samma pris, s\u00e4ger Isabella Ahmadi.<\/p>\n<p>Telefoner, surfplattor, b\u00e4rbara datorer och \u00e4ven SSD-diskar \u00e4r exempel p\u00e5 produkter som kan komma att bli dyrare fram\u00f6ver.\u00a0<\/p>\n<p>En analytiker p\u00e5 IDC s\u00e4ger till CNN att det blir n\u00e4rmast om\u00f6jligt f\u00f6r telefontillverkarna att inte h\u00f6ja priserna.<\/p>\n<p>Flera analytiker tror att pris\u00f6kningen kommer att forts\u00e4tta en bit in p\u00e5 n\u00e4sta \u00e5r.\u00a0<\/p>\n","protected":false},"excerpt":{"rendered":"Publicerad 11 dec 2025 kl 18.43 Priserna p\u00e5 ram-minne har skjutit i h\u00f6jden, n\u00e5got som snart kan spilla&hellip;\n","protected":false},"author":2,"featured_media":103115,"comment_status":"","ping_status":"","sticky":false,"template":"","format":"standard","meta":{"footnotes":""},"categories":[65],"tags":[72,70,71,6566,34,61,31,33,32,30,63],"class_list":{"0":"post-103114","1":"post","2":"type-post","3":"status-publish","4":"format-standard","5":"has-post-thumbnail","7":"category-ekonomi","8":"tag-business","9":"tag-economy","10":"tag-ekonomi","11":"tag-organization-prisjakt","12":"tag-se","13":"tag-sections-tech","14":"tag-svenska","15":"tag-sverige","16":"tag-sweden","17":"tag-swedish","18":"tag-topic-teknik-elektronik"},"share_on_mastodon":{"url":"https:\/\/pubeurope.com\/@se\/115702247135369680","error":""},"_links":{"self":[{"href":"https:\/\/www.europesays.com\/se\/wp-json\/wp\/v2\/posts\/103114","targetHints":{"allow":["GET"]}}],"collection":[{"href":"https:\/\/www.europesays.com\/se\/wp-json\/wp\/v2\/posts"}],"about":[{"href":"https:\/\/www.europesays.com\/se\/wp-json\/wp\/v2\/types\/post"}],"author":[{"embeddable":true,"href":"https:\/\/www.europesays.com\/se\/wp-json\/wp\/v2\/users\/2"}],"replies":[{"embeddable":true,"href":"https:\/\/www.europesays.com\/se\/wp-json\/wp\/v2\/comments?post=103114"}],"version-history":[{"count":0,"href":"https:\/\/www.europesays.com\/se\/wp-json\/wp\/v2\/posts\/103114\/revisions"}],"wp:featuredmedia":[{"embeddable":true,"href":"https:\/\/www.europesays.com\/se\/wp-json\/wp\/v2\/media\/103115"}],"wp:attachment":[{"href":"https:\/\/www.europesays.com\/se\/wp-json\/wp\/v2\/media?parent=103114"}],"wp:term":[{"taxonomy":"category","embeddable":true,"href":"https:\/\/www.europesays.com\/se\/wp-json\/wp\/v2\/categories?post=103114"},{"taxonomy":"post_tag","embeddable":true,"href":"https:\/\/www.europesays.com\/se\/wp-json\/wp\/v2\/tags?post=103114"}],"curies":[{"name":"wp","href":"https:\/\/api.w.org\/{rel}","templated":true}]}}